{"id":10363,"date":"2022-06-20T09:51:01","date_gmt":"2022-06-20T07:51:01","guid":{"rendered":"https:\/\/agora.xtec.cat\/ceip-falba\/?p=10363"},"modified":"2023-02-24T22:45:30","modified_gmt":"2023-02-24T21:45:30","slug":"i-tu-quins-albums-illustrats-tagraden","status":"publish","type":"post","link":"https:\/\/agora.xtec.cat\/ceip-falba\/portada\/i-tu-quins-albums-illustrats-tagraden\/","title":{"rendered":"I a tu, quins \u00e0lbums il\u00b7lustrats t&#8217;agraden?"},"content":{"rendered":"<p>Tenim molta il\u00b7lusi\u00f3 de presentar-vos el nou programa d&#8217;\u00e0lbums il\u00b7lustrats &#8220;Teixint hist\u00f2ries&#8221;, un projecte que promou el gust per la lectura a l&#8217;escola. En aquest programa, molt semblant en estructura al Font TV de 6\u00e8 per\u00f2 amb diferent contingut, volem fixar-nos en diferents aspectes de la lectura i fer-nos preguntes de com s\u00f3n els llibres que llegim.<\/p>\n<p>Per aix\u00f2 ens hem enfocat a cada secci\u00f3 del programa en un aspecte diferent: el text, les il\u00b7lustracions, la lectura en veu alta, hem llegit un llibre en angl\u00e8s, hem convidat a dos petits lectors de l&#8217;escola&#8230; En fi, un programa ple de lectura i bon contingut. Est\u00e0 pensat per fer un treball d&#8217;aprofundiment i dial\u00e8ctica en el debat literari i, per altra banda, a extreure&#8217;n les lli\u00e7ons de la vida que molts llibres ens porten com a regal dins les hist\u00f2ries que ens expliquen.<\/p>\n<p>Per acabar, volem agrair a dues persones que han aportat a aquest projecte. Gr\u00e0cies al Dani V. especialista d&#8217;angl\u00e8s per la revisi\u00f3 de la secci\u00f3 en angl\u00e8s i a la L\u00eddia Cuadra, mentora i formadora en el gust per la lectura, per assessorar i revisar el gui\u00f3 del programa.<\/p>\n<p>Esperem que us agradi i tamb\u00e9 ens expliqueu quins s\u00f3n els vostres llibres preferits!<\/p>\n<p>&nbsp;<\/p>\n<p style=\"text-align: center;\"><iframe loading=\"lazy\" src=\"\/\/www.youtube.com\/embed\/yc-Gj9NgXtk\" width=\"560\" height=\"314\" allowfullscreen=\"allowfullscreen\"><\/iframe><\/p>\n","protected":false},"excerpt":{"rendered":"<p>Tenim molta il\u00b7lusi\u00f3 de presentar-vos el nou programa d&#8217;\u00e0lbums il\u00b7lustrats &#8220;Teixint hist\u00f2ries&#8221;, un projecte que promou el gust per la lectura a l&#8217;escola.&hellip;  <a href=\"https:\/\/agora.xtec.cat\/ceip-falba\/portada\/i-tu-quins-albums-illustrats-tagraden\/\" title=\"Read I a tu, quins \u00e0lbums il\u00b7lustrats t&#8217;agraden?\">Llegeix m\u00e9s\u00bb<\/a><\/p>\n","protected":false},"author":92,"featured_media":10364,"comment_status":"closed","ping_status":"closed","sticky":false,"template":"","format":"standard","meta":{"_bbp_topic_count":0,"_bbp_reply_count":0,"_bbp_total_topic_count":0,"_bbp_total_reply_count":0,"_bbp_voice_count":0,"_bbp_anonymous_reply_count":0,"_bbp_topic_count_hidden":0,"_bbp_reply_count_hidden":0,"_bbp_forum_subforum_count":0,"footnotes":""},"categories":[14,388,26,360,4,5],"tags":[],"class_list":["post-10363","post","type-post","status-publish","format-standard","has-post-thumbnail","hentry","category-5e","category-curs-2021-2022","category-fonttv","category-llegim","category-portada","category-primaria"],"post_mailing_queue_ids":[],"_links":{"self":[{"href":"https:\/\/agora.xtec.cat\/ceip-falba\/wp-json\/wp\/v2\/posts\/10363","targetHints":{"allow":["GET"]}}],"collection":[{"href":"https:\/\/agora.xtec.cat\/ceip-falba\/wp-json\/wp\/v2\/posts"}],"about":[{"href":"https:\/\/agora.xtec.cat\/ceip-falba\/wp-json\/wp\/v2\/types\/post"}],"author":[{"embeddable":true,"href":"https:\/\/agora.xtec.cat\/ceip-falba\/wp-json\/wp\/v2\/users\/92"}],"replies":[{"embeddable":true,"href":"https:\/\/agora.xtec.cat\/ceip-falba\/wp-json\/wp\/v2\/comments?post=10363"}],"version-history":[{"count":2,"href":"https:\/\/agora.xtec.cat\/ceip-falba\/wp-json\/wp\/v2\/posts\/10363\/revisions"}],"predecessor-version":[{"id":11122,"href":"https:\/\/agora.xtec.cat\/ceip-falba\/wp-json\/wp\/v2\/posts\/10363\/revisions\/11122"}],"wp:featuredmedia":[{"embeddable":true,"href":"https:\/\/agora.xtec.cat\/ceip-falba\/wp-json\/wp\/v2\/media\/10364"}],"wp:attachment":[{"href":"https:\/\/agora.xtec.cat\/ceip-falba\/wp-json\/wp\/v2\/media?parent=10363"}],"wp:term":[{"taxonomy":"category","embeddable":true,"href":"https:\/\/agora.xtec.cat\/ceip-falba\/wp-json\/wp\/v2\/categories?post=10363"},{"taxonomy":"post_tag","embeddable":true,"href":"https:\/\/agora.xtec.cat\/ceip-falba\/wp-json\/wp\/v2\/tags?post=10363"}],"curies":[{"name":"wp","href":"https:\/\/api.w.org\/{rel}","templated":true}]}}