{"id":1035,"date":"2016-05-05T12:10:54","date_gmt":"2016-05-05T11:10:54","guid":{"rendered":"http:\/\/agora.xtec.cat\/ceip-falba\/?p=1035"},"modified":"2016-05-05T13:57:17","modified_gmt":"2016-05-05T12:57:17","slug":"mercat-2n-ci","status":"publish","type":"post","link":"https:\/\/agora.xtec.cat\/ceip-falba\/portada\/mercat-2n-ci\/","title":{"rendered":"Mercat 2n (CI)"},"content":{"rendered":"<p>Ahir, els nens i nenes de 2n vam visitar el Mercat del Triomf, on vam poder gaudir de les paradetes d&#8217;aliments. Vam gaudir molt\u00edssim i ens ho vam passar d&#8217;all\u00f2 m\u00e9s b\u00e9 descobrint un dels mercats de la nostra ciutat.<\/p>\n<p>Per veure les fotografies fes clic en aquest enlla\u00e7: <a href=\"https:\/\/goo.gl\/photos\/1gGKniA3soKx91C76\">MERCAT<\/a><\/p>\n","protected":false},"excerpt":{"rendered":"<p>Ahir, els nens i nenes de 2n vam visitar el Mercat del Triomf, on vam poder gaudir de les paradetes d&#8217;aliments. Vam gaudir molt\u00edssim i ens ho vam passar d&#8217;all\u00f2 m\u00e9s b\u00e9 descobrint un dels mercats de la nostra ciutat.<br \/>\nPer veure les fotografies fes clic&hellip;  <a href=\"https:\/\/agora.xtec.cat\/ceip-falba\/portada\/mercat-2n-ci\/\" title=\"Read Mercat 2n (CI)\">Llegeix m\u00e9s\u00bb<\/a><\/p>\n","protected":false},"author":1,"featured_media":1038,"comment_status":"closed","ping_status":"closed","sticky":false,"template":"","format":"standard","meta":{"_bbp_topic_count":0,"_bbp_reply_count":0,"_bbp_total_topic_count":0,"_bbp_total_reply_count":0,"_bbp_voice_count":0,"_bbp_anonymous_reply_count":0,"_bbp_topic_count_hidden":0,"_bbp_reply_count_hidden":0,"_bbp_forum_subforum_count":0,"footnotes":""},"categories":[11,4],"tags":[],"class_list":["post-1035","post","type-post","status-publish","format-standard","has-post-thumbnail","hentry","category-2n","category-portada"],"post_mailing_queue_ids":[],"_links":{"self":[{"href":"https:\/\/agora.xtec.cat\/ceip-falba\/wp-json\/wp\/v2\/posts\/1035","targetHints":{"allow":["GET"]}}],"collection":[{"href":"https:\/\/agora.xtec.cat\/ceip-falba\/wp-json\/wp\/v2\/posts"}],"about":[{"href":"https:\/\/agora.xtec.cat\/ceip-falba\/wp-json\/wp\/v2\/types\/post"}],"author":[{"embeddable":true,"href":"https:\/\/agora.xtec.cat\/ceip-falba\/wp-json\/wp\/v2\/users\/1"}],"replies":[{"embeddable":true,"href":"https:\/\/agora.xtec.cat\/ceip-falba\/wp-json\/wp\/v2\/comments?post=1035"}],"version-history":[{"count":2,"href":"https:\/\/agora.xtec.cat\/ceip-falba\/wp-json\/wp\/v2\/posts\/1035\/revisions"}],"predecessor-version":[{"id":1037,"href":"https:\/\/agora.xtec.cat\/ceip-falba\/wp-json\/wp\/v2\/posts\/1035\/revisions\/1037"}],"wp:featuredmedia":[{"embeddable":true,"href":"https:\/\/agora.xtec.cat\/ceip-falba\/wp-json\/wp\/v2\/media\/1038"}],"wp:attachment":[{"href":"https:\/\/agora.xtec.cat\/ceip-falba\/wp-json\/wp\/v2\/media?parent=1035"}],"wp:term":[{"taxonomy":"category","embeddable":true,"href":"https:\/\/agora.xtec.cat\/ceip-falba\/wp-json\/wp\/v2\/categories?post=1035"},{"taxonomy":"post_tag","embeddable":true,"href":"https:\/\/agora.xtec.cat\/ceip-falba\/wp-json\/wp\/v2\/tags?post=1035"}],"curies":[{"name":"wp","href":"https:\/\/api.w.org\/{rel}","templated":true}]}}