{"id":10347,"date":"2022-06-10T10:51:57","date_gmt":"2022-06-10T08:51:57","guid":{"rendered":"https:\/\/agora.xtec.cat\/ceip-falba\/?p=10347"},"modified":"2022-06-20T16:21:31","modified_gmt":"2022-06-20T14:21:31","slug":"concert-dukelele","status":"publish","type":"post","link":"https:\/\/agora.xtec.cat\/ceip-falba\/portada\/concert-dukelele\/","title":{"rendered":"Voleu veure el concert?"},"content":{"rendered":"<div>\n<div>\n<p>Fam\u00edlies!<\/p>\n<p>Estem molt contents d&#8217;arribar a un final de curs amb els deures fets: Tenim el plaer de mostrar-vos el concert d&#8217;ukelele i que gaudiu amb nosaltres del treball que hem fet durant aquest curs amb aquest instrument que ens apassiona. El repertori s\u00f3n dos can\u00e7ons: &#8220;De ellos aprend\u00ed&#8221; i &#8220;When I&#8217;m gone&#8221;. Vam fer aquest concert amb altres escoles de Terrassa.<\/p>\n<p>L&#8217;ukelele \u00e9s un projecte de la nostra escola que fem conjuntament amb el Conservatori Municipal de Terrassa i a l&#8217;aula de m\u00fasica. Fer \u00fas d&#8217;aquesta disciplina musical ens ajuda a acompanyar can\u00e7ons que ens agraden i ens motiven, a part de treballar moltes coses m\u00e9s!<\/p>\n<p>Si voleu saber m\u00e9s cliqueu a l&#8217;enlla\u00e7: https:\/\/www.youtube.com\/watch?v=yrijDnNWq30. Aqu\u00ed trobareu m\u00e9s detalls de com s\u00f3n les nostres classes d&#8217;ukelele!<\/p>\n<\/div>\n<\/div>\n<div><\/div>\n<div style=\"text-align: center;\"><iframe loading=\"lazy\" src=\"\/\/www.youtube.com\/embed\/XnGz0ULT2Xw\" width=\"560\" height=\"314\" allowfullscreen=\"allowfullscreen\"><\/iframe><\/div>\n","protected":false},"excerpt":{"rendered":"<p>Tenim el plaer de mostrar-vos el concert d&#8217;ukelele i que gaudiu amb nosaltres del treball que hem fet durant aquest curs.&hellip;  <a href=\"https:\/\/agora.xtec.cat\/ceip-falba\/portada\/concert-dukelele\/\" title=\"Read Voleu veure el concert?\">Llegeix m\u00e9s\u00bb<\/a><\/p>\n","protected":false},"author":92,"featured_media":10348,"comment_status":"closed","ping_status":"closed","sticky":false,"template":"","format":"standard","meta":{"_bbp_topic_count":0,"_bbp_reply_count":0,"_bbp_total_topic_count":0,"_bbp_total_reply_count":0,"_bbp_voice_count":0,"_bbp_anonymous_reply_count":0,"_bbp_topic_count_hidden":0,"_bbp_reply_count_hidden":0,"_bbp_forum_subforum_count":0,"footnotes":""},"categories":[15,388,34,4],"tags":[],"class_list":["post-10347","post","type-post","status-publish","format-standard","has-post-thumbnail","hentry","category-6e","category-curs-2021-2022","category-musica","category-portada"],"post_mailing_queue_ids":[],"_links":{"self":[{"href":"https:\/\/agora.xtec.cat\/ceip-falba\/wp-json\/wp\/v2\/posts\/10347","targetHints":{"allow":["GET"]}}],"collection":[{"href":"https:\/\/agora.xtec.cat\/ceip-falba\/wp-json\/wp\/v2\/posts"}],"about":[{"href":"https:\/\/agora.xtec.cat\/ceip-falba\/wp-json\/wp\/v2\/types\/post"}],"author":[{"embeddable":true,"href":"https:\/\/agora.xtec.cat\/ceip-falba\/wp-json\/wp\/v2\/users\/92"}],"replies":[{"embeddable":true,"href":"https:\/\/agora.xtec.cat\/ceip-falba\/wp-json\/wp\/v2\/comments?post=10347"}],"version-history":[{"count":3,"href":"https:\/\/agora.xtec.cat\/ceip-falba\/wp-json\/wp\/v2\/posts\/10347\/revisions"}],"predecessor-version":[{"id":10351,"href":"https:\/\/agora.xtec.cat\/ceip-falba\/wp-json\/wp\/v2\/posts\/10347\/revisions\/10351"}],"wp:featuredmedia":[{"embeddable":true,"href":"https:\/\/agora.xtec.cat\/ceip-falba\/wp-json\/wp\/v2\/media\/10348"}],"wp:attachment":[{"href":"https:\/\/agora.xtec.cat\/ceip-falba\/wp-json\/wp\/v2\/media?parent=10347"}],"wp:term":[{"taxonomy":"category","embeddable":true,"href":"https:\/\/agora.xtec.cat\/ceip-falba\/wp-json\/wp\/v2\/categories?post=10347"},{"taxonomy":"post_tag","embeddable":true,"href":"https:\/\/agora.xtec.cat\/ceip-falba\/wp-json\/wp\/v2\/tags?post=10347"}],"curies":[{"name":"wp","href":"https:\/\/api.w.org\/{rel}","templated":true}]}}