{"id":10305,"date":"2022-05-24T22:59:14","date_gmt":"2022-05-24T20:59:14","guid":{"rendered":"https:\/\/agora.xtec.cat\/ceip-falba\/?p=10305"},"modified":"2023-12-02T12:11:16","modified_gmt":"2023-12-02T11:11:16","slug":"alumnes-de-5e-participen-a-un-forum-dalimentacio-a-terrassa","status":"publish","type":"post","link":"https:\/\/agora.xtec.cat\/ceip-falba\/general\/alumnes-de-5e-participen-a-un-forum-dalimentacio-a-terrassa\/","title":{"rendered":"Alumnes de 5\u00e8 participen a un f\u00f2rum d&#8217;alimentaci\u00f3 a Terrassa"},"content":{"rendered":"<p>Ara fa una setmana, els ecoledegats\/es i els delegats\/es de les 3 classes de 5\u00e8, dintre el context que estan treballant de la sostenibilitat, van poder participar al F\u00f2rum d\u2019Alimentaci\u00f3 Saludable i Sostenible organitzat per la XEST (Xarxa d&#8217;Escoles Sostenibles de Terrassa). Enguany, s\u2019ha celebrat al centre C\u00edvic Montserrat Roig de la crta. Barcelona.<br \/>\nVa ser molt interessant i els\/les alumnes van poder con\u00e8ixer i aprofundir la feina en els projectes d\u2019altres escoles.<\/p>\n<p><a href=\"https:\/\/photos.app.goo.gl\/r2t34HxAYQrY8vWJA\"><img loading=\"lazy\" decoding=\"async\" class=\"size-medium wp-image-10306 aligncenter\" src=\"https:\/\/agora.xtec.cat\/ceip-falba\/wp-content\/uploads\/usu658\/2022\/05\/F3CB07DD-AA4A-4D5B-86BA-8711CCC46560-225x300.jpeg\" alt=\"\" width=\"225\" height=\"300\" srcset=\"https:\/\/agora.xtec.cat\/ceip-falba\/wp-content\/uploads\/usu658\/2022\/05\/F3CB07DD-AA4A-4D5B-86BA-8711CCC46560-225x300.jpeg 225w, https:\/\/agora.xtec.cat\/ceip-falba\/wp-content\/uploads\/usu658\/2022\/05\/F3CB07DD-AA4A-4D5B-86BA-8711CCC46560-768x1024.jpeg 768w, https:\/\/agora.xtec.cat\/ceip-falba\/wp-content\/uploads\/usu658\/2022\/05\/F3CB07DD-AA4A-4D5B-86BA-8711CCC46560-1152x1536.jpeg 1152w, https:\/\/agora.xtec.cat\/ceip-falba\/wp-content\/uploads\/usu658\/2022\/05\/F3CB07DD-AA4A-4D5B-86BA-8711CCC46560.jpeg 1200w\" sizes=\"auto, (max-width: 225px) 100vw, 225px\" \/><\/a><\/p>\n<p>Cliqueu a la foto per veure m\u00e9s fotografies.<\/p>\n","protected":false},"excerpt":{"rendered":"<p>Ara fa una setmana, els ecoledegats\/es i els delegats\/es de les 3 classes de 5\u00e8, dintre el context que estan treballant de la sostenibilitat, van poder participar al F\u00f2rum d\u2019Alimentaci\u00f3 Saludable i Sostenible organitzat per la XEST (Xarxa d&#8217;Escoles Sostenibles de Terrassa). Enguany, s\u2019ha celebrat&hellip;  <a href=\"https:\/\/agora.xtec.cat\/ceip-falba\/general\/alumnes-de-5e-participen-a-un-forum-dalimentacio-a-terrassa\/\" title=\"Read Alumnes de 5\u00e8 participen a un f\u00f2rum d&#8217;alimentaci\u00f3 a Terrassa\">Llegeix m\u00e9s\u00bb<\/a><\/p>\n","protected":false},"author":1,"featured_media":0,"comment_status":"closed","ping_status":"closed","sticky":false,"template":"","format":"standard","meta":{"_bbp_topic_count":0,"_bbp_reply_count":0,"_bbp_total_topic_count":0,"_bbp_total_reply_count":0,"_bbp_voice_count":0,"_bbp_anonymous_reply_count":0,"_bbp_topic_count_hidden":0,"_bbp_reply_count_hidden":0,"_bbp_forum_subforum_count":0,"footnotes":""},"categories":[453,388,1,4,272],"tags":[257,179,431,430],"class_list":["post-10305","post","type-post","status-publish","format-standard","hentry","category-contextos-daprenentatge","category-curs-2021-2022","category-general","category-portada","category-sostenibilitat-planeta","tag-5e","tag-primaria","tag-sostenibilitat","tag-xest"],"post_mailing_queue_ids":[],"_links":{"self":[{"href":"https:\/\/agora.xtec.cat\/ceip-falba\/wp-json\/wp\/v2\/posts\/10305","targetHints":{"allow":["GET"]}}],"collection":[{"href":"https:\/\/agora.xtec.cat\/ceip-falba\/wp-json\/wp\/v2\/posts"}],"about":[{"href":"https:\/\/agora.xtec.cat\/ceip-falba\/wp-json\/wp\/v2\/types\/post"}],"author":[{"embeddable":true,"href":"https:\/\/agora.xtec.cat\/ceip-falba\/wp-json\/wp\/v2\/users\/1"}],"replies":[{"embeddable":true,"href":"https:\/\/agora.xtec.cat\/ceip-falba\/wp-json\/wp\/v2\/comments?post=10305"}],"version-history":[{"count":2,"href":"https:\/\/agora.xtec.cat\/ceip-falba\/wp-json\/wp\/v2\/posts\/10305\/revisions"}],"predecessor-version":[{"id":11876,"href":"https:\/\/agora.xtec.cat\/ceip-falba\/wp-json\/wp\/v2\/posts\/10305\/revisions\/11876"}],"wp:attachment":[{"href":"https:\/\/agora.xtec.cat\/ceip-falba\/wp-json\/wp\/v2\/media?parent=10305"}],"wp:term":[{"taxonomy":"category","embeddable":true,"href":"https:\/\/agora.xtec.cat\/ceip-falba\/wp-json\/wp\/v2\/categories?post=10305"},{"taxonomy":"post_tag","embeddable":true,"href":"https:\/\/agora.xtec.cat\/ceip-falba\/wp-json\/wp\/v2\/tags?post=10305"}],"curies":[{"name":"wp","href":"https:\/\/api.w.org\/{rel}","templated":true}]}}