{"id":10293,"date":"2022-05-20T18:13:14","date_gmt":"2022-05-20T16:13:14","guid":{"rendered":"https:\/\/agora.xtec.cat\/ceip-falba\/?p=10293"},"modified":"2022-05-20T18:13:14","modified_gmt":"2022-05-20T16:13:14","slug":"dia-mundial-de-la-diversitat-cultural","status":"publish","type":"post","link":"https:\/\/agora.xtec.cat\/ceip-falba\/general\/dia-mundial-de-la-diversitat-cultural\/","title":{"rendered":"Dia Mundial de la Diversitat Cultural"},"content":{"rendered":"<p>Gr\u00e0cies a la col\u00b7laboraci\u00f3 d&#8217;algunes fam\u00edlies avui hem celebrat el Dia Mundial de la Diversitat Cultural. Durant aquest gran dia hem organitzat tallers de manualitats, henna, dansa, contes i jocs preparats per les fam\u00edlies de cultura catalana, gitana, argentina, colombiana, paraguaiana, mexicana, equatoriana i dominicana. L&#8217;alumnat ha gaudit i ha conegut moltes cultures diverses.<\/p>\n<p>Un cop m\u00e9s, volem donar las gr\u00e0cies a les fam\u00edlies col\u00b7laboradores que han fet possible aquests tallers. Gr\u00e0cies a elles, hem tingut el plaer de poder apropar-nos i con\u00e8ixer la seva cultura.<\/p>\n<p>Si voleu visualitzar aquest gran dia, cliqueu a la imatge.<\/p>\n<p><a href=\"https:\/\/photos.app.goo.gl\/P3iMvj1m6KB315oq8\"><img loading=\"lazy\" decoding=\"async\" class=\"aligncenter  wp-image-10295\" src=\"https:\/\/agora.xtec.cat\/ceip-falba\/wp-content\/uploads\/usu658\/2022\/05\/21-de-maig-dia-mundial-de-la-diversitat2.jpg\" alt=\"\" width=\"191\" height=\"202\" srcset=\"https:\/\/agora.xtec.cat\/ceip-falba\/wp-content\/uploads\/usu658\/2022\/05\/21-de-maig-dia-mundial-de-la-diversitat2.jpg 444w, https:\/\/agora.xtec.cat\/ceip-falba\/wp-content\/uploads\/usu658\/2022\/05\/21-de-maig-dia-mundial-de-la-diversitat2-283x300.jpg 283w\" sizes=\"auto, (max-width: 191px) 100vw, 191px\" \/><\/a><\/p>\n<p>&nbsp;<\/p>\n","protected":false},"excerpt":{"rendered":"<p>Gr\u00e0cies a la col\u00b7laboraci\u00f3 d&#8217;algunes fam\u00edlies avui hem celebrat el Dia Mundial de la Diversitat Cultural. Durant aquest gran dia hem organitzat tallers de manualitats, henna, dansa, contes i jocs preparats per les fam\u00edlies de cultura catalana, gitana, argentina, colombiana, paraguaiana, mexicana, equatoriana i dominicana.&hellip;  <a href=\"https:\/\/agora.xtec.cat\/ceip-falba\/general\/dia-mundial-de-la-diversitat-cultural\/\" title=\"Read Dia Mundial de la Diversitat Cultural\">Llegeix m\u00e9s\u00bb<\/a><\/p>\n","protected":false},"author":1,"featured_media":10295,"comment_status":"closed","ping_status":"closed","sticky":false,"template":"","format":"standard","meta":{"_bbp_topic_count":0,"_bbp_reply_count":0,"_bbp_total_topic_count":0,"_bbp_total_reply_count":0,"_bbp_voice_count":0,"_bbp_anonymous_reply_count":0,"_bbp_topic_count_hidden":0,"_bbp_reply_count_hidden":0,"_bbp_forum_subforum_count":0,"footnotes":""},"categories":[428,388,429,1,4],"tags":[],"class_list":["post-10293","post","type-post","status-publish","format-standard","has-post-thumbnail","hentry","category-comissio-lic","category-curs-2021-2022","category-dia-mundial-de-la-diversitat-cultural","category-general","category-portada"],"post_mailing_queue_ids":[],"_links":{"self":[{"href":"https:\/\/agora.xtec.cat\/ceip-falba\/wp-json\/wp\/v2\/posts\/10293","targetHints":{"allow":["GET"]}}],"collection":[{"href":"https:\/\/agora.xtec.cat\/ceip-falba\/wp-json\/wp\/v2\/posts"}],"about":[{"href":"https:\/\/agora.xtec.cat\/ceip-falba\/wp-json\/wp\/v2\/types\/post"}],"author":[{"embeddable":true,"href":"https:\/\/agora.xtec.cat\/ceip-falba\/wp-json\/wp\/v2\/users\/1"}],"replies":[{"embeddable":true,"href":"https:\/\/agora.xtec.cat\/ceip-falba\/wp-json\/wp\/v2\/comments?post=10293"}],"version-history":[{"count":3,"href":"https:\/\/agora.xtec.cat\/ceip-falba\/wp-json\/wp\/v2\/posts\/10293\/revisions"}],"predecessor-version":[{"id":10298,"href":"https:\/\/agora.xtec.cat\/ceip-falba\/wp-json\/wp\/v2\/posts\/10293\/revisions\/10298"}],"wp:featuredmedia":[{"embeddable":true,"href":"https:\/\/agora.xtec.cat\/ceip-falba\/wp-json\/wp\/v2\/media\/10295"}],"wp:attachment":[{"href":"https:\/\/agora.xtec.cat\/ceip-falba\/wp-json\/wp\/v2\/media?parent=10293"}],"wp:term":[{"taxonomy":"category","embeddable":true,"href":"https:\/\/agora.xtec.cat\/ceip-falba\/wp-json\/wp\/v2\/categories?post=10293"},{"taxonomy":"post_tag","embeddable":true,"href":"https:\/\/agora.xtec.cat\/ceip-falba\/wp-json\/wp\/v2\/tags?post=10293"}],"curies":[{"name":"wp","href":"https:\/\/api.w.org\/{rel}","templated":true}]}}