{"id":10252,"date":"2022-05-10T12:45:22","date_gmt":"2022-05-10T10:45:22","guid":{"rendered":"https:\/\/agora.xtec.cat\/ceip-falba\/?p=10252"},"modified":"2022-05-10T12:45:49","modified_gmt":"2022-05-10T10:45:49","slug":"ens-apropem-al-mon-audiovisual","status":"publish","type":"post","link":"https:\/\/agora.xtec.cat\/ceip-falba\/portada\/ens-apropem-al-mon-audiovisual\/","title":{"rendered":"Ens apropem al m\u00f3n audiovisual"},"content":{"rendered":"<p>Hola!\u00a0Us deixem un programa pl\u00e8 d&#8217;hist\u00f2ries, recomanacions i diversi\u00f3 per tal que podeu gaudir amb nosaltres d&#8217;un treball que hem dut a terme, posant \u00e8mfasi al m\u00f3n audiovisual. Estem treballant amb les c\u00e0meres, micr\u00f2fons, prompter&#8230; i molts altres recursos de l\u00a1\u00e0mbit digital que ens agrada i motiva molt. A m\u00e9s, hem treballat amb la metodologia del programa de Font TV que farem a 6\u00e8. Un dels punts m\u00e9s importants \u00e9s ser conscients de com escrivim i com ens expressem en veu alta. Per aix\u00f2, l&#8217;autoavaluaci\u00f3 \u00e9s una e\u00efna que utilitzem i ens ajuda a veure quins s\u00f3n els nostres punts forts i febles en la redacci\u00f3 del gui\u00f3 i la coavaluaci\u00f3 per tenir el &#8220;feedback&#8221; dels nostres companys a l&#8217;hora de parlar davant una c\u00e0mera. Tot el proc\u00e9s d&#8217;ensenyament-aprenentatge ens ajuda a millorar de forma global la llengua. Si voleu saber el resultat, mireu el nostre v\u00eddeo! Esperem que us agradi \ud83d\ude42<\/p>\n<p>&nbsp;<\/p>\n<p style=\"text-align: center;\"><iframe loading=\"lazy\" src=\"\/\/www.youtube.com\/embed\/th1BaT1y40w\" width=\"560\" height=\"314\" allowfullscreen=\"allowfullscreen\"><\/iframe><\/p>\n","protected":false},"excerpt":{"rendered":"<p>Us deixem un programa pl\u00e8 d&#8217;hist\u00f2ries, recomanacions i diversi\u00f3 per tal que podeu gaudir amb nosaltres d&#8217;un treball que hem dut a terme, posant \u00e8mfasi al m\u00f3n audiovisual.&hellip;  <a href=\"https:\/\/agora.xtec.cat\/ceip-falba\/portada\/ens-apropem-al-mon-audiovisual\/\" title=\"Read Ens apropem al m\u00f3n audiovisual\">Llegeix m\u00e9s\u00bb<\/a><\/p>\n","protected":false},"author":92,"featured_media":10253,"comment_status":"closed","ping_status":"closed","sticky":false,"template":"","format":"standard","meta":{"_bbp_topic_count":0,"_bbp_reply_count":0,"_bbp_total_topic_count":0,"_bbp_total_reply_count":0,"_bbp_voice_count":0,"_bbp_anonymous_reply_count":0,"_bbp_topic_count_hidden":0,"_bbp_reply_count_hidden":0,"_bbp_forum_subforum_count":0,"footnotes":""},"categories":[14,388,26,4,25],"tags":[],"class_list":["post-10252","post","type-post","status-publish","format-standard","has-post-thumbnail","hentry","category-5e","category-curs-2021-2022","category-fonttv","category-portada","category-projectesescola"],"post_mailing_queue_ids":[],"_links":{"self":[{"href":"https:\/\/agora.xtec.cat\/ceip-falba\/wp-json\/wp\/v2\/posts\/10252","targetHints":{"allow":["GET"]}}],"collection":[{"href":"https:\/\/agora.xtec.cat\/ceip-falba\/wp-json\/wp\/v2\/posts"}],"about":[{"href":"https:\/\/agora.xtec.cat\/ceip-falba\/wp-json\/wp\/v2\/types\/post"}],"author":[{"embeddable":true,"href":"https:\/\/agora.xtec.cat\/ceip-falba\/wp-json\/wp\/v2\/users\/92"}],"replies":[{"embeddable":true,"href":"https:\/\/agora.xtec.cat\/ceip-falba\/wp-json\/wp\/v2\/comments?post=10252"}],"version-history":[{"count":2,"href":"https:\/\/agora.xtec.cat\/ceip-falba\/wp-json\/wp\/v2\/posts\/10252\/revisions"}],"predecessor-version":[{"id":10255,"href":"https:\/\/agora.xtec.cat\/ceip-falba\/wp-json\/wp\/v2\/posts\/10252\/revisions\/10255"}],"wp:featuredmedia":[{"embeddable":true,"href":"https:\/\/agora.xtec.cat\/ceip-falba\/wp-json\/wp\/v2\/media\/10253"}],"wp:attachment":[{"href":"https:\/\/agora.xtec.cat\/ceip-falba\/wp-json\/wp\/v2\/media?parent=10252"}],"wp:term":[{"taxonomy":"category","embeddable":true,"href":"https:\/\/agora.xtec.cat\/ceip-falba\/wp-json\/wp\/v2\/categories?post=10252"},{"taxonomy":"post_tag","embeddable":true,"href":"https:\/\/agora.xtec.cat\/ceip-falba\/wp-json\/wp\/v2\/tags?post=10252"}],"curies":[{"name":"wp","href":"https:\/\/api.w.org\/{rel}","templated":true}]}}