{"id":10224,"date":"2022-04-27T12:22:38","date_gmt":"2022-04-27T10:22:38","guid":{"rendered":"https:\/\/agora.xtec.cat\/ceip-falba\/?p=10224"},"modified":"2023-02-24T23:30:38","modified_gmt":"2023-02-24T22:30:38","slug":"cosmocaixa-p5","status":"publish","type":"post","link":"https:\/\/agora.xtec.cat\/ceip-falba\/infantil\/cosmocaixa-p5\/","title":{"rendered":"Cosmocaixa P5"},"content":{"rendered":"<p>Els nens i nenes de la classe dels pl\u00e0tans hem anat al Cosmocaixa de Barcelona i hem fet un taller sobre qu\u00e8 han de fer els peixos perqu\u00e8 no se&#8217;ls mengin altres peixos i com protegir-se si es senten amena\u00e7ats. Ha estat molt interessant i hem apr\u00e8s molt\u00edssim. Despr\u00e9s hem fet una visita pel Bosc Inundat i hem descobert tamb\u00e9 el so de diferents ocells. Ens ha encantat poder descobrir un museu dedicat a la ci\u00e8ncia i poder experimentar.<\/p>\n<p>Aqu\u00ed teniu unes imatges del dia:<\/p>\n<p><a href=\"https:\/\/photos.app.goo.gl\/Yq4Vns8EqWPkreUn7\">Cliqueu aqu\u00ed per veure les fotos<\/a><\/p>\n<p>&nbsp;<\/p>\n","protected":false},"excerpt":{"rendered":"<p>Els nens i nenes de la classe dels pl\u00e0tans hem anat al Cosmocaixa de Barcelona i hem fet un taller sobre qu\u00e8 han de fer els peixos perqu\u00e8 no se&#8217;ls mengin altres peixos i com protegir-se si es senten amena\u00e7ats. Ha estat molt interessant i&hellip;  <a href=\"https:\/\/agora.xtec.cat\/ceip-falba\/infantil\/cosmocaixa-p5\/\" title=\"Read Cosmocaixa P5\">Llegeix m\u00e9s\u00bb<\/a><\/p>\n","protected":false},"author":13,"featured_media":10226,"comment_status":"closed","ping_status":"closed","sticky":false,"template":"","format":"standard","meta":{"_bbp_topic_count":0,"_bbp_reply_count":0,"_bbp_total_topic_count":0,"_bbp_total_reply_count":0,"_bbp_voice_count":0,"_bbp_anonymous_reply_count":0,"_bbp_topic_count_hidden":0,"_bbp_reply_count_hidden":0,"_bbp_forum_subforum_count":0,"footnotes":""},"categories":[388,9,2,4,25,427],"tags":[],"class_list":["post-10224","post","type-post","status-publish","format-standard","has-post-thumbnail","hentry","category-curs-2021-2022","category-p5","category-infantil","category-portada","category-projectesescola","category-sortida"],"post_mailing_queue_ids":[],"_links":{"self":[{"href":"https:\/\/agora.xtec.cat\/ceip-falba\/wp-json\/wp\/v2\/posts\/10224","targetHints":{"allow":["GET"]}}],"collection":[{"href":"https:\/\/agora.xtec.cat\/ceip-falba\/wp-json\/wp\/v2\/posts"}],"about":[{"href":"https:\/\/agora.xtec.cat\/ceip-falba\/wp-json\/wp\/v2\/types\/post"}],"author":[{"embeddable":true,"href":"https:\/\/agora.xtec.cat\/ceip-falba\/wp-json\/wp\/v2\/users\/13"}],"replies":[{"embeddable":true,"href":"https:\/\/agora.xtec.cat\/ceip-falba\/wp-json\/wp\/v2\/comments?post=10224"}],"version-history":[{"count":2,"href":"https:\/\/agora.xtec.cat\/ceip-falba\/wp-json\/wp\/v2\/posts\/10224\/revisions"}],"predecessor-version":[{"id":10227,"href":"https:\/\/agora.xtec.cat\/ceip-falba\/wp-json\/wp\/v2\/posts\/10224\/revisions\/10227"}],"wp:featuredmedia":[{"embeddable":true,"href":"https:\/\/agora.xtec.cat\/ceip-falba\/wp-json\/wp\/v2\/media\/10226"}],"wp:attachment":[{"href":"https:\/\/agora.xtec.cat\/ceip-falba\/wp-json\/wp\/v2\/media?parent=10224"}],"wp:term":[{"taxonomy":"category","embeddable":true,"href":"https:\/\/agora.xtec.cat\/ceip-falba\/wp-json\/wp\/v2\/categories?post=10224"},{"taxonomy":"post_tag","embeddable":true,"href":"https:\/\/agora.xtec.cat\/ceip-falba\/wp-json\/wp\/v2\/tags?post=10224"}],"curies":[{"name":"wp","href":"https:\/\/api.w.org\/{rel}","templated":true}]}}