{"id":10171,"date":"2022-04-08T16:56:11","date_gmt":"2022-04-08T14:56:11","guid":{"rendered":"https:\/\/agora.xtec.cat\/ceip-falba\/?p=10171"},"modified":"2023-02-24T22:28:10","modified_gmt":"2023-02-24T21:28:10","slug":"festival-de-la-primavera-2","status":"publish","type":"post","link":"https:\/\/agora.xtec.cat\/ceip-falba\/infantil\/festival-de-la-primavera-2\/","title":{"rendered":"Festival de la primavera!"},"content":{"rendered":"<p>Hola a tothom<\/p>\n<p>Us deixem <a href=\"https:\/\/youtu.be\/Z5aSLftUsDs\">els balls del festival de la primavera<\/a> que hem fet avui perqu\u00e8 pugueu gaudir tant com nosaltres! Tots els infants, des de P3 fins a 6\u00e8, han fet un ball amb una m\u00fasica i moviments dels anys 70 i 80.<\/p>\n<p>Ens ho hem passat molt b\u00e9 assajant durant uns dies aquestes can\u00e7ons tan marxoses i posant en escena, alguns amb moviments inventats, uns altres amb espectacle teatral, d&#8217;altres amb el terror que caracteritza als Ghostbusters! En fi&#8230; hi ha hagut de tot al festival d&#8217;aquesta primavera tan colorida!<\/p>\n<p>&nbsp;<\/p>\n<p>Estem molt contents i contentes d&#8217;haver rebut les fam\u00edlies de la nostra escola, despr\u00e9s de tants dies sense poder-ho fer! Ha arribat el dia i estem molt feli\u00e7os de poder compartir aquests moments.<\/p>\n<p>Ens veiem despr\u00e9s de vacances! \ud83d\ude42<\/p>\n","protected":false},"excerpt":{"rendered":"<p>Us deixem els balls del festival de la primavera que hem fet avui. Tots els infants, des de P3 fins a 6\u00e8, han fet un ball amb una m\u00fasica i moviments dels anys 70 i 80.&hellip;  <a href=\"https:\/\/agora.xtec.cat\/ceip-falba\/infantil\/festival-de-la-primavera-2\/\" title=\"Read Festival de la primavera!\">Llegeix m\u00e9s\u00bb<\/a><\/p>\n","protected":false},"author":92,"featured_media":10173,"comment_status":"closed","ping_status":"closed","sticky":false,"template":"","format":"standard","meta":{"_bbp_topic_count":0,"_bbp_reply_count":0,"_bbp_total_topic_count":0,"_bbp_total_reply_count":0,"_bbp_voice_count":0,"_bbp_anonymous_reply_count":0,"_bbp_topic_count_hidden":0,"_bbp_reply_count_hidden":0,"_bbp_forum_subforum_count":0,"footnotes":""},"categories":[10,11,12,14,15,388,33,35,3,8,9,2,34,4,5],"tags":[],"class_list":["post-10171","post","type-post","status-publish","format-standard","has-post-thumbnail","hentry","category-1r","category-2n","category-3r","category-5e","category-6e","category-curs-2021-2022","category-ed-fisica","category-festes","category-p3","category-p4","category-p5","category-infantil","category-musica","category-portada","category-primaria"],"post_mailing_queue_ids":[],"_links":{"self":[{"href":"https:\/\/agora.xtec.cat\/ceip-falba\/wp-json\/wp\/v2\/posts\/10171","targetHints":{"allow":["GET"]}}],"collection":[{"href":"https:\/\/agora.xtec.cat\/ceip-falba\/wp-json\/wp\/v2\/posts"}],"about":[{"href":"https:\/\/agora.xtec.cat\/ceip-falba\/wp-json\/wp\/v2\/types\/post"}],"author":[{"embeddable":true,"href":"https:\/\/agora.xtec.cat\/ceip-falba\/wp-json\/wp\/v2\/users\/92"}],"replies":[{"embeddable":true,"href":"https:\/\/agora.xtec.cat\/ceip-falba\/wp-json\/wp\/v2\/comments?post=10171"}],"version-history":[{"count":3,"href":"https:\/\/agora.xtec.cat\/ceip-falba\/wp-json\/wp\/v2\/posts\/10171\/revisions"}],"predecessor-version":[{"id":10182,"href":"https:\/\/agora.xtec.cat\/ceip-falba\/wp-json\/wp\/v2\/posts\/10171\/revisions\/10182"}],"wp:featuredmedia":[{"embeddable":true,"href":"https:\/\/agora.xtec.cat\/ceip-falba\/wp-json\/wp\/v2\/media\/10173"}],"wp:attachment":[{"href":"https:\/\/agora.xtec.cat\/ceip-falba\/wp-json\/wp\/v2\/media?parent=10171"}],"wp:term":[{"taxonomy":"category","embeddable":true,"href":"https:\/\/agora.xtec.cat\/ceip-falba\/wp-json\/wp\/v2\/categories?post=10171"},{"taxonomy":"post_tag","embeddable":true,"href":"https:\/\/agora.xtec.cat\/ceip-falba\/wp-json\/wp\/v2\/tags?post=10171"}],"curies":[{"name":"wp","href":"https:\/\/api.w.org\/{rel}","templated":true}]}}