{"id":10071,"date":"2022-03-01T13:55:08","date_gmt":"2022-03-01T12:55:08","guid":{"rendered":"https:\/\/agora.xtec.cat\/ceip-falba\/?p=10071"},"modified":"2022-03-01T13:55:08","modified_gmt":"2022-03-01T12:55:08","slug":"afa-millora-jardi-a-lentrada-infantil","status":"publish","type":"post","link":"https:\/\/agora.xtec.cat\/ceip-falba\/portada\/afa-millora-jardi-a-lentrada-infantil\/","title":{"rendered":"AFA &#8211; Millora jard\u00ed a l&#8217;entrada infantil"},"content":{"rendered":"<p style=\"text-align: center;\">Quan l&#8217;escola ens necessita all\u00e0 estem les fam\u00edlies per ajudar en tot all\u00f2 que sigui necessari. Un grup de fam\u00edlies de l\u2019AFA avui han tret uns arbustos per poder fer una zona amb jard\u00ed i millorar l&#8217;estada dels nostres fills al centre!!!\u00a0 Moltes gr\u00e0cies, fam\u00edlies sou un exemple a seguir!!<\/p>\n<p><a href=\"https:\/\/agora.xtec.cat\/ceip-falba\/wp-content\/uploads\/usu658\/2021\/12\/AFA-FONT-ALBA.jpeg\"><img loading=\"lazy\" decoding=\"async\" class=\"wp-image-9785 aligncenter\" src=\"https:\/\/agora.xtec.cat\/ceip-falba\/wp-content\/uploads\/usu658\/2021\/12\/AFA-FONT-ALBA-917x1024.jpeg\" alt=\"\" width=\"248\" height=\"277\" srcset=\"https:\/\/agora.xtec.cat\/ceip-falba\/wp-content\/uploads\/usu658\/2021\/12\/AFA-FONT-ALBA-917x1024.jpeg 917w, https:\/\/agora.xtec.cat\/ceip-falba\/wp-content\/uploads\/usu658\/2021\/12\/AFA-FONT-ALBA-269x300.jpeg 269w, https:\/\/agora.xtec.cat\/ceip-falba\/wp-content\/uploads\/usu658\/2021\/12\/AFA-FONT-ALBA-768x857.jpeg 768w, https:\/\/agora.xtec.cat\/ceip-falba\/wp-content\/uploads\/usu658\/2021\/12\/AFA-FONT-ALBA.jpeg 964w\" sizes=\"auto, (max-width: 248px) 100vw, 248px\" \/><\/a><a href=\"https:\/\/agora.xtec.cat\/ceip-falba\/wp-content\/uploads\/usu658\/2022\/03\/IMG-20220227-WA0028.jpg\"><img loading=\"lazy\" decoding=\"async\" class=\"alignnone  wp-image-10072\" src=\"https:\/\/agora.xtec.cat\/ceip-falba\/wp-content\/uploads\/usu658\/2022\/03\/IMG-20220227-WA0028-1024x576.jpg\" alt=\"\" width=\"327\" height=\"184\" srcset=\"https:\/\/agora.xtec.cat\/ceip-falba\/wp-content\/uploads\/usu658\/2022\/03\/IMG-20220227-WA0028-1024x576.jpg 1024w, https:\/\/agora.xtec.cat\/ceip-falba\/wp-content\/uploads\/usu658\/2022\/03\/IMG-20220227-WA0028-300x169.jpg 300w, https:\/\/agora.xtec.cat\/ceip-falba\/wp-content\/uploads\/usu658\/2022\/03\/IMG-20220227-WA0028-768x432.jpg 768w, https:\/\/agora.xtec.cat\/ceip-falba\/wp-content\/uploads\/usu658\/2022\/03\/IMG-20220227-WA0028-1536x864.jpg 1536w, https:\/\/agora.xtec.cat\/ceip-falba\/wp-content\/uploads\/usu658\/2022\/03\/IMG-20220227-WA0028.jpg 2016w\" sizes=\"auto, (max-width: 327px) 100vw, 327px\" \/><\/a>\u00a0 <a href=\"https:\/\/agora.xtec.cat\/ceip-falba\/wp-content\/uploads\/usu658\/2022\/03\/IMG-20220227-WA0004.jpg\"><img loading=\"lazy\" decoding=\"async\" class=\"alignnone  wp-image-10074\" src=\"https:\/\/agora.xtec.cat\/ceip-falba\/wp-content\/uploads\/usu658\/2022\/03\/IMG-20220227-WA0004-1024x768.jpg\" alt=\"\" width=\"296\" height=\"222\" srcset=\"https:\/\/agora.xtec.cat\/ceip-falba\/wp-content\/uploads\/usu658\/2022\/03\/IMG-20220227-WA0004-1024x768.jpg 1024w, https:\/\/agora.xtec.cat\/ceip-falba\/wp-content\/uploads\/usu658\/2022\/03\/IMG-20220227-WA0004-300x225.jpg 300w, https:\/\/agora.xtec.cat\/ceip-falba\/wp-content\/uploads\/usu658\/2022\/03\/IMG-20220227-WA0004-768x576.jpg 768w, https:\/\/agora.xtec.cat\/ceip-falba\/wp-content\/uploads\/usu658\/2022\/03\/IMG-20220227-WA0004-1536x1152.jpg 1536w, https:\/\/agora.xtec.cat\/ceip-falba\/wp-content\/uploads\/usu658\/2022\/03\/IMG-20220227-WA0004-200x150.jpg 200w, https:\/\/agora.xtec.cat\/ceip-falba\/wp-content\/uploads\/usu658\/2022\/03\/IMG-20220227-WA0004.jpg 1600w\" sizes=\"auto, (max-width: 296px) 100vw, 296px\" \/>\u00a0 <\/a><a href=\"https:\/\/agora.xtec.cat\/ceip-falba\/wp-content\/uploads\/usu658\/2022\/03\/IMG-20220227-WA0030.jpg\"><img loading=\"lazy\" decoding=\"async\" class=\"alignnone  wp-image-10073\" src=\"https:\/\/agora.xtec.cat\/ceip-falba\/wp-content\/uploads\/usu658\/2022\/03\/IMG-20220227-WA0030-1024x576.jpg\" alt=\"\" width=\"332\" height=\"187\" srcset=\"https:\/\/agora.xtec.cat\/ceip-falba\/wp-content\/uploads\/usu658\/2022\/03\/IMG-20220227-WA0030-1024x576.jpg 1024w, https:\/\/agora.xtec.cat\/ceip-falba\/wp-content\/uploads\/usu658\/2022\/03\/IMG-20220227-WA0030-300x169.jpg 300w, https:\/\/agora.xtec.cat\/ceip-falba\/wp-content\/uploads\/usu658\/2022\/03\/IMG-20220227-WA0030-768x432.jpg 768w, https:\/\/agora.xtec.cat\/ceip-falba\/wp-content\/uploads\/usu658\/2022\/03\/IMG-20220227-WA0030-1536x864.jpg 1536w, https:\/\/agora.xtec.cat\/ceip-falba\/wp-content\/uploads\/usu658\/2022\/03\/IMG-20220227-WA0030.jpg 2016w\" sizes=\"auto, (max-width: 332px) 100vw, 332px\" \/><\/a><\/p>\n","protected":false},"excerpt":{"rendered":"<p>Quan l&#8217;escola ens necessita all\u00e0 estem les fam\u00edlies per ajudar en tot all\u00f2 que sigui necessari.<br \/>\nUn grup de fam\u00edlies de l\u2019AFA avui han tret uns arbustos per poder fer una zona amb jard\u00ed i millorar l&#8217;estada dels nostres fills al centre!!!<br \/>\nMoltes gr\u00e0cies, fam\u00edlies sou un exemple a seguir!!&hellip;  <a href=\"https:\/\/agora.xtec.cat\/ceip-falba\/portada\/afa-millora-jardi-a-lentrada-infantil\/\" title=\"Read AFA &#8211; Millora jard\u00ed a l&#8217;entrada infantil\">Llegeix m\u00e9s\u00bb<\/a><\/p>\n","protected":false},"author":6,"featured_media":10074,"comment_status":"closed","ping_status":"closed","sticky":false,"template":"","format":"standard","meta":{"_bbp_topic_count":0,"_bbp_reply_count":0,"_bbp_total_topic_count":0,"_bbp_total_reply_count":0,"_bbp_voice_count":0,"_bbp_anonymous_reply_count":0,"_bbp_topic_count_hidden":0,"_bbp_reply_count_hidden":0,"_bbp_forum_subforum_count":0,"footnotes":""},"categories":[7,388,4],"tags":[],"class_list":["post-10071","post","type-post","status-publish","format-standard","has-post-thumbnail","hentry","category-ampa","category-curs-2021-2022","category-portada"],"post_mailing_queue_ids":[],"_links":{"self":[{"href":"https:\/\/agora.xtec.cat\/ceip-falba\/wp-json\/wp\/v2\/posts\/10071","targetHints":{"allow":["GET"]}}],"collection":[{"href":"https:\/\/agora.xtec.cat\/ceip-falba\/wp-json\/wp\/v2\/posts"}],"about":[{"href":"https:\/\/agora.xtec.cat\/ceip-falba\/wp-json\/wp\/v2\/types\/post"}],"author":[{"embeddable":true,"href":"https:\/\/agora.xtec.cat\/ceip-falba\/wp-json\/wp\/v2\/users\/6"}],"replies":[{"embeddable":true,"href":"https:\/\/agora.xtec.cat\/ceip-falba\/wp-json\/wp\/v2\/comments?post=10071"}],"version-history":[{"count":3,"href":"https:\/\/agora.xtec.cat\/ceip-falba\/wp-json\/wp\/v2\/posts\/10071\/revisions"}],"predecessor-version":[{"id":10078,"href":"https:\/\/agora.xtec.cat\/ceip-falba\/wp-json\/wp\/v2\/posts\/10071\/revisions\/10078"}],"wp:featuredmedia":[{"embeddable":true,"href":"https:\/\/agora.xtec.cat\/ceip-falba\/wp-json\/wp\/v2\/media\/10074"}],"wp:attachment":[{"href":"https:\/\/agora.xtec.cat\/ceip-falba\/wp-json\/wp\/v2\/media?parent=10071"}],"wp:term":[{"taxonomy":"category","embeddable":true,"href":"https:\/\/agora.xtec.cat\/ceip-falba\/wp-json\/wp\/v2\/categories?post=10071"},{"taxonomy":"post_tag","embeddable":true,"href":"https:\/\/agora.xtec.cat\/ceip-falba\/wp-json\/wp\/v2\/tags?post=10071"}],"curies":[{"name":"wp","href":"https:\/\/api.w.org\/{rel}","templated":true}]}}