{"id":10040,"date":"2022-03-01T12:40:41","date_gmt":"2022-03-01T11:40:41","guid":{"rendered":"https:\/\/agora.xtec.cat\/ceip-falba\/?p=10040"},"modified":"2022-03-01T12:41:06","modified_gmt":"2022-03-01T11:41:06","slug":"carnestoltes-a-p5","status":"publish","type":"post","link":"https:\/\/agora.xtec.cat\/ceip-falba\/infantil\/carnestoltes-a-p5\/","title":{"rendered":"Carnestoltes a P5"},"content":{"rendered":"<p>Aqui teniu un resum de lo divertit que va ser el Carnestoltes a la nostra escola. Cada dia vam venir amb alguna cosa divertida per passar-ho d&#8217;all\u00f2 m\u00e9s b\u00e9: amb ulleres, amb pijama, amb roba d&#8217;un color, amb roba de persones grans i el divendres tothom va venir disfressat a l&#8217;escola del que va voler. Tamb\u00e9 vam pintar m\u00e0scares amb aquarel.les i el dijous vam celebrar el dia de la truita anant a esmorzar al parc.<\/p>\n<p><a href=\"https:\/\/photos.google.com\/share\/AF1QipNqX3X2ZTmUTvq1K9-R3Ig1rophf0tVQGHqlTJHCOOaobNGpWoEHteDx3tyIjmxtQ?key=RlRYa2xjTHZUeW10ZWRvcW5kd2otR0IwVWRldUVn\">Aqu\u00ed teniu un recull de fotos<\/a><\/p>\n<p>&nbsp;<\/p>\n","protected":false},"excerpt":{"rendered":"<p>Aqui teniu un resum de lo divertit que va ser el Carnestoltes a la nostra escola. Cada dia vam venir amb alguna cosa divertida per passar-ho d&#8217;all\u00f2 m\u00e9s b\u00e9: amb ulleres, amb pijama, amb roba d&#8217;un color, amb roba de persones grans i el divendres&hellip;  <a href=\"https:\/\/agora.xtec.cat\/ceip-falba\/infantil\/carnestoltes-a-p5\/\" title=\"Read Carnestoltes a P5\">Llegeix m\u00e9s\u00bb<\/a><\/p>\n","protected":false},"author":13,"featured_media":10058,"comment_status":"closed","ping_status":"closed","sticky":false,"template":"","format":"standard","meta":{"_bbp_topic_count":0,"_bbp_reply_count":0,"_bbp_total_topic_count":0,"_bbp_total_reply_count":0,"_bbp_voice_count":0,"_bbp_anonymous_reply_count":0,"_bbp_topic_count_hidden":0,"_bbp_reply_count_hidden":0,"_bbp_forum_subforum_count":0,"footnotes":""},"categories":[388,35,9,2,4],"tags":[],"class_list":["post-10040","post","type-post","status-publish","format-standard","has-post-thumbnail","hentry","category-curs-2021-2022","category-festes","category-p5","category-infantil","category-portada"],"post_mailing_queue_ids":[],"_links":{"self":[{"href":"https:\/\/agora.xtec.cat\/ceip-falba\/wp-json\/wp\/v2\/posts\/10040","targetHints":{"allow":["GET"]}}],"collection":[{"href":"https:\/\/agora.xtec.cat\/ceip-falba\/wp-json\/wp\/v2\/posts"}],"about":[{"href":"https:\/\/agora.xtec.cat\/ceip-falba\/wp-json\/wp\/v2\/types\/post"}],"author":[{"embeddable":true,"href":"https:\/\/agora.xtec.cat\/ceip-falba\/wp-json\/wp\/v2\/users\/13"}],"replies":[{"embeddable":true,"href":"https:\/\/agora.xtec.cat\/ceip-falba\/wp-json\/wp\/v2\/comments?post=10040"}],"version-history":[{"count":2,"href":"https:\/\/agora.xtec.cat\/ceip-falba\/wp-json\/wp\/v2\/posts\/10040\/revisions"}],"predecessor-version":[{"id":10061,"href":"https:\/\/agora.xtec.cat\/ceip-falba\/wp-json\/wp\/v2\/posts\/10040\/revisions\/10061"}],"wp:featuredmedia":[{"embeddable":true,"href":"https:\/\/agora.xtec.cat\/ceip-falba\/wp-json\/wp\/v2\/media\/10058"}],"wp:attachment":[{"href":"https:\/\/agora.xtec.cat\/ceip-falba\/wp-json\/wp\/v2\/media?parent=10040"}],"wp:term":[{"taxonomy":"category","embeddable":true,"href":"https:\/\/agora.xtec.cat\/ceip-falba\/wp-json\/wp\/v2\/categories?post=10040"},{"taxonomy":"post_tag","embeddable":true,"href":"https:\/\/agora.xtec.cat\/ceip-falba\/wp-json\/wp\/v2\/tags?post=10040"}],"curies":[{"name":"wp","href":"https:\/\/api.w.org\/{rel}","templated":true}]}}