{"id":10017,"date":"2022-02-24T09:13:47","date_gmt":"2022-02-24T08:13:47","guid":{"rendered":"https:\/\/agora.xtec.cat\/ceip-falba\/?p=10017"},"modified":"2022-02-24T09:15:25","modified_gmt":"2022-02-24T08:15:25","slug":"3r-anem-a-lajuntament","status":"publish","type":"post","link":"https:\/\/agora.xtec.cat\/ceip-falba\/general\/3r-anem-a-lajuntament\/","title":{"rendered":"3r &#8211; Anem a l&#8217;Ajuntament!"},"content":{"rendered":"<p>Aquest segon trimestre els nens i nenes de 3r estem aprenent sobre la ciutat de Terrassa, per aix\u00f2 el passat dilluns 21 de febrer vam anar a visitar l&#8217;Ajuntament.<\/p>\n<p>All\u00e0 la regidora d&#8217;educaci\u00f3 ens va dedicar uns minuts per explicar-nos i respondre les preguntes que ens van sorgir. Durant una estona ens vam poder convertir en regidors i regidores gaudint a la Sala\u00a0del Plens!<\/p>\n<p>Vam poder con\u00e8ixer moltes m\u00e9s coses sobre l&#8217;Ajuntament i la nostra ciutat, i vam entrar al despatx de l&#8217;alcalde. Va ser una gran experi\u00e8ncia!<\/p>\n<p>Agra\u00efm l&#8217;inter\u00e8s i la bona predisposici\u00f3 per part dels membres de l&#8217;Ajuntament, ens ho vam passar d&#8217;all\u00f2 m\u00e9s b\u00e9.<\/p>\n<p><a href=\"https:\/\/photos.app.goo.gl\/8LsPZsCWEKSw43s18\">Cliqueu aqu\u00ed per veure les fotos.<\/a><\/p>\n<p>&nbsp;<\/p>\n","protected":false},"excerpt":{"rendered":"<p>Aquest segon trimestre els nens i nenes de 3r estem aprenent sobre la ciutat de Terrassa, per aix\u00f2 el passat dilluns 21 de febrer vam anar a visitar l&#8217;Ajuntament.<br \/>\nAll\u00e0 la regidora d&#8217;educaci\u00f3 ens va dedicar uns minuts per explicar-nos i respondre les preguntes que ens&hellip;  <a href=\"https:\/\/agora.xtec.cat\/ceip-falba\/general\/3r-anem-a-lajuntament\/\" title=\"Read 3r &#8211; Anem a l&#8217;Ajuntament!\">Llegeix m\u00e9s\u00bb<\/a><\/p>\n","protected":false},"author":1,"featured_media":10018,"comment_status":"closed","ping_status":"closed","sticky":false,"template":"","format":"standard","meta":{"_bbp_topic_count":0,"_bbp_reply_count":0,"_bbp_total_topic_count":0,"_bbp_total_reply_count":0,"_bbp_voice_count":0,"_bbp_anonymous_reply_count":0,"_bbp_topic_count_hidden":0,"_bbp_reply_count_hidden":0,"_bbp_forum_subforum_count":0,"footnotes":""},"categories":[12,388,1,4,5],"tags":[253,270,349],"class_list":["post-10017","post","type-post","status-publish","format-standard","has-post-thumbnail","hentry","category-3r","category-curs-2021-2022","category-general","category-portada","category-primaria","tag-3r","tag-comunitatdemitjans","tag-context"],"post_mailing_queue_ids":[],"_links":{"self":[{"href":"https:\/\/agora.xtec.cat\/ceip-falba\/wp-json\/wp\/v2\/posts\/10017","targetHints":{"allow":["GET"]}}],"collection":[{"href":"https:\/\/agora.xtec.cat\/ceip-falba\/wp-json\/wp\/v2\/posts"}],"about":[{"href":"https:\/\/agora.xtec.cat\/ceip-falba\/wp-json\/wp\/v2\/types\/post"}],"author":[{"embeddable":true,"href":"https:\/\/agora.xtec.cat\/ceip-falba\/wp-json\/wp\/v2\/users\/1"}],"replies":[{"embeddable":true,"href":"https:\/\/agora.xtec.cat\/ceip-falba\/wp-json\/wp\/v2\/comments?post=10017"}],"version-history":[{"count":2,"href":"https:\/\/agora.xtec.cat\/ceip-falba\/wp-json\/wp\/v2\/posts\/10017\/revisions"}],"predecessor-version":[{"id":10020,"href":"https:\/\/agora.xtec.cat\/ceip-falba\/wp-json\/wp\/v2\/posts\/10017\/revisions\/10020"}],"wp:featuredmedia":[{"embeddable":true,"href":"https:\/\/agora.xtec.cat\/ceip-falba\/wp-json\/wp\/v2\/media\/10018"}],"wp:attachment":[{"href":"https:\/\/agora.xtec.cat\/ceip-falba\/wp-json\/wp\/v2\/media?parent=10017"}],"wp:term":[{"taxonomy":"category","embeddable":true,"href":"https:\/\/agora.xtec.cat\/ceip-falba\/wp-json\/wp\/v2\/categories?post=10017"},{"taxonomy":"post_tag","embeddable":true,"href":"https:\/\/agora.xtec.cat\/ceip-falba\/wp-json\/wp\/v2\/tags?post=10017"}],"curies":[{"name":"wp","href":"https:\/\/api.w.org\/{rel}","templated":true}]}}