{"id":464,"count":12,"description":"Cant\u00e0nia \u00e9s un projecte veter\u00e0 originari de Catalunya creat per L\u00b4AUDITORI de Barcelona. \u00c8s un concert participatiu on els nens i nenes de prim\u00e0ria canten en grans cors al costat d'una orquestra, director d'orquestra i solistes professionals en un gran auditori, interpretant una obra espec\u00edficament composta per a l'ocasi\u00f3. Per dur a terme un projecte educatiu d'aquesta envergadura, cal la integraci\u00f3 de 5 passos: creaci\u00f3 del gui\u00f3, formaci\u00f3 del professorat, treball en aula, assaig general i concert davant del p\u00fablic.","link":"https:\/\/agora.xtec.cat\/ceip-falba\/categoria\/musica\/cantania\/","name":"Cant\u00e0nia","slug":"cantania","taxonomy":"category","parent":34,"meta":[],"_links":{"self":[{"href":"https:\/\/agora.xtec.cat\/ceip-falba\/wp-json\/wp\/v2\/categories\/464","targetHints":{"allow":["GET"]}}],"collection":[{"href":"https:\/\/agora.xtec.cat\/ceip-falba\/wp-json\/wp\/v2\/categories"}],"about":[{"href":"https:\/\/agora.xtec.cat\/ceip-falba\/wp-json\/wp\/v2\/taxonomies\/category"}],"up":[{"embeddable":true,"href":"https:\/\/agora.xtec.cat\/ceip-falba\/wp-json\/wp\/v2\/categories\/34"}],"wp:post_type":[{"href":"https:\/\/agora.xtec.cat\/ceip-falba\/wp-json\/wp\/v2\/posts?categories=464"}],"curies":[{"name":"wp","href":"https:\/\/api.w.org\/{rel}","templated":true}]}}