{"id":956,"date":"2016-04-18T11:16:00","date_gmt":"2016-04-18T10:16:00","guid":{"rendered":"http:\/\/agora.xtec.cat\/ceip-estel-stguim\/?p=956"},"modified":"2016-04-18T11:16:56","modified_gmt":"2016-04-18T10:16:56","slug":"recomanacions-llibres-mes-dabril","status":"publish","type":"post","link":"https:\/\/agora.xtec.cat\/ceip-estel-stguim\/portada\/recomanacions-llibres-mes-dabril\/","title":{"rendered":"Recomanacions llibres mes d&#8217;abril"},"content":{"rendered":"<p class=\"western\"><span style=\"color: #339966;\"><span style=\"font-size: 300%;\"><u>La <\/u><\/span><\/span><span style=\"color: #339966;\"><span style=\"font-size: 300%;\"><u><a href=\"http:\/\/agora.xtec.cat\/ceip-estel-stguim\/wp-content\/uploads\/usu237\/2016\/04\/lacigonya.jpg\"><img loading=\"lazy\" decoding=\"async\" class=\"  wp-image-958 alignleft\" src=\"http:\/\/agora.xtec.cat\/ceip-estel-stguim\/wp-content\/uploads\/usu237\/2016\/04\/lacigonya.jpg\" alt=\"lacigonya\" width=\"140\" height=\"140\" srcset=\"https:\/\/agora.xtec.cat\/ceip-estel-stguim\/wp-content\/uploads\/usu237\/2016\/04\/lacigonya.jpg 450w, https:\/\/agora.xtec.cat\/ceip-estel-stguim\/wp-content\/uploads\/usu237\/2016\/04\/lacigonya-150x150.jpg 150w, https:\/\/agora.xtec.cat\/ceip-estel-stguim\/wp-content\/uploads\/usu237\/2016\/04\/lacigonya-300x300.jpg 300w\" sizes=\"auto, (max-width: 140px) 100vw, 140px\" \/><\/a><\/u><\/span><\/span><span style=\"color: #339966;\"><span style=\"font-size: 300%;\"><u>cigonya<\/u><\/span><\/span><\/p>\n<p class=\"western\"><span style=\"font-family: Arial,sans-serif;\"><span style=\"font-size: large;\">Llibre de coneixements per conscienciar-nos de la necessitat de protegir les esp\u00e8cies d&#8217;animals en perill d&#8217;extinci\u00f3 del nostre entorn m\u00e9s proper. <\/span><\/span><\/p>\n<p class=\"western\"><span style=\"font-family: Arial,sans-serif;\"><span style=\"font-size: large;\">Autora: <\/span><\/span><a href=\"http:\/\/www.combeleditorial.com\/ca\/cerca?author=131\"><span style=\"color: #0000ff;\"><span style=\"font-family: Arial,sans-serif;\"><span style=\"font-size: large;\"><u><b>Elisenda Queralt<\/b><\/u><\/span><\/span><\/span><\/a><b> <\/b><\/p>\n<p class=\"western\"><span style=\"font-family: Arial,sans-serif;\"><span style=\"font-size: large;\">Categoria: <\/span><\/span><a href=\"http:\/\/www.combeleditorial.com\/ca\/cerca?category=24&amp;new_items=1\"><span style=\"color: #0000ff;\"><span style=\"font-family: Arial,sans-serif;\"><span style=\"font-size: large;\"><u><b>Llibres de coneixements<\/b><\/u><\/span><\/span><\/span><\/a><\/p>\n<p class=\"western\"><span style=\"font-family: Arial,sans-serif;\"><span style=\"font-size: large;\">Col\u00b7lecci\u00f3: <\/span><\/span><a href=\"http:\/\/www.combeleditorial.com\/ca\/cerca?collection=167\"><span style=\"color: #0000ff;\"><span style=\"font-family: Arial,sans-serif;\"><span style=\"font-size: large;\"><u><b>Fauna en perill<\/b><\/u><\/span><\/span><\/span><\/a><\/p>\n<p class=\"western\"><span style=\"font-family: Arial,sans-serif;\"><span style=\"font-size: large;\">Edat: <\/span><\/span><a href=\"http:\/\/www.combeleditorial.com\/ca\/cerca?min_age=6&amp;max_age=6&amp;new_items=1\"><span style=\"color: #0000ff;\"><span style=\"font-family: Arial,sans-serif;\"><span style=\"font-size: large;\"><u><b>A partir de 6 anys<\/b><\/u><\/span><\/span><\/span><\/a><\/p>\n<p class=\"western\">\n<p class=\"western\"><u><a href=\"http:\/\/agora.xtec.cat\/ceip-estel-stguim\/wp-content\/uploads\/usu237\/2016\/04\/cuapernedar.jpg\"><img loading=\"lazy\" decoding=\"async\" class=\"  wp-image-957 alignleft\" src=\"http:\/\/agora.xtec.cat\/ceip-estel-stguim\/wp-content\/uploads\/usu237\/2016\/04\/cuapernedar.jpg\" alt=\"cuapernedar\" width=\"143\" height=\"142\" srcset=\"https:\/\/agora.xtec.cat\/ceip-estel-stguim\/wp-content\/uploads\/usu237\/2016\/04\/cuapernedar.jpg 450w, https:\/\/agora.xtec.cat\/ceip-estel-stguim\/wp-content\/uploads\/usu237\/2016\/04\/cuapernedar-150x150.jpg 150w, https:\/\/agora.xtec.cat\/ceip-estel-stguim\/wp-content\/uploads\/usu237\/2016\/04\/cuapernedar-300x297.jpg 300w\" sizes=\"auto, (max-width: 143px) 100vw, 143px\" \/><\/a><\/u><span style=\"color: #ff0000;\"><span style=\"font-size: xx-large;\"><i><b>Endevina qui t\u00e9\u2026 una cua per nedar<\/b><\/i><\/span><\/span><\/p>\n<p class=\"western\"><span style=\"font-family: Arial,sans-serif;\"><span style=\"font-size: large;\">\u00a0 Llibre puzle. Es presenten en quatre p\u00e0gines les parts d&#8217;un animal a trav\u00e9s d&#8217;una pregunta i\u00a0 una pe\u00e7a de puzle. Al final es podr\u00e0 treure les peces del llibre per formar un encaix de l&#8217;animal.<\/span><\/span><\/p>\n<p class=\"western\"><span style=\"font-family: Arial,sans-serif;\"><span style=\"font-size: large;\">Autor: <\/span><\/span><a href=\"http:\/\/www.combeleditorial.com\/ca\/cerca?author=1182\"><span style=\"color: #0000ff;\"><span style=\"font-family: Arial,sans-serif;\"><span style=\"font-size: large;\"><u><b>Varis <\/b><\/u><\/span><\/span><\/span><\/a><span style=\"font-family: Arial,sans-serif;\"><span style=\"font-size: large;\"><br \/>\nIl\u00b7lustrador: <\/span><\/span><a href=\"http:\/\/www.combeleditorial.com\/ca\/cerca?author=1466\"><span style=\"color: #0000ff;\"><span style=\"font-family: Arial,sans-serif;\"><span style=\"font-size: large;\"><u><b>Daniela Massironi<\/b><\/u><\/span><\/span><\/span><\/a><b> <\/b><\/p>\n<p class=\"western\"><span style=\"font-family: Arial,sans-serif;\"><span style=\"font-size: large;\">Categoria: <\/span><\/span><a href=\"http:\/\/www.combeleditorial.com\/ca\/cerca?category=3&amp;new_items=1\"><span style=\"color: #0000ff;\"><span style=\"font-family: Arial,sans-serif;\"><span style=\"font-size: large;\"><u><b>Per als menuts<\/b><\/u><\/span><\/span><\/span><\/a><\/p>\n<p class=\"western\"><span style=\"font-family: Arial,sans-serif;\"><span style=\"font-size: large;\">Col\u00b7lecci\u00f3: <\/span><\/span><a href=\"http:\/\/www.combeleditorial.com\/ca\/cerca?collection=293\"><span style=\"color: #0000ff;\"><span style=\"font-family: Arial,sans-serif;\"><span style=\"font-size: large;\"><u><b>Endevina qui t\u00e9&#8230;<\/b><\/u><\/span><\/span><\/span><\/a><\/p>\n<p class=\"western\"><span style=\"font-family: Arial,sans-serif;\"><span style=\"font-size: large;\">Edat: <\/span><\/span><span style=\"color: #0000ff;\"><span style=\"font-family: Arial,sans-serif;\"><span style=\"font-size: large;\"><u><b>a partir de 1 anys<\/b><\/u><\/span><\/span><\/span><\/p>\n","protected":false},"excerpt":{"rendered":"<p>La cigonya Llibre de coneixements per conscienciar-nos de la necessitat de protegir les esp\u00e8cies d&#8217;animals en perill d&#8217;extinci\u00f3 del nostre [&hellip;]<\/p>\n","protected":false},"author":1,"featured_media":958,"comment_status":"open","ping_status":"open","sticky":false,"template":"","format":"standard","meta":{"_bbp_topic_count":0,"_bbp_reply_count":0,"_bbp_total_topic_count":0,"_bbp_total_reply_count":0,"_bbp_voice_count":0,"_bbp_anonymous_reply_count":0,"_bbp_topic_count_hidden":0,"_bbp_reply_count_hidden":0,"_bbp_forum_subforum_count":0,"site-sidebar-layout":"default","site-content-layout":"","ast-site-content-layout":"","site-content-style":"default","site-sidebar-style":"default","ast-global-header-display":"","ast-banner-title-visibility":"","ast-main-header-display":"","ast-hfb-above-header-display":"","ast-hfb-below-header-display":"","ast-hfb-mobile-header-display":"","site-post-title":"","ast-breadcrumbs-content":"","ast-featured-img":"","footer-sml-layout":"","theme-transparent-header-meta":"","adv-header-id-meta":"","stick-header-meta":"","header-above-stick-meta":"","header-main-stick-meta":"","header-below-stick-meta":"","astra-migrate-meta-layouts":"default","ast-page-background-enabled":"default","ast-page-background-meta":{"desktop":{"background-color":"var(--ast-global-color-4)","background-image":"","background-repeat":"repeat","background-position":"center center","background-size":"auto","background-attachment":"scroll","background-type":"","background-media":"","overlay-type":"","overlay-color":"","overlay-opacity":"","overlay-gradient":""},"tablet":{"background-color":"","background-image":"","background-repeat":"repeat","background-position":"center center","background-size":"auto","background-attachment":"scroll","background-type":"","background-media":"","overlay-type":"","overlay-color":"","overlay-opacity":"","overlay-gradient":""},"mobile":{"background-color":"","background-image":"","background-repeat":"repeat","background-position":"center center","background-size":"auto","background-attachment":"scroll","background-type":"","background-media":"","overlay-type":"","overlay-color":"","overlay-opacity":"","overlay-gradient":""}},"ast-content-background-meta":{"desktop":{"background-color":"var(--ast-global-color-5)","background-image":"","background-repeat":"repeat","background-position":"center center","background-size":"auto","background-attachment":"scroll","background-type":"","background-media":"","overlay-type":"","overlay-color":"","overlay-opacity":"","overlay-gradient":""},"tablet":{"background-color":"var(--ast-global-color-5)","background-image":"","background-repeat":"repeat","background-position":"center center","background-size":"auto","background-attachment":"scroll","background-type":"","background-media":"","overlay-type":"","overlay-color":"","overlay-opacity":"","overlay-gradient":""},"mobile":{"background-color":"var(--ast-global-color-5)","background-image":"","background-repeat":"repeat","background-position":"center center","background-size":"auto","background-attachment":"scroll","background-type":"","background-media":"","overlay-type":"","overlay-color":"","overlay-opacity":"","overlay-gradient":""}},"footnotes":""},"categories":[41,4],"tags":[],"class_list":["post-956","post","type-post","status-publish","format-standard","has-post-thumbnail","hentry","category-biblioteca","category-portada"],"post_mailing_queue_ids":[],"_links":{"self":[{"href":"https:\/\/agora.xtec.cat\/ceip-estel-stguim\/wp-json\/wp\/v2\/posts\/956","targetHints":{"allow":["GET"]}}],"collection":[{"href":"https:\/\/agora.xtec.cat\/ceip-estel-stguim\/wp-json\/wp\/v2\/posts"}],"about":[{"href":"https:\/\/agora.xtec.cat\/ceip-estel-stguim\/wp-json\/wp\/v2\/types\/post"}],"author":[{"embeddable":true,"href":"https:\/\/agora.xtec.cat\/ceip-estel-stguim\/wp-json\/wp\/v2\/users\/1"}],"replies":[{"embeddable":true,"href":"https:\/\/agora.xtec.cat\/ceip-estel-stguim\/wp-json\/wp\/v2\/comments?post=956"}],"version-history":[{"count":2,"href":"https:\/\/agora.xtec.cat\/ceip-estel-stguim\/wp-json\/wp\/v2\/posts\/956\/revisions"}],"predecessor-version":[{"id":960,"href":"https:\/\/agora.xtec.cat\/ceip-estel-stguim\/wp-json\/wp\/v2\/posts\/956\/revisions\/960"}],"wp:featuredmedia":[{"embeddable":true,"href":"https:\/\/agora.xtec.cat\/ceip-estel-stguim\/wp-json\/wp\/v2\/media\/958"}],"wp:attachment":[{"href":"https:\/\/agora.xtec.cat\/ceip-estel-stguim\/wp-json\/wp\/v2\/media?parent=956"}],"wp:term":[{"taxonomy":"category","embeddable":true,"href":"https:\/\/agora.xtec.cat\/ceip-estel-stguim\/wp-json\/wp\/v2\/categories?post=956"},{"taxonomy":"post_tag","embeddable":true,"href":"https:\/\/agora.xtec.cat\/ceip-estel-stguim\/wp-json\/wp\/v2\/tags?post=956"}],"curies":[{"name":"wp","href":"https:\/\/api.w.org\/{rel}","templated":true}]}}