{"id":926,"date":"2016-04-13T13:12:01","date_gmt":"2016-04-13T12:12:01","guid":{"rendered":"http:\/\/agora.xtec.cat\/ceip-estel-stguim\/?p=926"},"modified":"2016-06-01T12:47:46","modified_gmt":"2016-06-01T11:47:46","slug":"fotos","status":"publish","type":"post","link":"https:\/\/agora.xtec.cat\/ceip-estel-stguim\/treballant-la-responsabilitat\/fotos\/","title":{"rendered":"FOTOS"},"content":{"rendered":"<p style=\"text-align: justify;\">Aquesta activitat pot fer-se als tres cicles de Prim\u00e0ria, adaptant-la a les necessitats de cada classe<br \/>\n<strong>O B J E C T I U S<\/strong><br \/>\n\u25cfFacilitar als alumnes el coneixement de la realitat de molts nens i nenes al m\u00f3n.<br \/>\n\u25cf Promoure que els alumnes s\u2019habitu\u00efn a l\u2019an\u00e0lisi i comentari de fotografies.<br \/>\n<strong>M A T E R I A L S<\/strong><br \/>\n\u25cfFotografies.<br \/>\n\u25cf Q\u00fcestionari amb preguntes, un per grup.<br \/>\n<strong>T E M PO R I T Z A C I \u00d3<\/strong><br \/>\n\u25cfUna sessi\u00f3.<br \/>\n<strong>D E S E N V O L U P A M E N T<\/strong><br \/>\n1 a f a s e : t r e b a l l pe r g r u p s<br \/>\n\u25cf Dividir els alumnes en grups de tres o quatre persones.<br \/>\n\u25cf Posar a disposici\u00f3 dels alumnes les fotografies, es pot fer de dues maneres:<br \/>\nRepartir-les per les parets de la classe de forma que tots puguin veure-les.<br \/>\nFotocopiar-les per donar-ne una col\u00b7lecci\u00f3 a cada grup.<br \/>\n\u25cf Donar un q\u00fcestionari de treball a cada un dels grups.<br \/>\n\u25cfDins dels grups, hauran de contestar les preguntes amb les aportacions de tots els qui el componen, procurant que en tot moment sigui un treball de consens.<br \/>\n2 na fase: consens<br \/>\n\u25cfUn cop tots els grups han contestat els q\u00fcestionaris, posar en com\u00fa el que hagin escrit a cada grup.<\/p>\n<p style=\"text-align: justify;\">RECURSOS<\/p>\n<p style=\"text-align: justify;\">FOTOS<\/p>\n<p style=\"text-align: justify;\"><a href=\"http:\/\/agora.xtec.cat\/ceip-estel-stguim\/wp-content\/uploads\/usu237\/2016\/04\/imatge-1-africa.png\"><img loading=\"lazy\" decoding=\"async\" class=\"alignnone size-full wp-image-938\" src=\"http:\/\/agora.xtec.cat\/ceip-estel-stguim\/wp-content\/uploads\/usu237\/2016\/04\/imatge-1-africa.png\" alt=\"imatge 1 africa\" width=\"678\" height=\"442\" srcset=\"https:\/\/agora.xtec.cat\/ceip-estel-stguim\/wp-content\/uploads\/usu237\/2016\/04\/imatge-1-africa.png 678w, https:\/\/agora.xtec.cat\/ceip-estel-stguim\/wp-content\/uploads\/usu237\/2016\/04\/imatge-1-africa-300x196.png 300w\" sizes=\"auto, (max-width: 678px) 100vw, 678px\" \/><\/a><\/p>\n<p style=\"text-align: justify;\"><a href=\"http:\/\/agora.xtec.cat\/ceip-estel-stguim\/wp-content\/uploads\/usu237\/2016\/04\/africa-foto-2.png\"><img loading=\"lazy\" decoding=\"async\" class=\"alignnone size-full wp-image-940\" src=\"http:\/\/agora.xtec.cat\/ceip-estel-stguim\/wp-content\/uploads\/usu237\/2016\/04\/africa-foto-2.png\" alt=\"africa foto 2\" width=\"442\" height=\"582\" srcset=\"https:\/\/agora.xtec.cat\/ceip-estel-stguim\/wp-content\/uploads\/usu237\/2016\/04\/africa-foto-2.png 442w, https:\/\/agora.xtec.cat\/ceip-estel-stguim\/wp-content\/uploads\/usu237\/2016\/04\/africa-foto-2-228x300.png 228w\" sizes=\"auto, (max-width: 442px) 100vw, 442px\" \/><\/a><\/p>\n<p style=\"text-align: justify;\">FITXA 1<\/p>\n<p>Q\u00fcestionari:<\/p>\n<p style=\"text-align: justify;\">1. Quina fotografia us crida m\u00e9s l\u2019atenci\u00f3? Per qu\u00e8?<br \/>\n2. Feu una relaci\u00f3 dels estris i materials que teniu a classe.<br \/>\nCompareu els estris i materials que tenen els nens i nenes de les fotos amb els vostres.<br \/>\n3. Qu\u00e8 us crida m\u00e9s l\u2019atenci\u00f3?<br \/>\n4. Descriu com \u00e9s la teva classe. Compareu les classes de les fotos amb la vostra.<br \/>\n5. Qu\u00e8 us crida m\u00e9s l\u2019atenci\u00f3?<br \/>\n6. Us agradaria anar a classes como les de les fotos?<br \/>\n7. Aquestes condicions, us semblen adients per estudiar i tirar endavant el curs?<br \/>\n8. Quina expressi\u00f3 tenen els nens i nenes de les fotografies? Per qu\u00e8 creieu que \u00e9s aix\u00ed?<\/p>\n","protected":false},"excerpt":{"rendered":"<p>Aquesta activitat pot fer-se als tres cicles de Prim\u00e0ria, adaptant-la a les necessitats de cada classe O B J E [&hellip;]<\/p>\n","protected":false},"author":8,"featured_media":1571,"comment_status":"open","ping_status":"open","sticky":false,"template":"","format":"standard","meta":{"_bbp_topic_count":0,"_bbp_reply_count":0,"_bbp_total_topic_count":0,"_bbp_total_reply_count":0,"_bbp_voice_count":0,"_bbp_anonymous_reply_count":0,"_bbp_topic_count_hidden":0,"_bbp_reply_count_hidden":0,"_bbp_forum_subforum_count":0,"site-sidebar-layout":"default","site-content-layout":"","ast-site-content-layout":"","site-content-style":"default","site-sidebar-style":"default","ast-global-header-display":"","ast-banner-title-visibility":"","ast-main-header-display":"","ast-hfb-above-header-display":"","ast-hfb-below-header-display":"","ast-hfb-mobile-header-display":"","site-post-title":"","ast-breadcrumbs-content":"","ast-featured-img":"","footer-sml-layout":"","theme-transparent-header-meta":"","adv-header-id-meta":"","stick-header-meta":"","header-above-stick-meta":"","header-main-stick-meta":"","header-below-stick-meta":"","astra-migrate-meta-layouts":"default","ast-page-background-enabled":"default","ast-page-background-meta":{"desktop":{"background-color":"var(--ast-global-color-4)","background-image":"","background-repeat":"repeat","background-position":"center center","background-size":"auto","background-attachment":"scroll","background-type":"","background-media":"","overlay-type":"","overlay-color":"","overlay-opacity":"","overlay-gradient":""},"tablet":{"background-color":"","background-image":"","background-repeat":"repeat","background-position":"center center","background-size":"auto","background-attachment":"scroll","background-type":"","background-media":"","overlay-type":"","overlay-color":"","overlay-opacity":"","overlay-gradient":""},"mobile":{"background-color":"","background-image":"","background-repeat":"repeat","background-position":"center center","background-size":"auto","background-attachment":"scroll","background-type":"","background-media":"","overlay-type":"","overlay-color":"","overlay-opacity":"","overlay-gradient":""}},"ast-content-background-meta":{"desktop":{"background-color":"var(--ast-global-color-5)","background-image":"","background-repeat":"repeat","background-position":"center center","background-size":"auto","background-attachment":"scroll","background-type":"","background-media":"","overlay-type":"","overlay-color":"","overlay-opacity":"","overlay-gradient":""},"tablet":{"background-color":"var(--ast-global-color-5)","background-image":"","background-repeat":"repeat","background-position":"center center","background-size":"auto","background-attachment":"scroll","background-type":"","background-media":"","overlay-type":"","overlay-color":"","overlay-opacity":"","overlay-gradient":""},"mobile":{"background-color":"var(--ast-global-color-5)","background-image":"","background-repeat":"repeat","background-position":"center center","background-size":"auto","background-attachment":"scroll","background-type":"","background-media":"","overlay-type":"","overlay-color":"","overlay-opacity":"","overlay-gradient":""}},"footnotes":""},"categories":[56],"tags":[],"class_list":["post-926","post","type-post","status-publish","format-standard","has-post-thumbnail","hentry","category-treballant-la-responsabilitat"],"post_mailing_queue_ids":[],"_links":{"self":[{"href":"https:\/\/agora.xtec.cat\/ceip-estel-stguim\/wp-json\/wp\/v2\/posts\/926","targetHints":{"allow":["GET"]}}],"collection":[{"href":"https:\/\/agora.xtec.cat\/ceip-estel-stguim\/wp-json\/wp\/v2\/posts"}],"about":[{"href":"https:\/\/agora.xtec.cat\/ceip-estel-stguim\/wp-json\/wp\/v2\/types\/post"}],"author":[{"embeddable":true,"href":"https:\/\/agora.xtec.cat\/ceip-estel-stguim\/wp-json\/wp\/v2\/users\/8"}],"replies":[{"embeddable":true,"href":"https:\/\/agora.xtec.cat\/ceip-estel-stguim\/wp-json\/wp\/v2\/comments?post=926"}],"version-history":[{"count":3,"href":"https:\/\/agora.xtec.cat\/ceip-estel-stguim\/wp-json\/wp\/v2\/posts\/926\/revisions"}],"predecessor-version":[{"id":1009,"href":"https:\/\/agora.xtec.cat\/ceip-estel-stguim\/wp-json\/wp\/v2\/posts\/926\/revisions\/1009"}],"wp:featuredmedia":[{"embeddable":true,"href":"https:\/\/agora.xtec.cat\/ceip-estel-stguim\/wp-json\/wp\/v2\/media\/1571"}],"wp:attachment":[{"href":"https:\/\/agora.xtec.cat\/ceip-estel-stguim\/wp-json\/wp\/v2\/media?parent=926"}],"wp:term":[{"taxonomy":"category","embeddable":true,"href":"https:\/\/agora.xtec.cat\/ceip-estel-stguim\/wp-json\/wp\/v2\/categories?post=926"},{"taxonomy":"post_tag","embeddable":true,"href":"https:\/\/agora.xtec.cat\/ceip-estel-stguim\/wp-json\/wp\/v2\/tags?post=926"}],"curies":[{"name":"wp","href":"https:\/\/api.w.org\/{rel}","templated":true}]}}