{"id":908,"date":"2016-04-13T12:48:06","date_gmt":"2016-04-13T11:48:06","guid":{"rendered":"http:\/\/agora.xtec.cat\/ceip-estel-stguim\/?p=908"},"modified":"2016-06-01T13:11:23","modified_gmt":"2016-06-01T12:11:23","slug":"resolucio-de-conflictes","status":"publish","type":"post","link":"https:\/\/agora.xtec.cat\/ceip-estel-stguim\/treballant-la-convivencia\/resolucio-de-conflictes\/","title":{"rendered":"CARRERA DE COTXES"},"content":{"rendered":"<p style=\"text-align: justify;\"><strong>Objectius:<\/strong> treballar la cooperaci\u00f3 i el treball en equip.<br \/>\n<strong>Material:<\/strong> annex llistat de pistes, folis i bol\u00edgrafs.<br \/>\n<strong>Desenvolupament:<\/strong> Es dividir\u00e0 el grup en subgrups i cada subgrup tindr\u00e0 el mateix objectiu amb les mateixes pistes. L\u2019explicaci\u00f3 ser\u00e0 la seg\u00fcent: hi ha hagut una carrera de 6 cotxes, i hem de saber amb quin ordre han arribat, quines marques i de quins colors eren els cotxes, com per exemple; el n\u00famero 8 era un Ford Festa vermell.<\/p>\n<p style=\"text-align: justify;\"><strong>PISTES:<\/strong><br \/>\nEL N\u00daMERO 2 VA DARRERA D\u2019UN OPEL ASTRA<br \/>\nEL N\u00daMERO 3 VA DARRERA D\u2019UN FORD KA I DAVANT D\u2019UN COTXE VERMELL<br \/>\nEl N\u00daMERO 1 \u00c9S UN COTXE NEGRE QUE VA DAVANT D\u2019UN COTXE GROC<br \/>\nEL N\u00daMERO 4 \u00c9S UN FORD ESCORD I VA DAVANT D\u2019UN COTXE BLAU<br \/>\nL\u2019AUDI 3 \u00c9S GRIS<br \/>\nEL COTXE BLANC \u00c9S EL DARRER<br \/>\nEL RENAULT TWINGO VA DAVANT L\u2019OPEL CORSA BLANC<\/p>\n<p style=\"text-align: justify;\"><strong>*RESOLUCI\u00d3:<\/strong><br \/>\n1- OPEL ASTRA NEGRE<br \/>\n2- FORD KA GROC<br \/>\n3- AUDI 3 GRIS<br \/>\n4- FORD ESCORD VERMELL<br \/>\n5- RENAULT TWINGO BLAU<br \/>\n6- OPEL CORSA BLANC<\/p>\n<p style=\"text-align: justify;\"><strong>Posada en com\u00fa:<\/strong> els grups que no ho hagin aconseguit, explicaran perqu\u00e8 no ho han aconseguit, i els altres, com ho han aconseguit. Explicaci\u00f3 del concepte de cooperaci\u00f3. Fer llistat de situacions on hi hagi cooperaci\u00f3.<\/p>\n","protected":false},"excerpt":{"rendered":"<p>Objectius: treballar la cooperaci\u00f3 i el treball en equip. Material: annex llistat de pistes, folis i bol\u00edgrafs. Desenvolupament: Es dividir\u00e0 [&hellip;]<\/p>\n","protected":false},"author":16,"featured_media":1608,"comment_status":"open","ping_status":"open","sticky":false,"template":"","format":"standard","meta":{"_bbp_topic_count":0,"_bbp_reply_count":0,"_bbp_total_topic_count":0,"_bbp_total_reply_count":0,"_bbp_voice_count":0,"_bbp_anonymous_reply_count":0,"_bbp_topic_count_hidden":0,"_bbp_reply_count_hidden":0,"_bbp_forum_subforum_count":0,"site-sidebar-layout":"default","site-content-layout":"","ast-site-content-layout":"","site-content-style":"default","site-sidebar-style":"default","ast-global-header-display":"","ast-banner-title-visibility":"","ast-main-header-display":"","ast-hfb-above-header-display":"","ast-hfb-below-header-display":"","ast-hfb-mobile-header-display":"","site-post-title":"","ast-breadcrumbs-content":"","ast-featured-img":"","footer-sml-layout":"","theme-transparent-header-meta":"","adv-header-id-meta":"","stick-header-meta":"","header-above-stick-meta":"","header-main-stick-meta":"","header-below-stick-meta":"","astra-migrate-meta-layouts":"default","ast-page-background-enabled":"default","ast-page-background-meta":{"desktop":{"background-color":"var(--ast-global-color-4)","background-image":"","background-repeat":"repeat","background-position":"center center","background-size":"auto","background-attachment":"scroll","background-type":"","background-media":"","overlay-type":"","overlay-color":"","overlay-opacity":"","overlay-gradient":""},"tablet":{"background-color":"","background-image":"","background-repeat":"repeat","background-position":"center center","background-size":"auto","background-attachment":"scroll","background-type":"","background-media":"","overlay-type":"","overlay-color":"","overlay-opacity":"","overlay-gradient":""},"mobile":{"background-color":"","background-image":"","background-repeat":"repeat","background-position":"center center","background-size":"auto","background-attachment":"scroll","background-type":"","background-media":"","overlay-type":"","overlay-color":"","overlay-opacity":"","overlay-gradient":""}},"ast-content-background-meta":{"desktop":{"background-color":"var(--ast-global-color-5)","background-image":"","background-repeat":"repeat","background-position":"center center","background-size":"auto","background-attachment":"scroll","background-type":"","background-media":"","overlay-type":"","overlay-color":"","overlay-opacity":"","overlay-gradient":""},"tablet":{"background-color":"var(--ast-global-color-5)","background-image":"","background-repeat":"repeat","background-position":"center center","background-size":"auto","background-attachment":"scroll","background-type":"","background-media":"","overlay-type":"","overlay-color":"","overlay-opacity":"","overlay-gradient":""},"mobile":{"background-color":"var(--ast-global-color-5)","background-image":"","background-repeat":"repeat","background-position":"center center","background-size":"auto","background-attachment":"scroll","background-type":"","background-media":"","overlay-type":"","overlay-color":"","overlay-opacity":"","overlay-gradient":""}},"footnotes":""},"categories":[55],"tags":[],"class_list":["post-908","post","type-post","status-publish","format-standard","has-post-thumbnail","hentry","category-treballant-la-convivencia"],"post_mailing_queue_ids":[],"_links":{"self":[{"href":"https:\/\/agora.xtec.cat\/ceip-estel-stguim\/wp-json\/wp\/v2\/posts\/908","targetHints":{"allow":["GET"]}}],"collection":[{"href":"https:\/\/agora.xtec.cat\/ceip-estel-stguim\/wp-json\/wp\/v2\/posts"}],"about":[{"href":"https:\/\/agora.xtec.cat\/ceip-estel-stguim\/wp-json\/wp\/v2\/types\/post"}],"author":[{"embeddable":true,"href":"https:\/\/agora.xtec.cat\/ceip-estel-stguim\/wp-json\/wp\/v2\/users\/16"}],"replies":[{"embeddable":true,"href":"https:\/\/agora.xtec.cat\/ceip-estel-stguim\/wp-json\/wp\/v2\/comments?post=908"}],"version-history":[{"count":3,"href":"https:\/\/agora.xtec.cat\/ceip-estel-stguim\/wp-json\/wp\/v2\/posts\/908\/revisions"}],"predecessor-version":[{"id":929,"href":"https:\/\/agora.xtec.cat\/ceip-estel-stguim\/wp-json\/wp\/v2\/posts\/908\/revisions\/929"}],"wp:featuredmedia":[{"embeddable":true,"href":"https:\/\/agora.xtec.cat\/ceip-estel-stguim\/wp-json\/wp\/v2\/media\/1608"}],"wp:attachment":[{"href":"https:\/\/agora.xtec.cat\/ceip-estel-stguim\/wp-json\/wp\/v2\/media?parent=908"}],"wp:term":[{"taxonomy":"category","embeddable":true,"href":"https:\/\/agora.xtec.cat\/ceip-estel-stguim\/wp-json\/wp\/v2\/categories?post=908"},{"taxonomy":"post_tag","embeddable":true,"href":"https:\/\/agora.xtec.cat\/ceip-estel-stguim\/wp-json\/wp\/v2\/tags?post=908"}],"curies":[{"name":"wp","href":"https:\/\/api.w.org\/{rel}","templated":true}]}}