{"id":893,"date":"2016-04-13T12:40:28","date_gmt":"2016-04-13T11:40:28","guid":{"rendered":"http:\/\/agora.xtec.cat\/ceip-estel-stguim\/?p=893"},"modified":"2016-06-01T12:50:08","modified_gmt":"2016-06-01T11:50:08","slug":"joc-espacial-de-la-nasa","status":"publish","type":"post","link":"https:\/\/agora.xtec.cat\/ceip-estel-stguim\/treballant-la-responsabilitat\/joc-espacial-de-la-nasa\/","title":{"rendered":"JOC ESPACIAL DE LA NASA"},"content":{"rendered":"<p style=\"text-align: justify;\"><strong>Edat: 6\u00e8.<\/strong><br \/>\n<strong>Agrupament:<\/strong> primer individual i despr\u00e9s grups de 5.<br \/>\n<strong>Material<\/strong>: &#8211; una fotoc\u00f2pia del llistat de material *.<br \/>\n<strong>Activitat<\/strong>: S&#8217;explica que es troben en una emerg\u00e8ncia a l&#8217;espai i que han d&#8217;ordenar una llista de material de m\u00e9s a menys \u00fatil en\u00a0 la situaci\u00f3 en qu\u00e8 es troben.<br \/>\nEs reparteix un llistat de material a cada participant i es deixen entre 5 i 10 minuts per a qu\u00e8 l&#8217;ordeni de m\u00e9s a menys necessari. No es pot parlar amb ning\u00fa.<br \/>\nDespr\u00e9s s&#8217;agrupen de 5 en 5 i comenten la prioritat que ha donat cadasc\u00fa, tot elaborant-ne una altra entre tots i justificant-la.<br \/>\nPosteriorment es posa en com\u00fa entre tota la classe. L&#8217;objectiu d&#8217;aquest joc \u00e9s valorar que les decisions preses en grup i ben justificades s\u00f3n m\u00e9s encertades que les individuals. Cada membre del grup aporta la seva opini\u00f3 i els seus coneixements, enriquint d&#8217;aquesta manera el resultat del treball.<br \/>\nLa valoraci\u00f3 correcta no coincideix en les diferents fonts consultades. De totes maneres m\u00e9s que la soluci\u00f3 correcta exacta, el que cal \u00e9s el raonament i l&#8217;aportaci\u00f3 de tots els membres del grup.<\/p>\n<p><a href=\"http:\/\/agora.xtec.cat\/ceip-estel-stguim\/wp-content\/uploads\/usu237\/2016\/04\/asdasd.jpeg\"><img loading=\"lazy\" decoding=\"async\" class=\"alignnone size-full wp-image-904\" src=\"http:\/\/agora.xtec.cat\/ceip-estel-stguim\/wp-content\/uploads\/usu237\/2016\/04\/asdasd.jpeg\" alt=\"asdasd\" width=\"430\" height=\"255\" srcset=\"https:\/\/agora.xtec.cat\/ceip-estel-stguim\/wp-content\/uploads\/usu237\/2016\/04\/asdasd.jpeg 430w, https:\/\/agora.xtec.cat\/ceip-estel-stguim\/wp-content\/uploads\/usu237\/2016\/04\/asdasd-300x178.jpeg 300w\" sizes=\"auto, (max-width: 430px) 100vw, 430px\" \/><\/a><\/p>\n<p>&nbsp;<\/p>\n","protected":false},"excerpt":{"rendered":"<p>Edat: 6\u00e8. Agrupament: primer individual i despr\u00e9s grups de 5. Material: &#8211; una fotoc\u00f2pia del llistat de material *. Activitat: [&hellip;]<\/p>\n","protected":false},"author":8,"featured_media":1572,"comment_status":"open","ping_status":"open","sticky":false,"template":"","format":"standard","meta":{"_bbp_topic_count":0,"_bbp_reply_count":0,"_bbp_total_topic_count":0,"_bbp_total_reply_count":0,"_bbp_voice_count":0,"_bbp_anonymous_reply_count":0,"_bbp_topic_count_hidden":0,"_bbp_reply_count_hidden":0,"_bbp_forum_subforum_count":0,"site-sidebar-layout":"default","site-content-layout":"","ast-site-content-layout":"","site-content-style":"default","site-sidebar-style":"default","ast-global-header-display":"","ast-banner-title-visibility":"","ast-main-header-display":"","ast-hfb-above-header-display":"","ast-hfb-below-header-display":"","ast-hfb-mobile-header-display":"","site-post-title":"","ast-breadcrumbs-content":"","ast-featured-img":"","footer-sml-layout":"","theme-transparent-header-meta":"","adv-header-id-meta":"","stick-header-meta":"","header-above-stick-meta":"","header-main-stick-meta":"","header-below-stick-meta":"","astra-migrate-meta-layouts":"default","ast-page-background-enabled":"default","ast-page-background-meta":{"desktop":{"background-color":"var(--ast-global-color-4)","background-image":"","background-repeat":"repeat","background-position":"center center","background-size":"auto","background-attachment":"scroll","background-type":"","background-media":"","overlay-type":"","overlay-color":"","overlay-opacity":"","overlay-gradient":""},"tablet":{"background-color":"","background-image":"","background-repeat":"repeat","background-position":"center center","background-size":"auto","background-attachment":"scroll","background-type":"","background-media":"","overlay-type":"","overlay-color":"","overlay-opacity":"","overlay-gradient":""},"mobile":{"background-color":"","background-image":"","background-repeat":"repeat","background-position":"center center","background-size":"auto","background-attachment":"scroll","background-type":"","background-media":"","overlay-type":"","overlay-color":"","overlay-opacity":"","overlay-gradient":""}},"ast-content-background-meta":{"desktop":{"background-color":"var(--ast-global-color-5)","background-image":"","background-repeat":"repeat","background-position":"center center","background-size":"auto","background-attachment":"scroll","background-type":"","background-media":"","overlay-type":"","overlay-color":"","overlay-opacity":"","overlay-gradient":""},"tablet":{"background-color":"var(--ast-global-color-5)","background-image":"","background-repeat":"repeat","background-position":"center center","background-size":"auto","background-attachment":"scroll","background-type":"","background-media":"","overlay-type":"","overlay-color":"","overlay-opacity":"","overlay-gradient":""},"mobile":{"background-color":"var(--ast-global-color-5)","background-image":"","background-repeat":"repeat","background-position":"center center","background-size":"auto","background-attachment":"scroll","background-type":"","background-media":"","overlay-type":"","overlay-color":"","overlay-opacity":"","overlay-gradient":""}},"footnotes":""},"categories":[56],"tags":[],"class_list":["post-893","post","type-post","status-publish","format-standard","has-post-thumbnail","hentry","category-treballant-la-responsabilitat"],"post_mailing_queue_ids":[],"_links":{"self":[{"href":"https:\/\/agora.xtec.cat\/ceip-estel-stguim\/wp-json\/wp\/v2\/posts\/893","targetHints":{"allow":["GET"]}}],"collection":[{"href":"https:\/\/agora.xtec.cat\/ceip-estel-stguim\/wp-json\/wp\/v2\/posts"}],"about":[{"href":"https:\/\/agora.xtec.cat\/ceip-estel-stguim\/wp-json\/wp\/v2\/types\/post"}],"author":[{"embeddable":true,"href":"https:\/\/agora.xtec.cat\/ceip-estel-stguim\/wp-json\/wp\/v2\/users\/8"}],"replies":[{"embeddable":true,"href":"https:\/\/agora.xtec.cat\/ceip-estel-stguim\/wp-json\/wp\/v2\/comments?post=893"}],"version-history":[{"count":2,"href":"https:\/\/agora.xtec.cat\/ceip-estel-stguim\/wp-json\/wp\/v2\/posts\/893\/revisions"}],"predecessor-version":[{"id":937,"href":"https:\/\/agora.xtec.cat\/ceip-estel-stguim\/wp-json\/wp\/v2\/posts\/893\/revisions\/937"}],"wp:featuredmedia":[{"embeddable":true,"href":"https:\/\/agora.xtec.cat\/ceip-estel-stguim\/wp-json\/wp\/v2\/media\/1572"}],"wp:attachment":[{"href":"https:\/\/agora.xtec.cat\/ceip-estel-stguim\/wp-json\/wp\/v2\/media?parent=893"}],"wp:term":[{"taxonomy":"category","embeddable":true,"href":"https:\/\/agora.xtec.cat\/ceip-estel-stguim\/wp-json\/wp\/v2\/categories?post=893"},{"taxonomy":"post_tag","embeddable":true,"href":"https:\/\/agora.xtec.cat\/ceip-estel-stguim\/wp-json\/wp\/v2\/tags?post=893"}],"curies":[{"name":"wp","href":"https:\/\/api.w.org\/{rel}","templated":true}]}}