{"id":7548,"date":"2022-02-16T15:58:03","date_gmt":"2022-02-16T14:58:03","guid":{"rendered":"https:\/\/agora.xtec.cat\/ceip-estel-stguim\/?p=7548"},"modified":"2022-02-16T15:58:34","modified_gmt":"2022-02-16T14:58:34","slug":"carnaval-carnaval-carnaval-testimo","status":"publish","type":"post","link":"https:\/\/agora.xtec.cat\/ceip-estel-stguim\/portada\/carnaval-carnaval-carnaval-testimo\/","title":{"rendered":"CARNAVAL, CARNAVAL&#8230;CARNAVAL T&#8217;ESTIMO&#8230;"},"content":{"rendered":"<div>\n<div dir=\"ltr\" data-smartmail=\"gmail_signature\">\n<div dir=\"ltr\">\n<div dir=\"ltr\">\n<div dir=\"ltr\">\n<div dir=\"ltr\">\n<div dir=\"ltr\">\n<div dir=\"ltr\">\n<div dir=\"ltr\">\n<div dir=\"ltr\">\n<div>\n<div>Benvolgudes fam\u00edlies,<\/div>\n<div><\/div>\n<div><\/div>\n<\/div>\n<\/div>\n<\/div>\n<\/div>\n<\/div>\n<\/div>\n<\/div>\n<\/div>\n<\/div>\n<\/div>\n<\/div>\n<div class=\"gmail_quote\">\n<div dir=\"ltr\">\n<div>Us fem saber que aquest any celebrem el Carnaval el proper <span style=\"font-size: large;\"><b>divendres 25 de febrer\u00a0<\/b><\/span>a partir de les 15:00 h. Esteu convidats a la rua i a disfressar-vos, si us ve de gust.<\/div>\n<div>&#8211; Farem una rua pel poble amb acompanyament d&#8217;una Batucada per part de l&#8217;alumnat de 6\u00e8 a l&#8217;inici i al final.<\/div>\n<div>&#8211; Llegirem el Testament del Rei Carnestoltes al balc\u00f3 de l&#8217;Ajuntament.<\/div>\n<div>&#8211; Cremarem el Rei Carnestoltes al pati d&#8217; Infantil.<\/div>\n<div>&#8211; L&#8217;alumnat retornar\u00e0 a les aules i dins l&#8217;horari habitual, podreu recollir els vostres fills\/filles.<\/div>\n<div><\/div>\n<div>Donada la situaci\u00f3 canviant de protocols i les \u00faltimes setmanes viscudes aquest segon trimestre ens ha sigut impossible mantenir el format que port\u00e0vem a terme aquests \u00faltims anys on la Comissi\u00f3 de Carnestoltes, formada per fam\u00edlies, dissenyava les disfresses i us les feia arribar,\u00a0 juntament amb el material, a casa vostra.<\/div>\n<div><\/div>\n<div><\/div>\n<div><span style=\"font-size: large;\"><b>Aix\u00ed doncs, com celebrarem aquest any el Carnaval?<\/b><\/span><\/div>\n<div><\/div>\n<div><\/div>\n<div>Les disfresses de cada cicle giraran entorn a l&#8217;eix transversal d&#8217;aquest curs: ELS ESPORTS.<\/div>\n<div>Cada curs elaborar\u00e0 les disfresses a l&#8217;aula. Us demanarem col.laboraci\u00f3 en els complements que hauran de dur els vostres fills\/es a l&#8217;escola i que seran diferents per a cada cicle.<\/div>\n<div><\/div>\n<div><\/div>\n<div>\n<table width=\"963\" cellspacing=\"0\" cellpadding=\"6\">\n<colgroup>\n<col width=\"163\" \/>\n<col width=\"164\" \/>\n<col width=\"599\" \/><\/colgroup>\n<tbody>\n<tr valign=\"top\">\n<td width=\"163\">\n<p align=\"center\"><span style=\"font-family: Arial, sans-serif; font-size: small;\"><b>CICLES<\/b><\/span><\/p>\n<\/td>\n<td width=\"164\">\n<p align=\"center\"><span style=\"font-family: Arial, sans-serif; font-size: small;\"><b>DISFRESSES<\/b><\/span><\/p>\n<\/td>\n<td width=\"599\"><span style=\"font-family: Arial, sans-serif; font-size: small;\"><b>MATERIAL QUE HAN DE PORTAR DE CASA<\/b><\/span><\/td>\n<\/tr>\n<tr valign=\"top\">\n<td width=\"163\">\n<p align=\"center\"><span style=\"font-family: Arial, sans-serif; font-size: small;\">Ed. INFANTIL<\/span><\/p>\n<p align=\"center\"><span style=\"font-family: Arial, sans-serif; font-size: small;\">(P3 \u2013 P4 -P5)<\/span><\/p>\n<\/td>\n<td width=\"164\">\n<p align=\"center\"><span style=\"font-family: Arial, sans-serif; font-size: small;\">Futbol<\/span><\/p>\n<\/td>\n<td width=\"599\"><span style=\"font-family: Arial, sans-serif; font-size: small;\">-El\u00a0 divendres 25 han de venir vestits de color fosc ( malles, leggins, samarreta, jersei) mitjons llargs i unes bambes<\/span><\/p>\n<div>&#8211; Tamb\u00e9 ens haureu de portar abans del\u00a0 18 de febrer: &#8211; Una samarreta vella, llisa i de color clar (per poder cosir o grapar) i uns pantalons d&#8217;esport curts.<\/div>\n<p>&nbsp;<\/td>\n<\/tr>\n<tr valign=\"top\">\n<td width=\"163\">\n<p align=\"center\"><span style=\"font-family: Arial, sans-serif; font-size: small;\">C.I.<\/span><\/p>\n<p align=\"center\"><span style=\"font-family: Arial, sans-serif; font-size: small;\">(1r-2n)<\/span><\/p>\n<\/td>\n<td width=\"164\">\n<p align=\"center\"><span style=\"font-family: Arial, sans-serif; font-size: small;\">Submarinistes<\/span><\/p>\n<\/td>\n<td width=\"599\"><span style=\"font-family: Arial, sans-serif; font-size: small;\">&#8211; Han de portar ( tan aviat com sigui possible) dues ampolles buides de pl\u00e0stic iguals de refresc\/aigua\u00a0 (1\u20195 l \u2013 2 l)<\/span><\/p>\n<p><span style=\"font-family: Arial, sans-serif; font-size: small;\">&#8211; El divendres 25 han de venir vestits de negre amb un cintur\u00f3 negre o marr\u00f3.<\/span><\/td>\n<\/tr>\n<tr valign=\"top\">\n<td width=\"163\">\n<p align=\"center\"><span style=\"font-family: Arial, sans-serif; font-size: small;\">C.M.<\/span><\/p>\n<p align=\"center\"><span style=\"font-family: Arial, sans-serif; font-size: small;\">(3r\u00a0&#8211; 4t)<\/span><\/p>\n<\/td>\n<td width=\"164\">\n<p align=\"center\"><span style=\"font-family: Arial, sans-serif; font-size: small;\">P\u00e0del<\/span><\/p>\n<\/td>\n<td width=\"599\"><span style=\"font-family: Arial, sans-serif; font-size: small;\">&#8211; Han de portar (tan aviat com sigui possible) capses de cartr\u00f3.<br \/>\n<\/span><span style=\"font-family: Arial, sans-serif; font-size: small;\">&#8211; El divendres 25 han de venir vestits d&#8217;esport, preferentment de color blanc o negre.<\/span><\/td>\n<\/tr>\n<tr valign=\"top\">\n<td width=\"163\">\n<p align=\"center\"><span style=\"font-family: Arial, sans-serif; font-size: small;\">C.S.<\/span><\/p>\n<p align=\"center\"><span style=\"font-family: Arial, sans-serif; font-size: small;\">(5\u00e8\u00a0&#8211; 6\u00e8)<\/span><\/p>\n<\/td>\n<td width=\"164\">\n<p align=\"center\"><span style=\"font-family: Arial, sans-serif; font-size: small;\">B\u00e0squet<\/span><\/p>\n<\/td>\n<td width=\"599\"><span style=\"font-family: Arial, sans-serif; font-size: small;\">-El divendres 25 han de venir vestits d&#8217;esport amb uns pantalons curts negres (per no passar fred unes malles negres) i un jersei\/samarreta negra de m\u00e0niga llarga.<\/span><\/td>\n<\/tr>\n<\/tbody>\n<\/table>\n<p><a href=\"https:\/\/agora.xtec.cat\/ceip-estel-stguim\/wp-content\/uploads\/usu237\/2022\/02\/018104-20211120221406.png\"><img loading=\"lazy\" decoding=\"async\" class=\"aligncenter size-full wp-image-7550\" src=\"https:\/\/agora.xtec.cat\/ceip-estel-stguim\/wp-content\/uploads\/usu237\/2022\/02\/018104-20211120221406.png\" alt=\"\" width=\"479\" height=\"450\" srcset=\"https:\/\/agora.xtec.cat\/ceip-estel-stguim\/wp-content\/uploads\/usu237\/2022\/02\/018104-20211120221406.png 479w, https:\/\/agora.xtec.cat\/ceip-estel-stguim\/wp-content\/uploads\/usu237\/2022\/02\/018104-20211120221406-300x282.png 300w\" sizes=\"auto, (max-width: 479px) 100vw, 479px\" \/><\/a><\/p>\n<\/div>\n<\/div>\n<\/div>\n","protected":false},"excerpt":{"rendered":"<p>Benvolgudes fam\u00edlies, Us fem saber que aquest any celebrem el Carnaval el proper divendres 25 de febrer\u00a0a partir de les [&hellip;]<\/p>\n","protected":false},"author":1,"featured_media":7550,"comment_status":"open","ping_status":"closed","sticky":false,"template":"","format":"standard","meta":{"_bbp_topic_count":0,"_bbp_reply_count":0,"_bbp_total_topic_count":0,"_bbp_total_reply_count":0,"_bbp_voice_count":0,"_bbp_anonymous_reply_count":0,"_bbp_topic_count_hidden":0,"_bbp_reply_count_hidden":0,"_bbp_forum_subforum_count":0,"site-sidebar-layout":"default","site-content-layout":"","ast-site-content-layout":"","site-content-style":"default","site-sidebar-style":"default","ast-global-header-display":"","ast-banner-title-visibility":"","ast-main-header-display":"","ast-hfb-above-header-display":"","ast-hfb-below-header-display":"","ast-hfb-mobile-header-display":"","site-post-title":"","ast-breadcrumbs-content":"","ast-featured-img":"","footer-sml-layout":"","theme-transparent-header-meta":"","adv-header-id-meta":"","stick-header-meta":"","header-above-stick-meta":"","header-main-stick-meta":"","header-below-stick-meta":"","astra-migrate-meta-layouts":"default","ast-page-background-enabled":"default","ast-page-background-meta":{"desktop":{"background-color":"var(--ast-global-color-4)","background-image":"","background-repeat":"repeat","background-position":"center center","background-size":"auto","background-attachment":"scroll","background-type":"","background-media":"","overlay-type":"","overlay-color":"","overlay-opacity":"","overlay-gradient":""},"tablet":{"background-color":"","background-image":"","background-repeat":"repeat","background-position":"center center","background-size":"auto","background-attachment":"scroll","background-type":"","background-media":"","overlay-type":"","overlay-color":"","overlay-opacity":"","overlay-gradient":""},"mobile":{"background-color":"","background-image":"","background-repeat":"repeat","background-position":"center center","background-size":"auto","background-attachment":"scroll","background-type":"","background-media":"","overlay-type":"","overlay-color":"","overlay-opacity":"","overlay-gradient":""}},"ast-content-background-meta":{"desktop":{"background-color":"var(--ast-global-color-5)","background-image":"","background-repeat":"repeat","background-position":"center center","background-size":"auto","background-attachment":"scroll","background-type":"","background-media":"","overlay-type":"","overlay-color":"","overlay-opacity":"","overlay-gradient":""},"tablet":{"background-color":"var(--ast-global-color-5)","background-image":"","background-repeat":"repeat","background-position":"center center","background-size":"auto","background-attachment":"scroll","background-type":"","background-media":"","overlay-type":"","overlay-color":"","overlay-opacity":"","overlay-gradient":""},"mobile":{"background-color":"var(--ast-global-color-5)","background-image":"","background-repeat":"repeat","background-position":"center center","background-size":"auto","background-attachment":"scroll","background-type":"","background-media":"","overlay-type":"","overlay-color":"","overlay-opacity":"","overlay-gradient":""}},"footnotes":""},"categories":[29,4],"tags":[],"class_list":["post-7548","post","type-post","status-publish","format-standard","has-post-thumbnail","hentry","category-carnestoltes","category-portada"],"post_mailing_queue_ids":[],"_links":{"self":[{"href":"https:\/\/agora.xtec.cat\/ceip-estel-stguim\/wp-json\/wp\/v2\/posts\/7548","targetHints":{"allow":["GET"]}}],"collection":[{"href":"https:\/\/agora.xtec.cat\/ceip-estel-stguim\/wp-json\/wp\/v2\/posts"}],"about":[{"href":"https:\/\/agora.xtec.cat\/ceip-estel-stguim\/wp-json\/wp\/v2\/types\/post"}],"author":[{"embeddable":true,"href":"https:\/\/agora.xtec.cat\/ceip-estel-stguim\/wp-json\/wp\/v2\/users\/1"}],"replies":[{"embeddable":true,"href":"https:\/\/agora.xtec.cat\/ceip-estel-stguim\/wp-json\/wp\/v2\/comments?post=7548"}],"version-history":[{"count":2,"href":"https:\/\/agora.xtec.cat\/ceip-estel-stguim\/wp-json\/wp\/v2\/posts\/7548\/revisions"}],"predecessor-version":[{"id":7552,"href":"https:\/\/agora.xtec.cat\/ceip-estel-stguim\/wp-json\/wp\/v2\/posts\/7548\/revisions\/7552"}],"wp:featuredmedia":[{"embeddable":true,"href":"https:\/\/agora.xtec.cat\/ceip-estel-stguim\/wp-json\/wp\/v2\/media\/7550"}],"wp:attachment":[{"href":"https:\/\/agora.xtec.cat\/ceip-estel-stguim\/wp-json\/wp\/v2\/media?parent=7548"}],"wp:term":[{"taxonomy":"category","embeddable":true,"href":"https:\/\/agora.xtec.cat\/ceip-estel-stguim\/wp-json\/wp\/v2\/categories?post=7548"},{"taxonomy":"post_tag","embeddable":true,"href":"https:\/\/agora.xtec.cat\/ceip-estel-stguim\/wp-json\/wp\/v2\/tags?post=7548"}],"curies":[{"name":"wp","href":"https:\/\/api.w.org\/{rel}","templated":true}]}}