{"id":7537,"date":"2022-02-10T15:37:25","date_gmt":"2022-02-10T14:37:25","guid":{"rendered":"https:\/\/agora.xtec.cat\/ceip-estel-stguim\/?p=7537"},"modified":"2022-02-10T15:37:25","modified_gmt":"2022-02-10T14:37:25","slug":"esquiada-escolar-a-port-aine","status":"publish","type":"post","link":"https:\/\/agora.xtec.cat\/ceip-estel-stguim\/portada\/esquiada-escolar-a-port-aine\/","title":{"rendered":"ESQUIADA ESCOLAR A PORT AIN\u00c9"},"content":{"rendered":"<p style=\"font-weight: 400;\">Benvolgudes fam\u00edlies,<\/p>\n<p style=\"font-weight: 400;\">un any mes us tornem a convidar a l\u2019esquiada del CES.<\/p>\n<p style=\"font-weight: 400;\">Enguany la farem el diumenge\u00a0<strong>6 de mar\u00e7! A l\u2019estaci\u00f3 d\u2019esqu\u00ed de Port Ain\u00e9.<\/strong><\/p>\n<p style=\"font-weight: 400;\">Teniu tres opcions:<\/p>\n<p style=\"font-weight: 400;\"><strong>PREU ESQU\u00cd\/SNOW ALUMNES 3R PRIM\u00c0RIA A BATXILLERAT:\u00a0<\/strong><strong><em>AUTOCAR + FORFAIT + LLOGUER MATERIAL + 4H CLASSE MONITOR + DINAR PISTES = 60\u20ac<\/em><\/strong><\/p>\n<ul>\n<li style=\"font-weight: 400;\">SI NO TENS LLIC\u00c8NCIA ESCOLAR (NO REALITZEU EXTRAESCOLARS AMB EL CONSELL ESPORTIU, ESCOLA BTT, ESCOLA P\u00c0DEL O ACTIVITATS DE CAP DE SETMANA ORGANITZADES PEL CES) S\u2019HA D\u2019AFEGIR 5,50\u20ac \u2013 TOTAL 65,50\u20ac<\/li>\n<li style=\"font-weight: 400;\">Aquestes llic\u00e8ncies tenen un cost de 5,50\u20ac i t\u00e9 una cobertura anual (1 setembre 2021 fins 31 agost 2022) i serveix per a totes les activitats organitzades pel Consell Esportiu de la Segarra.<\/li>\n<\/ul>\n<p style=\"font-weight: 400;\"><strong>PARES ACOMPANYANTS ESQU\u00cd\/SNOW:<\/strong>\u00a0<strong><em>AUTOCAR + FORFAIT + ASSEGURAN\u00c7A + DINAR = 50\u20ac<\/em><\/strong><\/p>\n<p style=\"font-weight: 400;\"><em>(els menors de 3r de prim\u00e0ria, tamb\u00e9 poden agafar aquesta opci\u00f3, sense monitoratge)<\/em><\/p>\n<p style=\"font-weight: 400;\"><strong>PREU PARES ACOMPANYANTS QUE NO ESQUIEN:\u00a0NOM\u00c9S SERVEI AUTOCAR\u00a0<\/strong><strong>= 12\u20ac<\/strong><\/p>\n<p style=\"font-weight: 400;\">Per fer la inscripci\u00f3 teniu fins el dia 25 de febrer i teniu 2 maneres per fer-la: (heu d\u2019escollir-ne una).<\/p>\n<p style=\"font-weight: 400;\">1: Omplir el q\u00fcestionari que trobareu a continuaci\u00f3 i adjuntant tota la informaci\u00f3 que es requereix:\u00a0<strong><a href=\"https:\/\/forms.gle\/rDdKTkmrtUqR6TLC8\" data-saferedirecturl=\"https:\/\/www.google.com\/url?q=https:\/\/forms.gle\/rDdKTkmrtUqR6TLC8&amp;source=gmail&amp;ust=1644589477207000&amp;usg=AOvVaw0QzJ94VlSht2EeBGbUNey0\">Inscripci\u00f3 esquiada CES 2022<\/a><\/strong><\/p>\n<p style=\"font-weight: 400;\">2: Presencialment al CES (al consell comarcal de la Segarra) en horari de 10:00 a 12:00 i els dilluns i dimecres tamb\u00e9 de 15:00 a 17:00. (Imprescindible dur la targeta sanit\u00e0ria i DNI)<\/p>\n<p style=\"font-weight: 400;\">Qualsevol dubte o pregunta teniu el nostre correu:\u00a0<a href=\"http:\/\/www.cesegarra.cat\/esquiada-del-consell-esportiu-2020\/consellesportiu@ccsegarra.cat\" data-saferedirecturl=\"https:\/\/www.google.com\/url?q=http:\/\/www.cesegarra.cat\/esquiada-del-consell-esportiu-2020\/consellesportiu@ccsegarra.cat&amp;source=gmail&amp;ust=1644589477207000&amp;usg=AOvVaw0XCGt7urPzitd2GLr5q8J6\">consellesportiu@ccsegarra.cat<\/a>\u00a0o b\u00e9 el tel\u00e8fon 621 225 886 (Xavi).<\/p>\n<p>&nbsp;<\/p>\n<p><a href=\"https:\/\/agora.xtec.cat\/ceip-estel-stguim\/wp-content\/uploads\/usu237\/2022\/02\/cartell-esquiada.png\"><img loading=\"lazy\" decoding=\"async\" class=\"aligncenter size-full wp-image-7538\" src=\"https:\/\/agora.xtec.cat\/ceip-estel-stguim\/wp-content\/uploads\/usu237\/2022\/02\/cartell-esquiada.png\" alt=\"\" width=\"724\" height=\"1024\" srcset=\"https:\/\/agora.xtec.cat\/ceip-estel-stguim\/wp-content\/uploads\/usu237\/2022\/02\/cartell-esquiada.png 724w, https:\/\/agora.xtec.cat\/ceip-estel-stguim\/wp-content\/uploads\/usu237\/2022\/02\/cartell-esquiada-212x300.png 212w\" sizes=\"auto, (max-width: 724px) 100vw, 724px\" \/><\/a><\/p>\n","protected":false},"excerpt":{"rendered":"<p>Benvolgudes fam\u00edlies, un any mes us tornem a convidar a l\u2019esquiada del CES. Enguany la farem el diumenge\u00a06 de mar\u00e7! [&hellip;]<\/p>\n","protected":false},"author":1,"featured_media":7538,"comment_status":"open","ping_status":"closed","sticky":false,"template":"","format":"standard","meta":{"_bbp_topic_count":0,"_bbp_reply_count":0,"_bbp_total_topic_count":0,"_bbp_total_reply_count":0,"_bbp_voice_count":0,"_bbp_anonymous_reply_count":0,"_bbp_topic_count_hidden":0,"_bbp_reply_count_hidden":0,"_bbp_forum_subforum_count":0,"site-sidebar-layout":"default","site-content-layout":"","ast-site-content-layout":"","site-content-style":"default","site-sidebar-style":"default","ast-global-header-display":"","ast-banner-title-visibility":"","ast-main-header-display":"","ast-hfb-above-header-display":"","ast-hfb-below-header-display":"","ast-hfb-mobile-header-display":"","site-post-title":"","ast-breadcrumbs-content":"","ast-featured-img":"","footer-sml-layout":"","theme-transparent-header-meta":"","adv-header-id-meta":"","stick-header-meta":"","header-above-stick-meta":"","header-main-stick-meta":"","header-below-stick-meta":"","astra-migrate-meta-layouts":"default","ast-page-background-enabled":"default","ast-page-background-meta":{"desktop":{"background-color":"var(--ast-global-color-4)","background-image":"","background-repeat":"repeat","background-position":"center center","background-size":"auto","background-attachment":"scroll","background-type":"","background-media":"","overlay-type":"","overlay-color":"","overlay-opacity":"","overlay-gradient":""},"tablet":{"background-color":"","background-image":"","background-repeat":"repeat","background-position":"center center","background-size":"auto","background-attachment":"scroll","background-type":"","background-media":"","overlay-type":"","overlay-color":"","overlay-opacity":"","overlay-gradient":""},"mobile":{"background-color":"","background-image":"","background-repeat":"repeat","background-position":"center center","background-size":"auto","background-attachment":"scroll","background-type":"","background-media":"","overlay-type":"","overlay-color":"","overlay-opacity":"","overlay-gradient":""}},"ast-content-background-meta":{"desktop":{"background-color":"var(--ast-global-color-5)","background-image":"","background-repeat":"repeat","background-position":"center center","background-size":"auto","background-attachment":"scroll","background-type":"","background-media":"","overlay-type":"","overlay-color":"","overlay-opacity":"","overlay-gradient":""},"tablet":{"background-color":"var(--ast-global-color-5)","background-image":"","background-repeat":"repeat","background-position":"center center","background-size":"auto","background-attachment":"scroll","background-type":"","background-media":"","overlay-type":"","overlay-color":"","overlay-opacity":"","overlay-gradient":""},"mobile":{"background-color":"var(--ast-global-color-5)","background-image":"","background-repeat":"repeat","background-position":"center center","background-size":"auto","background-attachment":"scroll","background-type":"","background-media":"","overlay-type":"","overlay-color":"","overlay-opacity":"","overlay-gradient":""}},"footnotes":""},"categories":[38,4],"tags":[],"class_list":["post-7537","post","type-post","status-publish","format-standard","has-post-thumbnail","hentry","category-pcee","category-portada"],"post_mailing_queue_ids":[],"_links":{"self":[{"href":"https:\/\/agora.xtec.cat\/ceip-estel-stguim\/wp-json\/wp\/v2\/posts\/7537","targetHints":{"allow":["GET"]}}],"collection":[{"href":"https:\/\/agora.xtec.cat\/ceip-estel-stguim\/wp-json\/wp\/v2\/posts"}],"about":[{"href":"https:\/\/agora.xtec.cat\/ceip-estel-stguim\/wp-json\/wp\/v2\/types\/post"}],"author":[{"embeddable":true,"href":"https:\/\/agora.xtec.cat\/ceip-estel-stguim\/wp-json\/wp\/v2\/users\/1"}],"replies":[{"embeddable":true,"href":"https:\/\/agora.xtec.cat\/ceip-estel-stguim\/wp-json\/wp\/v2\/comments?post=7537"}],"version-history":[{"count":1,"href":"https:\/\/agora.xtec.cat\/ceip-estel-stguim\/wp-json\/wp\/v2\/posts\/7537\/revisions"}],"predecessor-version":[{"id":7539,"href":"https:\/\/agora.xtec.cat\/ceip-estel-stguim\/wp-json\/wp\/v2\/posts\/7537\/revisions\/7539"}],"wp:featuredmedia":[{"embeddable":true,"href":"https:\/\/agora.xtec.cat\/ceip-estel-stguim\/wp-json\/wp\/v2\/media\/7538"}],"wp:attachment":[{"href":"https:\/\/agora.xtec.cat\/ceip-estel-stguim\/wp-json\/wp\/v2\/media?parent=7537"}],"wp:term":[{"taxonomy":"category","embeddable":true,"href":"https:\/\/agora.xtec.cat\/ceip-estel-stguim\/wp-json\/wp\/v2\/categories?post=7537"},{"taxonomy":"post_tag","embeddable":true,"href":"https:\/\/agora.xtec.cat\/ceip-estel-stguim\/wp-json\/wp\/v2\/tags?post=7537"}],"curies":[{"name":"wp","href":"https:\/\/api.w.org\/{rel}","templated":true}]}}