{"id":7307,"date":"2021-11-17T12:49:32","date_gmt":"2021-11-17T11:49:32","guid":{"rendered":"https:\/\/agora.xtec.cat\/ceip-estel-stguim\/?p=7307"},"modified":"2021-11-17T12:49:32","modified_gmt":"2021-11-17T11:49:32","slug":"jornada-de-padel-escolar-i-orientacio-a-tora","status":"publish","type":"post","link":"https:\/\/agora.xtec.cat\/ceip-estel-stguim\/portada\/jornada-de-padel-escolar-i-orientacio-a-tora\/","title":{"rendered":"JORNADA DE P\u00c0DEL ESCOLAR I ORIENTACI\u00d3 A TOR\u00c0"},"content":{"rendered":"<p style=\"font-weight: 400;\">Us presentem una trobada de p\u00e0del escolar adre\u00e7ada a tots els alumnes entre 3r de prim\u00e0ria i 2n d\u2019ESO que tinguin ganes de gaudir d\u2019una jornada esportiva d\u2019all\u00f2 m\u00e9s divertida practicant aquest esport.<\/p>\n<p style=\"font-weight: 400;\">La trobada tindr\u00e0 lloc\u00a0<strong>a les pistes municipals de Tor\u00e0 el diumenge dia 28 de novembre a partir de les 10:00h del mat\u00ed.<\/strong><\/p>\n<p style=\"font-weight: 400;\"><strong>\u00a0<\/strong>Paral\u00b7lelament als partits, hi haur\u00e0 preparada i organitzada una\u00a0<strong>CURSA D\u2019ORIENTACI\u00d3<\/strong>, per a que els infants i joves no parin en cap moment<\/p>\n<p style=\"font-weight: 400;\">Les inscripcions s\u00f3n gratu\u00eftes! \u00danicament, heu de tenir tramitada la llic\u00e8ncia vigent, podeu fer-ho a trav\u00e9s del mestre d\u2019educaci\u00f3 f\u00edsica de cada centre educatiu!<\/p>\n<p style=\"font-weight: 400;\">La inscripci\u00f3 \u00e9s per PARELLES!<\/p>\n<p style=\"font-weight: 400;\">El link d\u2019inscripci\u00f3 \u00e9s:<\/p>\n<p style=\"font-weight: 400;\"><a href=\"https:\/\/forms.gle\/4rk372ySHd8VuVXD7\" data-saferedirecturl=\"https:\/\/www.google.com\/url?q=https:\/\/forms.gle\/4rk372ySHd8VuVXD7&amp;source=gmail&amp;ust=1637234516297000&amp;usg=AOvVaw1HEIhAMz0hGKGDurUR9g3F\">https:\/\/forms.gle\/4rk372ySHd8VuVXD7<\/a><\/p>\n<p>&nbsp;<\/p>\n<p style=\"font-weight: 400;\">Al llarg del mat\u00ed es donar\u00e0 esmorzar i aigua pels participants en la trobada.<\/p>\n<p style=\"font-weight: 400;\">Moltes gr\u00e0cies i molt p\u00e0del!<\/p>\n<p style=\"font-weight: 400;\">\n<p style=\"font-weight: 400;\"><strong><em>Equip t\u00e8cnic del Consell Esportiu de la Segarra<\/em><\/strong><\/p>\n<p><a href=\"https:\/\/agora.xtec.cat\/ceip-estel-stguim\/wp-content\/uploads\/usu237\/2021\/11\/image002.png\"><img loading=\"lazy\" decoding=\"async\" class=\"aligncenter size-full wp-image-7308\" src=\"https:\/\/agora.xtec.cat\/ceip-estel-stguim\/wp-content\/uploads\/usu237\/2021\/11\/image002.png\" alt=\"\" width=\"391\" height=\"553\" srcset=\"https:\/\/agora.xtec.cat\/ceip-estel-stguim\/wp-content\/uploads\/usu237\/2021\/11\/image002.png 391w, https:\/\/agora.xtec.cat\/ceip-estel-stguim\/wp-content\/uploads\/usu237\/2021\/11\/image002-212x300.png 212w\" sizes=\"auto, (max-width: 391px) 100vw, 391px\" \/><\/a><\/p>\n","protected":false},"excerpt":{"rendered":"<p>Us presentem una trobada de p\u00e0del escolar adre\u00e7ada a tots els alumnes entre 3r de prim\u00e0ria i 2n d\u2019ESO que [&hellip;]<\/p>\n","protected":false},"author":1,"featured_media":7308,"comment_status":"open","ping_status":"closed","sticky":false,"template":"","format":"standard","meta":{"_bbp_topic_count":0,"_bbp_reply_count":0,"_bbp_total_topic_count":0,"_bbp_total_reply_count":0,"_bbp_voice_count":0,"_bbp_anonymous_reply_count":0,"_bbp_topic_count_hidden":0,"_bbp_reply_count_hidden":0,"_bbp_forum_subforum_count":0,"site-sidebar-layout":"default","site-content-layout":"","ast-site-content-layout":"","site-content-style":"default","site-sidebar-style":"default","ast-global-header-display":"","ast-banner-title-visibility":"","ast-main-header-display":"","ast-hfb-above-header-display":"","ast-hfb-below-header-display":"","ast-hfb-mobile-header-display":"","site-post-title":"","ast-breadcrumbs-content":"","ast-featured-img":"","footer-sml-layout":"","theme-transparent-header-meta":"","adv-header-id-meta":"","stick-header-meta":"","header-above-stick-meta":"","header-main-stick-meta":"","header-below-stick-meta":"","astra-migrate-meta-layouts":"default","ast-page-background-enabled":"default","ast-page-background-meta":{"desktop":{"background-color":"var(--ast-global-color-4)","background-image":"","background-repeat":"repeat","background-position":"center center","background-size":"auto","background-attachment":"scroll","background-type":"","background-media":"","overlay-type":"","overlay-color":"","overlay-opacity":"","overlay-gradient":""},"tablet":{"background-color":"","background-image":"","background-repeat":"repeat","background-position":"center center","background-size":"auto","background-attachment":"scroll","background-type":"","background-media":"","overlay-type":"","overlay-color":"","overlay-opacity":"","overlay-gradient":""},"mobile":{"background-color":"","background-image":"","background-repeat":"repeat","background-position":"center center","background-size":"auto","background-attachment":"scroll","background-type":"","background-media":"","overlay-type":"","overlay-color":"","overlay-opacity":"","overlay-gradient":""}},"ast-content-background-meta":{"desktop":{"background-color":"var(--ast-global-color-5)","background-image":"","background-repeat":"repeat","background-position":"center center","background-size":"auto","background-attachment":"scroll","background-type":"","background-media":"","overlay-type":"","overlay-color":"","overlay-opacity":"","overlay-gradient":""},"tablet":{"background-color":"var(--ast-global-color-5)","background-image":"","background-repeat":"repeat","background-position":"center center","background-size":"auto","background-attachment":"scroll","background-type":"","background-media":"","overlay-type":"","overlay-color":"","overlay-opacity":"","overlay-gradient":""},"mobile":{"background-color":"var(--ast-global-color-5)","background-image":"","background-repeat":"repeat","background-position":"center center","background-size":"auto","background-attachment":"scroll","background-type":"","background-media":"","overlay-type":"","overlay-color":"","overlay-opacity":"","overlay-gradient":""}},"footnotes":""},"categories":[38,4],"tags":[],"class_list":["post-7307","post","type-post","status-publish","format-standard","has-post-thumbnail","hentry","category-pcee","category-portada"],"post_mailing_queue_ids":[],"_links":{"self":[{"href":"https:\/\/agora.xtec.cat\/ceip-estel-stguim\/wp-json\/wp\/v2\/posts\/7307","targetHints":{"allow":["GET"]}}],"collection":[{"href":"https:\/\/agora.xtec.cat\/ceip-estel-stguim\/wp-json\/wp\/v2\/posts"}],"about":[{"href":"https:\/\/agora.xtec.cat\/ceip-estel-stguim\/wp-json\/wp\/v2\/types\/post"}],"author":[{"embeddable":true,"href":"https:\/\/agora.xtec.cat\/ceip-estel-stguim\/wp-json\/wp\/v2\/users\/1"}],"replies":[{"embeddable":true,"href":"https:\/\/agora.xtec.cat\/ceip-estel-stguim\/wp-json\/wp\/v2\/comments?post=7307"}],"version-history":[{"count":1,"href":"https:\/\/agora.xtec.cat\/ceip-estel-stguim\/wp-json\/wp\/v2\/posts\/7307\/revisions"}],"predecessor-version":[{"id":7309,"href":"https:\/\/agora.xtec.cat\/ceip-estel-stguim\/wp-json\/wp\/v2\/posts\/7307\/revisions\/7309"}],"wp:featuredmedia":[{"embeddable":true,"href":"https:\/\/agora.xtec.cat\/ceip-estel-stguim\/wp-json\/wp\/v2\/media\/7308"}],"wp:attachment":[{"href":"https:\/\/agora.xtec.cat\/ceip-estel-stguim\/wp-json\/wp\/v2\/media?parent=7307"}],"wp:term":[{"taxonomy":"category","embeddable":true,"href":"https:\/\/agora.xtec.cat\/ceip-estel-stguim\/wp-json\/wp\/v2\/categories?post=7307"},{"taxonomy":"post_tag","embeddable":true,"href":"https:\/\/agora.xtec.cat\/ceip-estel-stguim\/wp-json\/wp\/v2\/tags?post=7307"}],"curies":[{"name":"wp","href":"https:\/\/api.w.org\/{rel}","templated":true}]}}