{"id":7255,"date":"2021-10-25T14:58:19","date_gmt":"2021-10-25T12:58:19","guid":{"rendered":"https:\/\/agora.xtec.cat\/ceip-estel-stguim\/?p=7255"},"modified":"2021-10-25T14:58:19","modified_gmt":"2021-10-25T12:58:19","slug":"festa-de-la-castanyada-2021","status":"publish","type":"post","link":"https:\/\/agora.xtec.cat\/ceip-estel-stguim\/general\/festa-de-la-castanyada-2021\/","title":{"rendered":"FESTA DE LA CASTANYADA 2021"},"content":{"rendered":"<div>Benvolgudes fam\u00edlies,<\/div>\n<div><\/div>\n<div>Un\u00a0<span class=\"il\">any<\/span>\u00a0m\u00e9s celebrarem la\u00a0<span class=\"il\">castanyada<\/span>\u00a0a l&#8217;escola i volem reprendre una de les activitats amb les que hav\u00edem gaudit molt!<\/div>\n<div>Com b\u00e9 recordareu d&#8217;anys anteriors, les fam\u00edlies que volien podien presentar una manualitat de tardor per tal d&#8217;exposar-la el dia de la\u00a0<span class=\"il\">castanyada<\/span>.<\/div>\n<div><\/div>\n<div>Aquest curs ho celebrarem el\u00a0<b>divendres dia 29 d&#8217;octubre<\/b>.<\/div>\n<div>L&#8217;activitat que us proposem consisteix en realitzar algun tipus de manualitat relacionada amb la tardor,\u00a0<span class=\"il\">castanyada<\/span>, halloween, etc, fent \u00fas dels materials que vulgueu. Aquestes manualitats s&#8217;exposaran en taules el mateix dia de la\u00a0<span class=\"il\">castanyada<\/span>\u00a0al pati de l&#8217;escola. L&#8217;exposici\u00f3 estar\u00e0 oberta a partir de les 15:15h, seguidament tamb\u00e9 podreu gaudir d&#8217;un seguit de danses que s&#8217;han preparat per l&#8217;ocasi\u00f3!<\/div>\n<div><\/div>\n<div>En acabar les danses els i les alumnes tornaran a les seves aules i sortiran com sempre a les 16:10h.<\/div>\n<div><\/div>\n<div>Atentament,<\/div>\n<div><\/div>\n<div>L&#8217;equip de mestres<\/div>\n<div><\/div>\n<div><a href=\"https:\/\/agora.xtec.cat\/ceip-estel-stguim\/wp-content\/uploads\/usu237\/2021\/10\/DNeI8O0WkAIXQ15-1.jpg\"><img loading=\"lazy\" decoding=\"async\" class=\"aligncenter size-large wp-image-7258\" src=\"https:\/\/agora.xtec.cat\/ceip-estel-stguim\/wp-content\/uploads\/usu237\/2021\/10\/DNeI8O0WkAIXQ15-1-1024x805.jpg\" alt=\"\" width=\"1024\" height=\"805\" srcset=\"https:\/\/agora.xtec.cat\/ceip-estel-stguim\/wp-content\/uploads\/usu237\/2021\/10\/DNeI8O0WkAIXQ15-1-1024x805.jpg 1024w, https:\/\/agora.xtec.cat\/ceip-estel-stguim\/wp-content\/uploads\/usu237\/2021\/10\/DNeI8O0WkAIXQ15-1-300x236.jpg 300w, https:\/\/agora.xtec.cat\/ceip-estel-stguim\/wp-content\/uploads\/usu237\/2021\/10\/DNeI8O0WkAIXQ15-1-768x604.jpg 768w, https:\/\/agora.xtec.cat\/ceip-estel-stguim\/wp-content\/uploads\/usu237\/2021\/10\/DNeI8O0WkAIXQ15-1.jpg 1200w\" sizes=\"auto, (max-width: 1024px) 100vw, 1024px\" \/><\/a><\/div>\n","protected":false},"excerpt":{"rendered":"<p>Benvolgudes fam\u00edlies, Un\u00a0any\u00a0m\u00e9s celebrarem la\u00a0castanyada\u00a0a l&#8217;escola i volem reprendre una de les activitats amb les que hav\u00edem gaudit molt! Com [&hellip;]<\/p>\n","protected":false},"author":1,"featured_media":7257,"comment_status":"open","ping_status":"closed","sticky":false,"template":"","format":"standard","meta":{"_bbp_topic_count":0,"_bbp_reply_count":0,"_bbp_total_topic_count":0,"_bbp_total_reply_count":0,"_bbp_voice_count":0,"_bbp_anonymous_reply_count":0,"_bbp_topic_count_hidden":0,"_bbp_reply_count_hidden":0,"_bbp_forum_subforum_count":0,"site-sidebar-layout":"default","site-content-layout":"","ast-site-content-layout":"","site-content-style":"default","site-sidebar-style":"default","ast-global-header-display":"","ast-banner-title-visibility":"","ast-main-header-display":"","ast-hfb-above-header-display":"","ast-hfb-below-header-display":"","ast-hfb-mobile-header-display":"","site-post-title":"","ast-breadcrumbs-content":"","ast-featured-img":"","footer-sml-layout":"","theme-transparent-header-meta":"","adv-header-id-meta":"","stick-header-meta":"","header-above-stick-meta":"","header-main-stick-meta":"","header-below-stick-meta":"","astra-migrate-meta-layouts":"default","ast-page-background-enabled":"default","ast-page-background-meta":{"desktop":{"background-color":"var(--ast-global-color-4)","background-image":"","background-repeat":"repeat","background-position":"center center","background-size":"auto","background-attachment":"scroll","background-type":"","background-media":"","overlay-type":"","overlay-color":"","overlay-opacity":"","overlay-gradient":""},"tablet":{"background-color":"","background-image":"","background-repeat":"repeat","background-position":"center center","background-size":"auto","background-attachment":"scroll","background-type":"","background-media":"","overlay-type":"","overlay-color":"","overlay-opacity":"","overlay-gradient":""},"mobile":{"background-color":"","background-image":"","background-repeat":"repeat","background-position":"center center","background-size":"auto","background-attachment":"scroll","background-type":"","background-media":"","overlay-type":"","overlay-color":"","overlay-opacity":"","overlay-gradient":""}},"ast-content-background-meta":{"desktop":{"background-color":"var(--ast-global-color-5)","background-image":"","background-repeat":"repeat","background-position":"center center","background-size":"auto","background-attachment":"scroll","background-type":"","background-media":"","overlay-type":"","overlay-color":"","overlay-opacity":"","overlay-gradient":""},"tablet":{"background-color":"var(--ast-global-color-5)","background-image":"","background-repeat":"repeat","background-position":"center center","background-size":"auto","background-attachment":"scroll","background-type":"","background-media":"","overlay-type":"","overlay-color":"","overlay-opacity":"","overlay-gradient":""},"mobile":{"background-color":"var(--ast-global-color-5)","background-image":"","background-repeat":"repeat","background-position":"center center","background-size":"auto","background-attachment":"scroll","background-type":"","background-media":"","overlay-type":"","overlay-color":"","overlay-opacity":"","overlay-gradient":""}},"footnotes":""},"categories":[1,25,4],"tags":[],"class_list":["post-7255","post","type-post","status-publish","format-standard","has-post-thumbnail","hentry","category-general","category-la-castanyada-categoria","category-portada"],"post_mailing_queue_ids":[],"_links":{"self":[{"href":"https:\/\/agora.xtec.cat\/ceip-estel-stguim\/wp-json\/wp\/v2\/posts\/7255","targetHints":{"allow":["GET"]}}],"collection":[{"href":"https:\/\/agora.xtec.cat\/ceip-estel-stguim\/wp-json\/wp\/v2\/posts"}],"about":[{"href":"https:\/\/agora.xtec.cat\/ceip-estel-stguim\/wp-json\/wp\/v2\/types\/post"}],"author":[{"embeddable":true,"href":"https:\/\/agora.xtec.cat\/ceip-estel-stguim\/wp-json\/wp\/v2\/users\/1"}],"replies":[{"embeddable":true,"href":"https:\/\/agora.xtec.cat\/ceip-estel-stguim\/wp-json\/wp\/v2\/comments?post=7255"}],"version-history":[{"count":2,"href":"https:\/\/agora.xtec.cat\/ceip-estel-stguim\/wp-json\/wp\/v2\/posts\/7255\/revisions"}],"predecessor-version":[{"id":7259,"href":"https:\/\/agora.xtec.cat\/ceip-estel-stguim\/wp-json\/wp\/v2\/posts\/7255\/revisions\/7259"}],"wp:featuredmedia":[{"embeddable":true,"href":"https:\/\/agora.xtec.cat\/ceip-estel-stguim\/wp-json\/wp\/v2\/media\/7257"}],"wp:attachment":[{"href":"https:\/\/agora.xtec.cat\/ceip-estel-stguim\/wp-json\/wp\/v2\/media?parent=7255"}],"wp:term":[{"taxonomy":"category","embeddable":true,"href":"https:\/\/agora.xtec.cat\/ceip-estel-stguim\/wp-json\/wp\/v2\/categories?post=7255"},{"taxonomy":"post_tag","embeddable":true,"href":"https:\/\/agora.xtec.cat\/ceip-estel-stguim\/wp-json\/wp\/v2\/tags?post=7255"}],"curies":[{"name":"wp","href":"https:\/\/api.w.org\/{rel}","templated":true}]}}