{"id":7063,"date":"2021-06-03T15:33:51","date_gmt":"2021-06-03T13:33:51","guid":{"rendered":"https:\/\/agora.xtec.cat\/ceip-estel-stguim\/?p=7063"},"modified":"2021-06-03T15:34:29","modified_gmt":"2021-06-03T13:34:29","slug":"dia-5-de-juny-dia-del-medi-ambient","status":"publish","type":"post","link":"https:\/\/agora.xtec.cat\/ceip-estel-stguim\/portada\/dia-5-de-juny-dia-del-medi-ambient\/","title":{"rendered":"Dia 5 de juny, dia del medi ambient"},"content":{"rendered":"<p><strong>El Dia Mundial del Medi\u00a0Ambient<\/strong>\u00a0va ser establert per l\u2019Assemblea General de Nacions Unides en la seva resoluci\u00f3 del\u00a0<a href=\"http:\/\/www.un.org\/es\/comun\/docs\/?symbol=A\/RES\/2994%20(XXVII)\" target=\"_blank\" rel=\"noopener noreferrer\">15 de desembre de 1972<\/a>. Se celebra des de 1974 el<strong>\u00a05 de juny<\/strong>\u00a0de cada any, data amb la qual es va donar inici a la Confer\u00e8ncia d\u2019Estocolm en 1972, el tema central de la qual va ser l\u2019Ambient.<\/p>\n<p>El Dia Mundial del Medi ambient \u00e9s un vincle mitjan\u00e7ant el qual l\u2019Organitzaci\u00f3 de Nacions Unides sensibilitza a la poblaci\u00f3 mundial en relaci\u00f3 a temes ambientals, intensificant l\u2019atenci\u00f3 i l\u2019acci\u00f3 pol\u00edtica.<\/p>\n<p>Els objectius principals s\u00f3n brindar un context hum\u00e0, motivar a les persones perqu\u00e8 es converteixin en agents actius del desenvolupament sustentable i equitatiu; promoure el paper fonamental de les comunitats en el canvi d\u2019actitud cap a temes ambientals, i fomentar la cooperaci\u00f3 perqu\u00e8 el medi ambient sigui sostenible, doncs aquesta garantir\u00e0 que totes les nacions i persones gaudeixin d\u2019un futur m\u00e9s pr\u00f2sper i segur.<\/p>\n<p>Des de l&#8217;Escola l&#8217;Estel estem preparant alguna activitat per conscienciar el nostre alumnat de la import\u00e0ncia de tot aix\u00f2.<\/p>\n<div class=\"ast-oembed-container \" style=\"height: 100%;\"><iframe loading=\"lazy\" title=\"Hagamos del mundo un lugar mejor\" width=\"500\" height=\"281\" src=\"https:\/\/www.youtube.com\/embed\/kWzl7-7Iv8I?feature=oembed\" frameborder=\"0\" allow=\"accelerometer; autoplay; clipboard-write; encrypted-media; gyroscope; picture-in-picture; web-share\" referrerpolicy=\"strict-origin-when-cross-origin\" allowfullscreen><\/iframe><\/div>\n<div class=\"ast-oembed-container \" style=\"height: 100%;\"><iframe loading=\"lazy\" title=\"No alimentis el monstre!\" width=\"500\" height=\"281\" src=\"https:\/\/www.youtube.com\/embed\/0aD80pshK3k?feature=oembed\" frameborder=\"0\" allow=\"accelerometer; autoplay; clipboard-write; encrypted-media; gyroscope; picture-in-picture; web-share\" referrerpolicy=\"strict-origin-when-cross-origin\" allowfullscreen><\/iframe><\/div>\n","protected":false},"excerpt":{"rendered":"<p>El Dia Mundial del Medi\u00a0Ambient\u00a0va ser establert per l\u2019Assemblea General de Nacions Unides en la seva resoluci\u00f3 del\u00a015 de desembre [&hellip;]<\/p>\n","protected":false},"author":1,"featured_media":7065,"comment_status":"open","ping_status":"closed","sticky":false,"template":"","format":"standard","meta":{"_bbp_topic_count":0,"_bbp_reply_count":0,"_bbp_total_topic_count":0,"_bbp_total_reply_count":0,"_bbp_voice_count":0,"_bbp_anonymous_reply_count":0,"_bbp_topic_count_hidden":0,"_bbp_reply_count_hidden":0,"_bbp_forum_subforum_count":0,"site-sidebar-layout":"default","site-content-layout":"","ast-site-content-layout":"","site-content-style":"default","site-sidebar-style":"default","ast-global-header-display":"","ast-banner-title-visibility":"","ast-main-header-display":"","ast-hfb-above-header-display":"","ast-hfb-below-header-display":"","ast-hfb-mobile-header-display":"","site-post-title":"","ast-breadcrumbs-content":"","ast-featured-img":"","footer-sml-layout":"","theme-transparent-header-meta":"","adv-header-id-meta":"","stick-header-meta":"","header-above-stick-meta":"","header-main-stick-meta":"","header-below-stick-meta":"","astra-migrate-meta-layouts":"default","ast-page-background-enabled":"default","ast-page-background-meta":{"desktop":{"background-color":"var(--ast-global-color-4)","background-image":"","background-repeat":"repeat","background-position":"center center","background-size":"auto","background-attachment":"scroll","background-type":"","background-media":"","overlay-type":"","overlay-color":"","overlay-opacity":"","overlay-gradient":""},"tablet":{"background-color":"","background-image":"","background-repeat":"repeat","background-position":"center center","background-size":"auto","background-attachment":"scroll","background-type":"","background-media":"","overlay-type":"","overlay-color":"","overlay-opacity":"","overlay-gradient":""},"mobile":{"background-color":"","background-image":"","background-repeat":"repeat","background-position":"center center","background-size":"auto","background-attachment":"scroll","background-type":"","background-media":"","overlay-type":"","overlay-color":"","overlay-opacity":"","overlay-gradient":""}},"ast-content-background-meta":{"desktop":{"background-color":"var(--ast-global-color-5)","background-image":"","background-repeat":"repeat","background-position":"center center","background-size":"auto","background-attachment":"scroll","background-type":"","background-media":"","overlay-type":"","overlay-color":"","overlay-opacity":"","overlay-gradient":""},"tablet":{"background-color":"var(--ast-global-color-5)","background-image":"","background-repeat":"repeat","background-position":"center center","background-size":"auto","background-attachment":"scroll","background-type":"","background-media":"","overlay-type":"","overlay-color":"","overlay-opacity":"","overlay-gradient":""},"mobile":{"background-color":"var(--ast-global-color-5)","background-image":"","background-repeat":"repeat","background-position":"center center","background-size":"auto","background-attachment":"scroll","background-type":"","background-media":"","overlay-type":"","overlay-color":"","overlay-opacity":"","overlay-gradient":""}},"footnotes":""},"categories":[57,4],"tags":[],"class_list":["post-7063","post","type-post","status-publish","format-standard","has-post-thumbnail","hentry","category-escola-verda","category-portada"],"post_mailing_queue_ids":[],"_links":{"self":[{"href":"https:\/\/agora.xtec.cat\/ceip-estel-stguim\/wp-json\/wp\/v2\/posts\/7063","targetHints":{"allow":["GET"]}}],"collection":[{"href":"https:\/\/agora.xtec.cat\/ceip-estel-stguim\/wp-json\/wp\/v2\/posts"}],"about":[{"href":"https:\/\/agora.xtec.cat\/ceip-estel-stguim\/wp-json\/wp\/v2\/types\/post"}],"author":[{"embeddable":true,"href":"https:\/\/agora.xtec.cat\/ceip-estel-stguim\/wp-json\/wp\/v2\/users\/1"}],"replies":[{"embeddable":true,"href":"https:\/\/agora.xtec.cat\/ceip-estel-stguim\/wp-json\/wp\/v2\/comments?post=7063"}],"version-history":[{"count":2,"href":"https:\/\/agora.xtec.cat\/ceip-estel-stguim\/wp-json\/wp\/v2\/posts\/7063\/revisions"}],"predecessor-version":[{"id":7069,"href":"https:\/\/agora.xtec.cat\/ceip-estel-stguim\/wp-json\/wp\/v2\/posts\/7063\/revisions\/7069"}],"wp:featuredmedia":[{"embeddable":true,"href":"https:\/\/agora.xtec.cat\/ceip-estel-stguim\/wp-json\/wp\/v2\/media\/7065"}],"wp:attachment":[{"href":"https:\/\/agora.xtec.cat\/ceip-estel-stguim\/wp-json\/wp\/v2\/media?parent=7063"}],"wp:term":[{"taxonomy":"category","embeddable":true,"href":"https:\/\/agora.xtec.cat\/ceip-estel-stguim\/wp-json\/wp\/v2\/categories?post=7063"},{"taxonomy":"post_tag","embeddable":true,"href":"https:\/\/agora.xtec.cat\/ceip-estel-stguim\/wp-json\/wp\/v2\/tags?post=7063"}],"curies":[{"name":"wp","href":"https:\/\/api.w.org\/{rel}","templated":true}]}}