{"id":6886,"date":"2021-04-06T12:27:18","date_gmt":"2021-04-06T10:27:18","guid":{"rendered":"https:\/\/agora.xtec.cat\/ceip-estel-stguim\/?p=6886"},"modified":"2021-04-06T12:27:18","modified_gmt":"2021-04-06T10:27:18","slug":"pedalada-popular-oluges-2021","status":"publish","type":"post","link":"https:\/\/agora.xtec.cat\/ceip-estel-stguim\/portada\/pedalada-popular-oluges-2021\/","title":{"rendered":"Pedalada popular Oluges 2021"},"content":{"rendered":"<p style=\"font-weight: 400;\">Benvolgudes fam\u00edlies<\/p>\n<p style=\"font-weight: 400;\">Us fem arribar la informaci\u00f3 relativa a la pedalada popular en BTT que realitzarem aquest diumenge amb sortida des de les Oluges!<\/p>\n<p style=\"font-weight: 400;\">Ompliu el seg\u00fcent formulari per fer la inscripci\u00f3 per a la pedalada popular Oluges 2021!<\/p>\n<p style=\"font-weight: 400;\">\u2013&gt;\u00a0<a href=\"https:\/\/forms.gle\/HYo2gsMztRDctuR2A\" data-saferedirecturl=\"https:\/\/www.google.com\/url?q=https:\/\/forms.gle\/HYo2gsMztRDctuR2A&amp;source=gmail&amp;ust=1617791049608000&amp;usg=AFQjCNH3yShCuIhzZDBXcSBVWmIJVEK9Gw\">https:\/\/forms.gle\/HYo2gsMztRDctuR2A<\/a><\/p>\n<p style=\"font-weight: 400;\"><strong>DIUMENGE 11 ABRIL 2021<\/strong><\/p>\n<p style=\"font-weight: 400;\">\u2013 HORARI de 9:30h a 12-13h (horari d\u2019arribada aproximat).<\/p>\n<p style=\"font-weight: 400;\">\u2013 Sortida al p\u00e0rquing del restaurant l\u2019Eix.<\/p>\n<p style=\"font-weight: 400;\"><strong>INSCRIPCI\u00d3 PER A TOTES LES EDATS!!!<\/strong><\/p>\n<p style=\"font-weight: 400;\">\u2013 PREUS: GRATU\u00cfT (qui no tingui llic\u00e8ncia Zenit haur\u00e0 de pagar 5,50\u20ac)<\/p>\n<p style=\"font-weight: 400;\">\u2013 AVITUALLAMENT al llarg del recorregut.<\/p>\n<p style=\"font-weight: 400;\">*Es compliran TOTES les normes de seguretat envers la COVID_19<\/p>\n<p style=\"font-weight: 400;\">\u2013 Imprescindible portar casc, aigua, esmorzar i una c\u00e0mera de recanvi per si punxem.<\/p>\n<p style=\"font-weight: 400;\">Qualsevol dubte o consulta a:\u00a0<a href=\"mailto:consellesportiu@ccsegarra.cat\">consellesportiu@ccsegarra.cat<\/a><\/p>\n<p>&nbsp;<\/p>\n<p style=\"font-weight: 400;\">Us esperem diumenge!!!<\/p>\n<p style=\"font-weight: 400;\">\n<p style=\"font-weight: 400;\"><strong><em>Equip t\u00e8cnic del Consell Esportiu de la Segarra<\/em><\/strong><\/p>\n<p style=\"font-weight: 400;\">\n","protected":false},"excerpt":{"rendered":"<p>Benvolgudes fam\u00edlies Us fem arribar la informaci\u00f3 relativa a la pedalada popular en BTT que realitzarem aquest diumenge amb sortida [&hellip;]<\/p>\n","protected":false},"author":1,"featured_media":6887,"comment_status":"open","ping_status":"closed","sticky":false,"template":"","format":"standard","meta":{"_bbp_topic_count":0,"_bbp_reply_count":0,"_bbp_total_topic_count":0,"_bbp_total_reply_count":0,"_bbp_voice_count":0,"_bbp_anonymous_reply_count":0,"_bbp_topic_count_hidden":0,"_bbp_reply_count_hidden":0,"_bbp_forum_subforum_count":0,"site-sidebar-layout":"default","site-content-layout":"","ast-site-content-layout":"","site-content-style":"default","site-sidebar-style":"default","ast-global-header-display":"","ast-banner-title-visibility":"","ast-main-header-display":"","ast-hfb-above-header-display":"","ast-hfb-below-header-display":"","ast-hfb-mobile-header-display":"","site-post-title":"","ast-breadcrumbs-content":"","ast-featured-img":"","footer-sml-layout":"","theme-transparent-header-meta":"","adv-header-id-meta":"","stick-header-meta":"","header-above-stick-meta":"","header-main-stick-meta":"","header-below-stick-meta":"","astra-migrate-meta-layouts":"default","ast-page-background-enabled":"default","ast-page-background-meta":{"desktop":{"background-color":"var(--ast-global-color-4)","background-image":"","background-repeat":"repeat","background-position":"center center","background-size":"auto","background-attachment":"scroll","background-type":"","background-media":"","overlay-type":"","overlay-color":"","overlay-opacity":"","overlay-gradient":""},"tablet":{"background-color":"","background-image":"","background-repeat":"repeat","background-position":"center center","background-size":"auto","background-attachment":"scroll","background-type":"","background-media":"","overlay-type":"","overlay-color":"","overlay-opacity":"","overlay-gradient":""},"mobile":{"background-color":"","background-image":"","background-repeat":"repeat","background-position":"center center","background-size":"auto","background-attachment":"scroll","background-type":"","background-media":"","overlay-type":"","overlay-color":"","overlay-opacity":"","overlay-gradient":""}},"ast-content-background-meta":{"desktop":{"background-color":"var(--ast-global-color-5)","background-image":"","background-repeat":"repeat","background-position":"center center","background-size":"auto","background-attachment":"scroll","background-type":"","background-media":"","overlay-type":"","overlay-color":"","overlay-opacity":"","overlay-gradient":""},"tablet":{"background-color":"var(--ast-global-color-5)","background-image":"","background-repeat":"repeat","background-position":"center center","background-size":"auto","background-attachment":"scroll","background-type":"","background-media":"","overlay-type":"","overlay-color":"","overlay-opacity":"","overlay-gradient":""},"mobile":{"background-color":"var(--ast-global-color-5)","background-image":"","background-repeat":"repeat","background-position":"center center","background-size":"auto","background-attachment":"scroll","background-type":"","background-media":"","overlay-type":"","overlay-color":"","overlay-opacity":"","overlay-gradient":""}},"footnotes":""},"categories":[38,4],"tags":[],"class_list":["post-6886","post","type-post","status-publish","format-standard","has-post-thumbnail","hentry","category-pcee","category-portada"],"post_mailing_queue_ids":[],"_links":{"self":[{"href":"https:\/\/agora.xtec.cat\/ceip-estel-stguim\/wp-json\/wp\/v2\/posts\/6886","targetHints":{"allow":["GET"]}}],"collection":[{"href":"https:\/\/agora.xtec.cat\/ceip-estel-stguim\/wp-json\/wp\/v2\/posts"}],"about":[{"href":"https:\/\/agora.xtec.cat\/ceip-estel-stguim\/wp-json\/wp\/v2\/types\/post"}],"author":[{"embeddable":true,"href":"https:\/\/agora.xtec.cat\/ceip-estel-stguim\/wp-json\/wp\/v2\/users\/1"}],"replies":[{"embeddable":true,"href":"https:\/\/agora.xtec.cat\/ceip-estel-stguim\/wp-json\/wp\/v2\/comments?post=6886"}],"version-history":[{"count":1,"href":"https:\/\/agora.xtec.cat\/ceip-estel-stguim\/wp-json\/wp\/v2\/posts\/6886\/revisions"}],"predecessor-version":[{"id":6888,"href":"https:\/\/agora.xtec.cat\/ceip-estel-stguim\/wp-json\/wp\/v2\/posts\/6886\/revisions\/6888"}],"wp:featuredmedia":[{"embeddable":true,"href":"https:\/\/agora.xtec.cat\/ceip-estel-stguim\/wp-json\/wp\/v2\/media\/6887"}],"wp:attachment":[{"href":"https:\/\/agora.xtec.cat\/ceip-estel-stguim\/wp-json\/wp\/v2\/media?parent=6886"}],"wp:term":[{"taxonomy":"category","embeddable":true,"href":"https:\/\/agora.xtec.cat\/ceip-estel-stguim\/wp-json\/wp\/v2\/categories?post=6886"},{"taxonomy":"post_tag","embeddable":true,"href":"https:\/\/agora.xtec.cat\/ceip-estel-stguim\/wp-json\/wp\/v2\/tags?post=6886"}],"curies":[{"name":"wp","href":"https:\/\/api.w.org\/{rel}","templated":true}]}}