{"id":656,"date":"2016-04-01T12:46:08","date_gmt":"2016-04-01T11:46:08","guid":{"rendered":"http:\/\/agora.xtec.cat\/ceip-estel-stguim\/?p=656"},"modified":"2016-04-01T14:59:55","modified_gmt":"2016-04-01T13:59:55","slug":"fem-la-nostra-masia","status":"publish","type":"post","link":"https:\/\/agora.xtec.cat\/ceip-estel-stguim\/3r\/fem-la-nostra-masia\/","title":{"rendered":"Fem la nostra masia"},"content":{"rendered":"<p>Els nens i les nenes de 3r som uns artistes. El passat segon trimestre vam comen\u00e7ar un projecte de pl\u00e0stica.<\/p>\n<p>En primer lloc, vam haver de triar qu\u00e8 far\u00edem, i entre tots i totes vam decidir fer una masia. El projecte era ambici\u00f3s per\u00f2 est\u00e0vem molt animats. Vam comen\u00e7ar fent dibuixos de masies, visionant com eren en realitat&#8230; i un cop feta la primera aproximaci\u00f3, va tocar fer els pl\u00e0nols de l&#8217;edifici en q\u00fcesti\u00f3.<\/p>\n<p>Poc a poc hem anat aixecant les parets d&#8217;una gran masia. Tamb\u00e9 hem fet un &#8220;jardinet&#8221;&#8230; i veurem com acabar\u00e0 la cosa.<\/p>\n<p>Cliqueu la masia per veure tot el proc\u00e9s en <strong>IMATGES<\/strong>:<\/p>\n<p><a href=\"https:\/\/goo.gl\/photos\/F7NvKwDiQYn8uFP37\"><img loading=\"lazy\" decoding=\"async\" class=\"aligncenter  wp-image-675\" src=\"http:\/\/agora.xtec.cat\/ceip-estel-stguim\/wp-content\/uploads\/usu237\/2016\/04\/3r-pl\u00e0stica-masia-8-1024x768.jpg\" alt=\"3r pl\u00e0stica masia (8)\" width=\"263\" height=\"197\" srcset=\"https:\/\/agora.xtec.cat\/ceip-estel-stguim\/wp-content\/uploads\/usu237\/2016\/04\/3r-pl\u00e0stica-masia-8-1024x768.jpg 1024w, https:\/\/agora.xtec.cat\/ceip-estel-stguim\/wp-content\/uploads\/usu237\/2016\/04\/3r-pl\u00e0stica-masia-8-300x225.jpg 300w, https:\/\/agora.xtec.cat\/ceip-estel-stguim\/wp-content\/uploads\/usu237\/2016\/04\/3r-pl\u00e0stica-masia-8-200x150.jpg 200w\" sizes=\"auto, (max-width: 263px) 100vw, 263px\" \/><\/a><\/p>\n<p style=\"text-align: center;\">Tamb\u00e9 podeu veure algun que altre <strong>V\u00cdDEO<\/strong>&#8230; el vam gravar des d&#8217;un avi\u00f3 d&#8217;acrob\u00e0cies i per aix\u00f2 es veu una mica mogut&#8230; per\u00f2 per a que us en feu una idea est\u00e0 for\u00e7a b\u00e9.<\/p>\n<p style=\"text-align: center;\"><iframe loading=\"lazy\" src=\"https:\/\/www.youtube.com\/embed\/cwlTolcnZzo\" width=\"420\" height=\"315\" frameborder=\"0\" allowfullscreen=\"allowfullscreen\"><\/iframe><\/p>\n<p><iframe loading=\"lazy\" src=\"https:\/\/www.youtube.com\/embed\/HHIDoUkiEGQ\" width=\"420\" height=\"315\" frameborder=\"0\" allowfullscreen=\"allowfullscreen\"><\/iframe><\/p>\n","protected":false},"excerpt":{"rendered":"<p>Els nens i les nenes de 3r som uns artistes. El passat segon trimestre vam comen\u00e7ar un projecte de pl\u00e0stica. [&hellip;]<\/p>\n","protected":false},"author":1,"featured_media":675,"comment_status":"open","ping_status":"open","sticky":false,"template":"","format":"standard","meta":{"_bbp_topic_count":0,"_bbp_reply_count":0,"_bbp_total_topic_count":0,"_bbp_total_reply_count":0,"_bbp_voice_count":0,"_bbp_anonymous_reply_count":0,"_bbp_topic_count_hidden":0,"_bbp_reply_count_hidden":0,"_bbp_forum_subforum_count":0,"site-sidebar-layout":"default","site-content-layout":"","ast-site-content-layout":"","site-content-style":"default","site-sidebar-style":"default","ast-global-header-display":"","ast-banner-title-visibility":"","ast-main-header-display":"","ast-hfb-above-header-display":"","ast-hfb-below-header-display":"","ast-hfb-mobile-header-display":"","site-post-title":"","ast-breadcrumbs-content":"","ast-featured-img":"","footer-sml-layout":"","theme-transparent-header-meta":"","adv-header-id-meta":"","stick-header-meta":"","header-above-stick-meta":"","header-main-stick-meta":"","header-below-stick-meta":"","astra-migrate-meta-layouts":"default","ast-page-background-enabled":"default","ast-page-background-meta":{"desktop":{"background-color":"var(--ast-global-color-4)","background-image":"","background-repeat":"repeat","background-position":"center center","background-size":"auto","background-attachment":"scroll","background-type":"","background-media":"","overlay-type":"","overlay-color":"","overlay-opacity":"","overlay-gradient":""},"tablet":{"background-color":"","background-image":"","background-repeat":"repeat","background-position":"center center","background-size":"auto","background-attachment":"scroll","background-type":"","background-media":"","overlay-type":"","overlay-color":"","overlay-opacity":"","overlay-gradient":""},"mobile":{"background-color":"","background-image":"","background-repeat":"repeat","background-position":"center center","background-size":"auto","background-attachment":"scroll","background-type":"","background-media":"","overlay-type":"","overlay-color":"","overlay-opacity":"","overlay-gradient":""}},"ast-content-background-meta":{"desktop":{"background-color":"var(--ast-global-color-5)","background-image":"","background-repeat":"repeat","background-position":"center center","background-size":"auto","background-attachment":"scroll","background-type":"","background-media":"","overlay-type":"","overlay-color":"","overlay-opacity":"","overlay-gradient":""},"tablet":{"background-color":"var(--ast-global-color-5)","background-image":"","background-repeat":"repeat","background-position":"center center","background-size":"auto","background-attachment":"scroll","background-type":"","background-media":"","overlay-type":"","overlay-color":"","overlay-opacity":"","overlay-gradient":""},"mobile":{"background-color":"var(--ast-global-color-5)","background-image":"","background-repeat":"repeat","background-position":"center center","background-size":"auto","background-attachment":"scroll","background-type":"","background-media":"","overlay-type":"","overlay-color":"","overlay-opacity":"","overlay-gradient":""}},"footnotes":""},"categories":[12],"tags":[],"class_list":["post-656","post","type-post","status-publish","format-standard","has-post-thumbnail","hentry","category-3r"],"post_mailing_queue_ids":[],"_links":{"self":[{"href":"https:\/\/agora.xtec.cat\/ceip-estel-stguim\/wp-json\/wp\/v2\/posts\/656","targetHints":{"allow":["GET"]}}],"collection":[{"href":"https:\/\/agora.xtec.cat\/ceip-estel-stguim\/wp-json\/wp\/v2\/posts"}],"about":[{"href":"https:\/\/agora.xtec.cat\/ceip-estel-stguim\/wp-json\/wp\/v2\/types\/post"}],"author":[{"embeddable":true,"href":"https:\/\/agora.xtec.cat\/ceip-estel-stguim\/wp-json\/wp\/v2\/users\/1"}],"replies":[{"embeddable":true,"href":"https:\/\/agora.xtec.cat\/ceip-estel-stguim\/wp-json\/wp\/v2\/comments?post=656"}],"version-history":[{"count":4,"href":"https:\/\/agora.xtec.cat\/ceip-estel-stguim\/wp-json\/wp\/v2\/posts\/656\/revisions"}],"predecessor-version":[{"id":676,"href":"https:\/\/agora.xtec.cat\/ceip-estel-stguim\/wp-json\/wp\/v2\/posts\/656\/revisions\/676"}],"wp:featuredmedia":[{"embeddable":true,"href":"https:\/\/agora.xtec.cat\/ceip-estel-stguim\/wp-json\/wp\/v2\/media\/675"}],"wp:attachment":[{"href":"https:\/\/agora.xtec.cat\/ceip-estel-stguim\/wp-json\/wp\/v2\/media?parent=656"}],"wp:term":[{"taxonomy":"category","embeddable":true,"href":"https:\/\/agora.xtec.cat\/ceip-estel-stguim\/wp-json\/wp\/v2\/categories?post=656"},{"taxonomy":"post_tag","embeddable":true,"href":"https:\/\/agora.xtec.cat\/ceip-estel-stguim\/wp-json\/wp\/v2\/tags?post=656"}],"curies":[{"name":"wp","href":"https:\/\/api.w.org\/{rel}","templated":true}]}}