{"id":6110,"date":"2020-10-16T16:36:20","date_gmt":"2020-10-16T14:36:20","guid":{"rendered":"https:\/\/agora.xtec.cat\/ceip-estel-stguim\/?p=6110"},"modified":"2020-10-22T09:50:23","modified_gmt":"2020-10-22T07:50:23","slug":"taller-de-compostador-cm","status":"publish","type":"post","link":"https:\/\/agora.xtec.cat\/ceip-estel-stguim\/general\/taller-de-compostador-cm\/","title":{"rendered":"Taller de compostador CM"},"content":{"rendered":"<p>Com ja sabeu les i els alumnes de cicle mitj\u00e0 ens encarreguem del compostador. Com cada any ha vingut la Jordina del Consell Comarcal per explicar-nos com funciona, als de tercer per primera vegada, i als de quart a fer mem\u00f2ria. La veritat ens hem emportat una decepci\u00f3 al veure la quantitat de coses que hi havia dins i no hi havien de ser, per\u00f2 tamb\u00e9 ha estat una alegria veure com el compost s&#8217;ha fet la mar de b\u00e9.<\/p>\n<p>Aix\u00ed doncs, hem buidat el compostador i hem garbellat per poder treure&#8217;n el compost. Ara ja est\u00e0 preparat per poder-lo anar omplint aquest curs.<\/p>\n<p>Explicar-vos tamb\u00e9 que un encarregat de cada classe tindr\u00e0 cura del compostador cada setmana, remenant i vigilant el qu\u00e8 s\u2019hi tira.<\/p>\n<p><a href=\"https:\/\/photos.app.goo.gl\/Ss3DAX2rAzpan6q48\"><img loading=\"lazy\" decoding=\"async\" class=\"aligncenter wp-image-6114\" src=\"https:\/\/agora.xtec.cat\/ceip-estel-stguim\/wp-content\/uploads\/usu237\/2020\/10\/compost-1024x768.jpg\" alt=\"\" width=\"211\" height=\"158\" srcset=\"https:\/\/agora.xtec.cat\/ceip-estel-stguim\/wp-content\/uploads\/usu237\/2020\/10\/compost-1024x768.jpg 1024w, https:\/\/agora.xtec.cat\/ceip-estel-stguim\/wp-content\/uploads\/usu237\/2020\/10\/compost-300x225.jpg 300w, https:\/\/agora.xtec.cat\/ceip-estel-stguim\/wp-content\/uploads\/usu237\/2020\/10\/compost-768x576.jpg 768w, https:\/\/agora.xtec.cat\/ceip-estel-stguim\/wp-content\/uploads\/usu237\/2020\/10\/compost-200x150.jpg 200w, https:\/\/agora.xtec.cat\/ceip-estel-stguim\/wp-content\/uploads\/usu237\/2020\/10\/compost.jpg 1030w\" sizes=\"auto, (max-width: 211px) 100vw, 211px\" \/><\/a><\/p>\n<p>Finalment dir-vos que el Consell Comarcal de la Segarra tamb\u00e9 ha fet ress\u00f2 de la not\u00edcia:<\/p>\n<p><a href=\"http:\/\/www.ccsegarra.cat\/serveis-a-les-persones\/residus\/actualitat\/noticies\/taller-de-compostatge-a-l2019escola-l2019estel-de-sant-guim-de-freixenet\">http:\/\/www.ccsegarra.cat\/serveis-a-les-persones\/residus\/actualitat\/noticies\/taller-de-compostatge-a-l2019escola-l2019estel-de-sant-guim-de-freixenet<\/a><\/p>\n","protected":false},"excerpt":{"rendered":"<p>Com ja sabeu les i els alumnes de cicle mitj\u00e0 ens encarreguem del compostador. Com cada any ha vingut la [&hellip;]<\/p>\n","protected":false},"author":1,"featured_media":6114,"comment_status":"open","ping_status":"closed","sticky":false,"template":"","format":"standard","meta":{"_bbp_topic_count":0,"_bbp_reply_count":0,"_bbp_total_topic_count":0,"_bbp_total_reply_count":0,"_bbp_voice_count":0,"_bbp_anonymous_reply_count":0,"_bbp_topic_count_hidden":0,"_bbp_reply_count_hidden":0,"_bbp_forum_subforum_count":0,"site-sidebar-layout":"default","site-content-layout":"","ast-site-content-layout":"","site-content-style":"default","site-sidebar-style":"default","ast-global-header-display":"","ast-banner-title-visibility":"","ast-main-header-display":"","ast-hfb-above-header-display":"","ast-hfb-below-header-display":"","ast-hfb-mobile-header-display":"","site-post-title":"","ast-breadcrumbs-content":"","ast-featured-img":"","footer-sml-layout":"","theme-transparent-header-meta":"","adv-header-id-meta":"","stick-header-meta":"","header-above-stick-meta":"","header-main-stick-meta":"","header-below-stick-meta":"","astra-migrate-meta-layouts":"default","ast-page-background-enabled":"default","ast-page-background-meta":{"desktop":{"background-color":"var(--ast-global-color-4)","background-image":"","background-repeat":"repeat","background-position":"center center","background-size":"auto","background-attachment":"scroll","background-type":"","background-media":"","overlay-type":"","overlay-color":"","overlay-opacity":"","overlay-gradient":""},"tablet":{"background-color":"","background-image":"","background-repeat":"repeat","background-position":"center center","background-size":"auto","background-attachment":"scroll","background-type":"","background-media":"","overlay-type":"","overlay-color":"","overlay-opacity":"","overlay-gradient":""},"mobile":{"background-color":"","background-image":"","background-repeat":"repeat","background-position":"center center","background-size":"auto","background-attachment":"scroll","background-type":"","background-media":"","overlay-type":"","overlay-color":"","overlay-opacity":"","overlay-gradient":""}},"ast-content-background-meta":{"desktop":{"background-color":"var(--ast-global-color-5)","background-image":"","background-repeat":"repeat","background-position":"center center","background-size":"auto","background-attachment":"scroll","background-type":"","background-media":"","overlay-type":"","overlay-color":"","overlay-opacity":"","overlay-gradient":""},"tablet":{"background-color":"var(--ast-global-color-5)","background-image":"","background-repeat":"repeat","background-position":"center center","background-size":"auto","background-attachment":"scroll","background-type":"","background-media":"","overlay-type":"","overlay-color":"","overlay-opacity":"","overlay-gradient":""},"mobile":{"background-color":"var(--ast-global-color-5)","background-image":"","background-repeat":"repeat","background-position":"center center","background-size":"auto","background-attachment":"scroll","background-type":"","background-media":"","overlay-type":"","overlay-color":"","overlay-opacity":"","overlay-gradient":""}},"footnotes":""},"categories":[12,13,34,1,4],"tags":[],"class_list":["post-6110","post","type-post","status-publish","format-standard","has-post-thumbnail","hentry","category-3r","category-4t","category-cicle-mitja","category-general","category-portada"],"post_mailing_queue_ids":[],"_links":{"self":[{"href":"https:\/\/agora.xtec.cat\/ceip-estel-stguim\/wp-json\/wp\/v2\/posts\/6110","targetHints":{"allow":["GET"]}}],"collection":[{"href":"https:\/\/agora.xtec.cat\/ceip-estel-stguim\/wp-json\/wp\/v2\/posts"}],"about":[{"href":"https:\/\/agora.xtec.cat\/ceip-estel-stguim\/wp-json\/wp\/v2\/types\/post"}],"author":[{"embeddable":true,"href":"https:\/\/agora.xtec.cat\/ceip-estel-stguim\/wp-json\/wp\/v2\/users\/1"}],"replies":[{"embeddable":true,"href":"https:\/\/agora.xtec.cat\/ceip-estel-stguim\/wp-json\/wp\/v2\/comments?post=6110"}],"version-history":[{"count":3,"href":"https:\/\/agora.xtec.cat\/ceip-estel-stguim\/wp-json\/wp\/v2\/posts\/6110\/revisions"}],"predecessor-version":[{"id":6122,"href":"https:\/\/agora.xtec.cat\/ceip-estel-stguim\/wp-json\/wp\/v2\/posts\/6110\/revisions\/6122"}],"wp:featuredmedia":[{"embeddable":true,"href":"https:\/\/agora.xtec.cat\/ceip-estel-stguim\/wp-json\/wp\/v2\/media\/6114"}],"wp:attachment":[{"href":"https:\/\/agora.xtec.cat\/ceip-estel-stguim\/wp-json\/wp\/v2\/media?parent=6110"}],"wp:term":[{"taxonomy":"category","embeddable":true,"href":"https:\/\/agora.xtec.cat\/ceip-estel-stguim\/wp-json\/wp\/v2\/categories?post=6110"},{"taxonomy":"post_tag","embeddable":true,"href":"https:\/\/agora.xtec.cat\/ceip-estel-stguim\/wp-json\/wp\/v2\/tags?post=6110"}],"curies":[{"name":"wp","href":"https:\/\/api.w.org\/{rel}","templated":true}]}}