{"id":6038,"date":"2020-06-14T15:36:22","date_gmt":"2020-06-14T13:36:22","guid":{"rendered":"https:\/\/agora.xtec.cat\/ceip-estel-stguim\/?p=6038"},"modified":"2020-06-14T18:17:48","modified_gmt":"2020-06-14T16:17:48","slug":"propostes-infantil-15-a-19-de-juny","status":"publish","type":"post","link":"https:\/\/agora.xtec.cat\/ceip-estel-stguim\/general\/propostes-infantil-15-a-19-de-juny\/","title":{"rendered":"PROPOSTES INFANTIL (15 A 19 DE JUNY)"},"content":{"rendered":"<p><a href=\"https:\/\/agora.xtec.cat\/ceip-estel-stguim\/wp-content\/uploads\/usu237\/2020\/05\/Dibujo.png\"><img loading=\"lazy\" decoding=\"async\" class=\"size-full wp-image-5574 aligncenter\" src=\"https:\/\/agora.xtec.cat\/ceip-estel-stguim\/wp-content\/uploads\/usu237\/2020\/05\/Dibujo.png\" alt=\"\" width=\"475\" height=\"209\" \/><\/a><\/p>\n<p>&nbsp;<\/p>\n<p style=\"text-align: center;\"><span style=\"color: #800080;\"><strong>LA IMPORT\u00c0NCIA DELS CONTES EN ELS INFANTS<\/strong><\/span><\/p>\n<p style=\"text-align: center;\"><a href=\"https:\/\/agora.xtec.cat\/ceip-estel-stguim\/wp-content\/uploads\/usu237\/2020\/06\/sense-nom.png\"><img loading=\"lazy\" decoding=\"async\" class=\" wp-image-6039 aligncenter\" src=\"https:\/\/agora.xtec.cat\/ceip-estel-stguim\/wp-content\/uploads\/usu237\/2020\/06\/sense-nom.png\" alt=\"\" width=\"728\" height=\"489\" srcset=\"https:\/\/agora.xtec.cat\/ceip-estel-stguim\/wp-content\/uploads\/usu237\/2020\/06\/sense-nom.png 882w, https:\/\/agora.xtec.cat\/ceip-estel-stguim\/wp-content\/uploads\/usu237\/2020\/06\/sense-nom-300x201.png 300w, https:\/\/agora.xtec.cat\/ceip-estel-stguim\/wp-content\/uploads\/usu237\/2020\/06\/sense-nom-768x515.png 768w\" sizes=\"auto, (max-width: 728px) 100vw, 728px\" \/><\/a><\/p>\n<p style=\"text-align: center;\"><span style=\"color: #800080;\">AQUESTA SETMANA ACOMIADEM EL CURS AMB 2 CONTES MOLT BONICS QUE ENS EXPLICA LA MONTSE. <\/span><\/p>\n<p style=\"text-align: center;\"><span style=\"color: #800080;\">ESPEREM QUE ELS VOSTRES FILLS\/FILLES EN GAUDEIXIN.<\/span><\/p>\n<p>&nbsp;<\/p>\n<p style=\"text-align: center;\"><span style=\"color: #008000;\"><strong>CONTE 1: LA GRAN F\u00c0BRICA DE LES PARAULES<\/strong><\/span><\/p>\n<p><center><iframe loading=\"lazy\" src=\"\/\/www.youtube.com\/embed\/ZEWapbKpT9U\" width=\"560\" height=\"314\"><\/iframe><\/center>&nbsp;<\/p>\n<p>&nbsp;<\/p>\n<p style=\"text-align: center;\"><strong><span style=\"color: #ff6600;\">CONTE 2:\u00a0 LA CABRA GOLUDA.<\/span><\/strong><\/p>\n<p><center><iframe loading=\"lazy\" src=\"\/\/www.youtube.com\/embed\/_GaHtN4DdRE\" width=\"560\" height=\"314\"><\/iframe><\/center>&nbsp;<\/p>\n<p>&nbsp;<\/p>\n<p style=\"text-align: center;\"><span style=\"color: #800080;\">I A CONTINUACI\u00d3 LES ACTIVITATS D&#8217;ANGL\u00c8S PER AQUESTA SETMANA:<\/span><\/p>\n<p style=\"text-align: center;\">1.-Visionat v\u00eddeo: (Es pot visionar m\u00e9s d\u2019un cop al llarg dels dies )<\/p>\n<p style=\"text-align: center;\">The baby triplets:<strong> Mummy\u2019s doll.<\/strong><\/p>\n<p><center><iframe loading=\"lazy\" src=\"\/\/www.youtube.com\/embed\/iyBt4ORV3vw\" width=\"560\" height=\"314\"><\/iframe><\/center>&nbsp;<\/p>\n<p style=\"text-align: center;\">2.- Escoltar i aprendre la can\u00e7\u00f3.(Es pot escoltar m\u00e9s d\u2019un cop al llarg dels dies )<\/p>\n<p style=\"text-align: center;\"><strong>I have a pet<\/strong> song.<\/p>\n<p><center><iframe loading=\"lazy\" src=\"\/\/www.youtube.com\/embed\/pWepfJ-8XU0\" width=\"560\" height=\"314\"><\/iframe><\/center>&nbsp;<\/p>\n<p style=\"text-align: center;\">3.- Visionar v\u00eddeos GOGO\u2019S (Es poden visionar m\u00e9s d\u2019un cop al llarg dels dies )<\/p>\n<p style=\"text-align: center;\">Anar a google or youtube i cercar per exemple: <strong>Gogo\u2019s Unit 4<\/strong><\/p>\n<p style=\"text-align: center;\"><strong>\u00a0<\/strong>4.- Recordatori programaci\u00f3 infantil matinal <strong>en angl\u00e8s<\/strong> de 9\u201925 h a 10\u201910 h.al S\u00faper 3.<\/p>\n<p style=\"text-align: center;\">5.-Recordatori v\u00eddeos infantils animats <strong>en angl\u00e8s<\/strong> de POCOYO, PEPPA PIG, DORA THE EXPLORER, CALLIOU. ( Anar a Google, cercar els dibuixos i anar a v\u00eddeos)<\/p>\n<p>&nbsp;<\/p>\n","protected":false},"excerpt":{"rendered":"<p>&nbsp; LA IMPORT\u00c0NCIA DELS CONTES EN ELS INFANTS AQUESTA SETMANA ACOMIADEM EL CURS AMB 2 CONTES MOLT BONICS QUE ENS [&hellip;]<\/p>\n","protected":false},"author":1,"featured_media":5574,"comment_status":"open","ping_status":"closed","sticky":false,"template":"","format":"standard","meta":{"_bbp_topic_count":0,"_bbp_reply_count":0,"_bbp_total_topic_count":0,"_bbp_total_reply_count":0,"_bbp_voice_count":0,"_bbp_anonymous_reply_count":0,"_bbp_topic_count_hidden":0,"_bbp_reply_count_hidden":0,"_bbp_forum_subforum_count":0,"site-sidebar-layout":"default","site-content-layout":"","ast-site-content-layout":"","site-content-style":"default","site-sidebar-style":"default","ast-global-header-display":"","ast-banner-title-visibility":"","ast-main-header-display":"","ast-hfb-above-header-display":"","ast-hfb-below-header-display":"","ast-hfb-mobile-header-display":"","site-post-title":"","ast-breadcrumbs-content":"","ast-featured-img":"","footer-sml-layout":"","theme-transparent-header-meta":"","adv-header-id-meta":"","stick-header-meta":"","header-above-stick-meta":"","header-main-stick-meta":"","header-below-stick-meta":"","astra-migrate-meta-layouts":"default","ast-page-background-enabled":"default","ast-page-background-meta":{"desktop":{"background-color":"var(--ast-global-color-4)","background-image":"","background-repeat":"repeat","background-position":"center center","background-size":"auto","background-attachment":"scroll","background-type":"","background-media":"","overlay-type":"","overlay-color":"","overlay-opacity":"","overlay-gradient":""},"tablet":{"background-color":"","background-image":"","background-repeat":"repeat","background-position":"center center","background-size":"auto","background-attachment":"scroll","background-type":"","background-media":"","overlay-type":"","overlay-color":"","overlay-opacity":"","overlay-gradient":""},"mobile":{"background-color":"","background-image":"","background-repeat":"repeat","background-position":"center center","background-size":"auto","background-attachment":"scroll","background-type":"","background-media":"","overlay-type":"","overlay-color":"","overlay-opacity":"","overlay-gradient":""}},"ast-content-background-meta":{"desktop":{"background-color":"var(--ast-global-color-5)","background-image":"","background-repeat":"repeat","background-position":"center center","background-size":"auto","background-attachment":"scroll","background-type":"","background-media":"","overlay-type":"","overlay-color":"","overlay-opacity":"","overlay-gradient":""},"tablet":{"background-color":"var(--ast-global-color-5)","background-image":"","background-repeat":"repeat","background-position":"center center","background-size":"auto","background-attachment":"scroll","background-type":"","background-media":"","overlay-type":"","overlay-color":"","overlay-opacity":"","overlay-gradient":""},"mobile":{"background-color":"var(--ast-global-color-5)","background-image":"","background-repeat":"repeat","background-position":"center center","background-size":"auto","background-attachment":"scroll","background-type":"","background-media":"","overlay-type":"","overlay-color":"","overlay-opacity":"","overlay-gradient":""}},"footnotes":""},"categories":[1,4],"tags":[],"class_list":["post-6038","post","type-post","status-publish","format-standard","has-post-thumbnail","hentry","category-general","category-portada"],"post_mailing_queue_ids":[],"_links":{"self":[{"href":"https:\/\/agora.xtec.cat\/ceip-estel-stguim\/wp-json\/wp\/v2\/posts\/6038","targetHints":{"allow":["GET"]}}],"collection":[{"href":"https:\/\/agora.xtec.cat\/ceip-estel-stguim\/wp-json\/wp\/v2\/posts"}],"about":[{"href":"https:\/\/agora.xtec.cat\/ceip-estel-stguim\/wp-json\/wp\/v2\/types\/post"}],"author":[{"embeddable":true,"href":"https:\/\/agora.xtec.cat\/ceip-estel-stguim\/wp-json\/wp\/v2\/users\/1"}],"replies":[{"embeddable":true,"href":"https:\/\/agora.xtec.cat\/ceip-estel-stguim\/wp-json\/wp\/v2\/comments?post=6038"}],"version-history":[{"count":3,"href":"https:\/\/agora.xtec.cat\/ceip-estel-stguim\/wp-json\/wp\/v2\/posts\/6038\/revisions"}],"predecessor-version":[{"id":6051,"href":"https:\/\/agora.xtec.cat\/ceip-estel-stguim\/wp-json\/wp\/v2\/posts\/6038\/revisions\/6051"}],"wp:featuredmedia":[{"embeddable":true,"href":"https:\/\/agora.xtec.cat\/ceip-estel-stguim\/wp-json\/wp\/v2\/media\/5574"}],"wp:attachment":[{"href":"https:\/\/agora.xtec.cat\/ceip-estel-stguim\/wp-json\/wp\/v2\/media?parent=6038"}],"wp:term":[{"taxonomy":"category","embeddable":true,"href":"https:\/\/agora.xtec.cat\/ceip-estel-stguim\/wp-json\/wp\/v2\/categories?post=6038"},{"taxonomy":"post_tag","embeddable":true,"href":"https:\/\/agora.xtec.cat\/ceip-estel-stguim\/wp-json\/wp\/v2\/tags?post=6038"}],"curies":[{"name":"wp","href":"https:\/\/api.w.org\/{rel}","templated":true}]}}