{"id":6026,"date":"2020-06-07T12:59:59","date_gmt":"2020-06-07T10:59:59","guid":{"rendered":"https:\/\/agora.xtec.cat\/ceip-estel-stguim\/?p=6026"},"modified":"2020-06-07T12:59:59","modified_gmt":"2020-06-07T10:59:59","slug":"tasques-quart-curs-setmana-del-8-al-14-de-juny-de-2020","status":"publish","type":"post","link":"https:\/\/agora.xtec.cat\/ceip-estel-stguim\/portada\/tasques-quart-curs-setmana-del-8-al-14-de-juny-de-2020\/","title":{"rendered":"Tasques QUART CURS &#8211; Setmana del 8 al 14 de juny de 2020"},"content":{"rendered":"<p style=\"font-weight: 400;\">Benvolgudes fam\u00edlies de 4t,<\/p>\n<p style=\"font-weight: 400;\">Us adjuntem les tasques per a la setmana vinent.<\/p>\n<table>\n<tbody>\n<tr>\n<td style=\"text-align: center;\"><a href=\"https:\/\/agora.xtec.cat\/ceip-estel-stguim\/wp-content\/uploads\/usu237\/2020\/06\/4t-tasques-setmanals-del-8-al-14-de-juny.pdf\">_4t tasques setmanals del 8 al 14 de juny<\/a><\/td>\n<\/tr>\n<tr>\n<td style=\"text-align: center;\"><a href=\"https:\/\/agora.xtec.cat\/ceip-estel-stguim\/wp-content\/uploads\/usu237\/2020\/06\/animals-4-quart.pdf\">animals 4-quart<\/a><\/td>\n<\/tr>\n<\/tbody>\n<\/table>\n<p style=\"font-weight: 400;\">Aquesta setmana tornarem a provar de fer la\u00a0<strong>reuni\u00f3 tots junts<\/strong>, ser\u00e0 l&#8217;\u00faltima.<\/p>\n<p style=\"font-weight: 400;\">La meva proposta \u00e9s aquest dijous a les 12h<\/p>\n<p style=\"font-weight: 400;\">\u00a0Us passo l&#8217;enlla\u00e7:<\/p>\n<p style=\"font-weight: 400;\"><a href=\"https:\/\/meet.google.com\/umf-cfkc-tef\" data-saferedirecturl=\"https:\/\/www.google.com\/url?q=https:\/\/meet.google.com\/umf-cfkc-tef&amp;source=gmail&amp;ust=1591610860682000&amp;usg=AFQjCNEsJ7YiFBF9-W0Dw_ffPXdeJRHzoA\">https:\/\/meet.google.com\/umf-cfkc-tef<\/a><\/p>\n<p style=\"font-weight: 400;\">\n<p style=\"font-weight: 400;\">Aquesta setmana hi ha una tasca relacionada amb el comiat dels\/les alumnes de 6\u00e8, ja que no els podran dir ad\u00e9u a l\u2019escola. La tasca est\u00e0 detallada al full d\u2019explicaci\u00f3 de tasques. Estaria molt b\u00e9 que ho pogu\u00e9ssiu fer totes i tots ja que \u00e9s un moment molt important pels companys i companyes que finalitzen aquesta etapa, i els ha tocat acomiadar-se d&#8217;aquesta manera tan estranya. El termini per enviar aquesta tasca \u00e9s divendres 12.<\/p>\n<p style=\"font-weight: 400;\">\n<p style=\"font-weight: 400;\">Afegeixo un recordatori per a tots\/es aquells\/es que vindran el dia 18:<\/p>\n<p style=\"font-weight: 400;\">&#8211;\u00a0\u00a0\u00a0\u00a0\u00a0\u00a0\u00a0\u00a0\u00a0\u00a0Portar el llibre \u201cel meu carrer\u201d (no \u00e9s nostre i l\u2019hem de retornar)<\/p>\n<p style=\"font-weight: 400;\">&#8211;\u00a0\u00a0\u00a0\u00a0\u00a0\u00a0\u00a0\u00a0\u00a0\u00a0Qui tingui llibres de la biblioteca de l\u2019escola o de la classe, que els porti.<\/p>\n<p style=\"font-weight: 400;\">&#8211;\u00a0\u00a0\u00a0\u00a0\u00a0\u00a0\u00a0\u00a0\u00a0\u00a0Porteu la motxilla per endur-vos tot el material vostre i arxivadors.<\/p>\n<p style=\"font-weight: 400;\">&#8211;\u00a0\u00a0\u00a0\u00a0\u00a0\u00a0\u00a0\u00a0\u00a0\u00a0Qui tingui la bibliocarpeta tamb\u00e9 l&#8217;ha de retornar.<\/p>\n<p style=\"font-weight: 400;\">Per l\u2019alumnat que no vingui, ja mirarem d\u2019acordar una manera per retornar els llibres.<\/p>\n<p style=\"font-weight: 400;\">\n<p style=\"font-weight: 400;\">Salut, \u00e0nims i for\u00e7a<\/p>\n<p style=\"font-weight: 400;\">Equip de mestres de cicle mitj\u00e0<\/p>\n<p>&nbsp;<\/p>\n<p><a href=\"https:\/\/agora.xtec.cat\/ceip-estel-stguim\/wp-content\/uploads\/usu237\/2020\/06\/euros-1.jpg\"><img loading=\"lazy\" decoding=\"async\" class=\"aligncenter size-large wp-image-6029\" src=\"https:\/\/agora.xtec.cat\/ceip-estel-stguim\/wp-content\/uploads\/usu237\/2020\/06\/euros-1-741x1024.jpg\" alt=\"\" width=\"741\" height=\"1024\" srcset=\"https:\/\/agora.xtec.cat\/ceip-estel-stguim\/wp-content\/uploads\/usu237\/2020\/06\/euros-1-741x1024.jpg 741w, https:\/\/agora.xtec.cat\/ceip-estel-stguim\/wp-content\/uploads\/usu237\/2020\/06\/euros-1-217x300.jpg 217w, https:\/\/agora.xtec.cat\/ceip-estel-stguim\/wp-content\/uploads\/usu237\/2020\/06\/euros-1-768x1062.jpg 768w, https:\/\/agora.xtec.cat\/ceip-estel-stguim\/wp-content\/uploads\/usu237\/2020\/06\/euros-1.jpg 1541w\" sizes=\"auto, (max-width: 741px) 100vw, 741px\" \/><\/a> <a href=\"https:\/\/agora.xtec.cat\/ceip-estel-stguim\/wp-content\/uploads\/usu237\/2020\/06\/euros-2.jpg\"><img loading=\"lazy\" decoding=\"async\" class=\"aligncenter size-large wp-image-6030\" src=\"https:\/\/agora.xtec.cat\/ceip-estel-stguim\/wp-content\/uploads\/usu237\/2020\/06\/euros-2-709x1024.jpg\" alt=\"\" width=\"709\" height=\"1024\" srcset=\"https:\/\/agora.xtec.cat\/ceip-estel-stguim\/wp-content\/uploads\/usu237\/2020\/06\/euros-2-709x1024.jpg 709w, https:\/\/agora.xtec.cat\/ceip-estel-stguim\/wp-content\/uploads\/usu237\/2020\/06\/euros-2-208x300.jpg 208w, https:\/\/agora.xtec.cat\/ceip-estel-stguim\/wp-content\/uploads\/usu237\/2020\/06\/euros-2-768x1110.jpg 768w, https:\/\/agora.xtec.cat\/ceip-estel-stguim\/wp-content\/uploads\/usu237\/2020\/06\/euros-2.jpg 1468w\" sizes=\"auto, (max-width: 709px) 100vw, 709px\" \/><\/a> <a href=\"https:\/\/agora.xtec.cat\/ceip-estel-stguim\/wp-content\/uploads\/usu237\/2020\/06\/problema-euros.jpg\"><img loading=\"lazy\" decoding=\"async\" class=\"aligncenter size-large wp-image-6031\" src=\"https:\/\/agora.xtec.cat\/ceip-estel-stguim\/wp-content\/uploads\/usu237\/2020\/06\/problema-euros-726x1024.jpg\" alt=\"\" width=\"726\" height=\"1024\" srcset=\"https:\/\/agora.xtec.cat\/ceip-estel-stguim\/wp-content\/uploads\/usu237\/2020\/06\/problema-euros-726x1024.jpg 726w, https:\/\/agora.xtec.cat\/ceip-estel-stguim\/wp-content\/uploads\/usu237\/2020\/06\/problema-euros-213x300.jpg 213w, https:\/\/agora.xtec.cat\/ceip-estel-stguim\/wp-content\/uploads\/usu237\/2020\/06\/problema-euros-768x1083.jpg 768w, https:\/\/agora.xtec.cat\/ceip-estel-stguim\/wp-content\/uploads\/usu237\/2020\/06\/problema-euros.jpg 1550w\" sizes=\"auto, (max-width: 726px) 100vw, 726px\" \/><\/a><\/p>\n","protected":false},"excerpt":{"rendered":"<p>Benvolgudes fam\u00edlies de 4t, Us adjuntem les tasques per a la setmana vinent. _4t tasques setmanals del 8 al 14 [&hellip;]<\/p>\n","protected":false},"author":1,"featured_media":5432,"comment_status":"open","ping_status":"closed","sticky":false,"template":"","format":"standard","meta":{"_bbp_topic_count":0,"_bbp_reply_count":0,"_bbp_total_topic_count":0,"_bbp_total_reply_count":0,"_bbp_voice_count":0,"_bbp_anonymous_reply_count":0,"_bbp_topic_count_hidden":0,"_bbp_reply_count_hidden":0,"_bbp_forum_subforum_count":0,"site-sidebar-layout":"default","site-content-layout":"","ast-site-content-layout":"","site-content-style":"default","site-sidebar-style":"default","ast-global-header-display":"","ast-banner-title-visibility":"","ast-main-header-display":"","ast-hfb-above-header-display":"","ast-hfb-below-header-display":"","ast-hfb-mobile-header-display":"","site-post-title":"","ast-breadcrumbs-content":"","ast-featured-img":"","footer-sml-layout":"","theme-transparent-header-meta":"","adv-header-id-meta":"","stick-header-meta":"","header-above-stick-meta":"","header-main-stick-meta":"","header-below-stick-meta":"","astra-migrate-meta-layouts":"default","ast-page-background-enabled":"default","ast-page-background-meta":{"desktop":{"background-color":"var(--ast-global-color-4)","background-image":"","background-repeat":"repeat","background-position":"center center","background-size":"auto","background-attachment":"scroll","background-type":"","background-media":"","overlay-type":"","overlay-color":"","overlay-opacity":"","overlay-gradient":""},"tablet":{"background-color":"","background-image":"","background-repeat":"repeat","background-position":"center center","background-size":"auto","background-attachment":"scroll","background-type":"","background-media":"","overlay-type":"","overlay-color":"","overlay-opacity":"","overlay-gradient":""},"mobile":{"background-color":"","background-image":"","background-repeat":"repeat","background-position":"center center","background-size":"auto","background-attachment":"scroll","background-type":"","background-media":"","overlay-type":"","overlay-color":"","overlay-opacity":"","overlay-gradient":""}},"ast-content-background-meta":{"desktop":{"background-color":"var(--ast-global-color-5)","background-image":"","background-repeat":"repeat","background-position":"center center","background-size":"auto","background-attachment":"scroll","background-type":"","background-media":"","overlay-type":"","overlay-color":"","overlay-opacity":"","overlay-gradient":""},"tablet":{"background-color":"var(--ast-global-color-5)","background-image":"","background-repeat":"repeat","background-position":"center center","background-size":"auto","background-attachment":"scroll","background-type":"","background-media":"","overlay-type":"","overlay-color":"","overlay-opacity":"","overlay-gradient":""},"mobile":{"background-color":"var(--ast-global-color-5)","background-image":"","background-repeat":"repeat","background-position":"center center","background-size":"auto","background-attachment":"scroll","background-type":"","background-media":"","overlay-type":"","overlay-color":"","overlay-opacity":"","overlay-gradient":""}},"footnotes":""},"categories":[13,34,4],"tags":[],"class_list":["post-6026","post","type-post","status-publish","format-standard","has-post-thumbnail","hentry","category-4t","category-cicle-mitja","category-portada"],"post_mailing_queue_ids":[],"_links":{"self":[{"href":"https:\/\/agora.xtec.cat\/ceip-estel-stguim\/wp-json\/wp\/v2\/posts\/6026","targetHints":{"allow":["GET"]}}],"collection":[{"href":"https:\/\/agora.xtec.cat\/ceip-estel-stguim\/wp-json\/wp\/v2\/posts"}],"about":[{"href":"https:\/\/agora.xtec.cat\/ceip-estel-stguim\/wp-json\/wp\/v2\/types\/post"}],"author":[{"embeddable":true,"href":"https:\/\/agora.xtec.cat\/ceip-estel-stguim\/wp-json\/wp\/v2\/users\/1"}],"replies":[{"embeddable":true,"href":"https:\/\/agora.xtec.cat\/ceip-estel-stguim\/wp-json\/wp\/v2\/comments?post=6026"}],"version-history":[{"count":1,"href":"https:\/\/agora.xtec.cat\/ceip-estel-stguim\/wp-json\/wp\/v2\/posts\/6026\/revisions"}],"predecessor-version":[{"id":6032,"href":"https:\/\/agora.xtec.cat\/ceip-estel-stguim\/wp-json\/wp\/v2\/posts\/6026\/revisions\/6032"}],"wp:featuredmedia":[{"embeddable":true,"href":"https:\/\/agora.xtec.cat\/ceip-estel-stguim\/wp-json\/wp\/v2\/media\/5432"}],"wp:attachment":[{"href":"https:\/\/agora.xtec.cat\/ceip-estel-stguim\/wp-json\/wp\/v2\/media?parent=6026"}],"wp:term":[{"taxonomy":"category","embeddable":true,"href":"https:\/\/agora.xtec.cat\/ceip-estel-stguim\/wp-json\/wp\/v2\/categories?post=6026"},{"taxonomy":"post_tag","embeddable":true,"href":"https:\/\/agora.xtec.cat\/ceip-estel-stguim\/wp-json\/wp\/v2\/tags?post=6026"}],"curies":[{"name":"wp","href":"https:\/\/api.w.org\/{rel}","templated":true}]}}