{"id":5932,"date":"2020-05-31T12:08:47","date_gmt":"2020-05-31T10:08:47","guid":{"rendered":"https:\/\/agora.xtec.cat\/ceip-estel-stguim\/?p=5932"},"modified":"2020-06-01T11:29:21","modified_gmt":"2020-06-01T09:29:21","slug":"propostes-infantil-1-5-juny","status":"publish","type":"post","link":"https:\/\/agora.xtec.cat\/ceip-estel-stguim\/general\/propostes-infantil-1-5-juny\/","title":{"rendered":"PROPOSTES INFANTIL (1 A 5 DE JUNY)"},"content":{"rendered":"<p><a href=\"https:\/\/agora.xtec.cat\/ceip-estel-stguim\/wp-content\/uploads\/usu237\/2020\/05\/portada-1.png\"><img loading=\"lazy\" decoding=\"async\" class=\" wp-image-5934 aligncenter\" src=\"https:\/\/agora.xtec.cat\/ceip-estel-stguim\/wp-content\/uploads\/usu237\/2020\/05\/portada-1.png\" alt=\"\" width=\"457\" height=\"320\" srcset=\"https:\/\/agora.xtec.cat\/ceip-estel-stguim\/wp-content\/uploads\/usu237\/2020\/05\/portada-1.png 489w, https:\/\/agora.xtec.cat\/ceip-estel-stguim\/wp-content\/uploads\/usu237\/2020\/05\/portada-1-300x210.png 300w\" sizes=\"auto, (max-width: 457px) 100vw, 457px\" \/><\/a><\/p>\n<p style=\"text-align: center;\">HOLA FAM\u00cdLIES,<\/p>\n<p style=\"text-align: center;\">US FEM ARRIBAR LES NOVES PROPOSTES PER AQUESTA SETMANA. ESPEREM QUE EN GAUDIU JUNTAMENT AMB ELS VOSTRES FILLS.<\/p>\n<p><a href=\"https:\/\/agora.xtec.cat\/ceip-estel-stguim\/wp-content\/uploads\/usu237\/2020\/05\/ICONA-POEMA.png\"><img loading=\"lazy\" decoding=\"async\" class=\" wp-image-5936 aligncenter\" src=\"https:\/\/agora.xtec.cat\/ceip-estel-stguim\/wp-content\/uploads\/usu237\/2020\/05\/ICONA-POEMA.png\" alt=\"\" width=\"100\" height=\"142\" \/><\/a><\/p>\n<p style=\"text-align: center;\"><span style=\"color: #008000;\"><strong>PROPOSTA 1: POEMA &#8220;LA PRIMAVERA&#8221;(VEURE V\u00cdDEO)<\/strong><br \/>\n<\/span><\/p>\n<p><center><iframe loading=\"lazy\" src=\"\/\/www.youtube.com\/embed\/S5OqnRsOQmA\" width=\"560\" height=\"314\"><\/iframe><\/center><a href=\"https:\/\/agora.xtec.cat\/ceip-estel-stguim\/wp-content\/uploads\/usu237\/2020\/05\/Dibuix-e1590267788464.png\"><img loading=\"lazy\" decoding=\"async\" class=\" wp-image-5725 aligncenter\" src=\"https:\/\/agora.xtec.cat\/ceip-estel-stguim\/wp-content\/uploads\/usu237\/2020\/05\/Dibuix-e1590267788464.png\" alt=\"\" width=\"141\" height=\"105\" \/><\/a><\/p>\n<p style=\"text-align: center;\"><span style=\"color: #008000;\"><strong>PROPOSTA 2: DIBUIX GUIAT (VEURE V\u00cdDEO)<\/strong><br \/>\n<\/span><\/p>\n<p><center><iframe loading=\"lazy\" src=\"\/\/www.youtube.com\/embed\/xvyJLm2X0-w\" width=\"560\" height=\"314\"><\/iframe><\/center><a href=\"https:\/\/agora.xtec.cat\/ceip-estel-stguim\/wp-content\/uploads\/usu237\/2020\/05\/6-e1590270569299.png\"><img loading=\"lazy\" decoding=\"async\" class=\" wp-image-5581 aligncenter\" src=\"https:\/\/agora.xtec.cat\/ceip-estel-stguim\/wp-content\/uploads\/usu237\/2020\/05\/6-e1590270569299.png\" alt=\"\" width=\"142\" height=\"96\" \/><\/a><\/p>\n<p style=\"text-align: center;\"><span style=\"color: #008000;\"><strong>PROPOSTA 3: JUGUEM AMB LES EMOCIONS(VEURE V\u00cdDEO)<\/strong><br \/>\n<\/span><\/p>\n<p><center><iframe loading=\"lazy\" src=\"\/\/www.youtube.com\/embed\/ZlFUmyp6qGQ\" width=\"560\" height=\"314\"><\/iframe><\/center><a href=\"https:\/\/agora.xtec.cat\/ceip-estel-stguim\/wp-content\/uploads\/usu237\/2020\/05\/imatge-enigma.png\"><img loading=\"lazy\" decoding=\"async\" class=\"wp-image-5894 aligncenter\" src=\"https:\/\/agora.xtec.cat\/ceip-estel-stguim\/wp-content\/uploads\/usu237\/2020\/05\/imatge-enigma.png\" alt=\"\" width=\"118\" height=\"140\" \/><\/a><\/p>\n<p style=\"text-align: center;\"><strong><span style=\"color: #008000;\">PROPOSTA 4: TROBEM LES DIFER\u00c8NCIES<\/span><\/strong><\/p>\n<p style=\"text-align: center;\"><strong><span style=\"color: #ff6600;\">TROBA 5 DIFER\u00c8NCIES<\/span><\/strong><\/p>\n<p><a href=\"https:\/\/agora.xtec.cat\/ceip-estel-stguim\/wp-content\/uploads\/usu237\/2020\/05\/difer\u00e8ncies-5.png\"><img loading=\"lazy\" decoding=\"async\" class=\" wp-image-5965 aligncenter\" src=\"https:\/\/agora.xtec.cat\/ceip-estel-stguim\/wp-content\/uploads\/usu237\/2020\/05\/difer\u00e8ncies-5.png\" alt=\"\" width=\"778\" height=\"308\" srcset=\"https:\/\/agora.xtec.cat\/ceip-estel-stguim\/wp-content\/uploads\/usu237\/2020\/05\/difer\u00e8ncies-5.png 717w, https:\/\/agora.xtec.cat\/ceip-estel-stguim\/wp-content\/uploads\/usu237\/2020\/05\/difer\u00e8ncies-5-300x119.png 300w\" sizes=\"auto, (max-width: 778px) 100vw, 778px\" \/><\/a><\/p>\n<p style=\"text-align: center;\"><strong><span style=\"color: #ff6600;\">TROBA 8 DIFER\u00c8NCIES<\/span><\/strong><\/p>\n<p><a href=\"https:\/\/agora.xtec.cat\/ceip-estel-stguim\/wp-content\/uploads\/usu237\/2020\/05\/8-diferencies.png\"><img loading=\"lazy\" decoding=\"async\" class=\" wp-image-5966 aligncenter\" src=\"https:\/\/agora.xtec.cat\/ceip-estel-stguim\/wp-content\/uploads\/usu237\/2020\/05\/8-diferencies.png\" alt=\"\" width=\"798\" height=\"324\" srcset=\"https:\/\/agora.xtec.cat\/ceip-estel-stguim\/wp-content\/uploads\/usu237\/2020\/05\/8-diferencies.png 717w, https:\/\/agora.xtec.cat\/ceip-estel-stguim\/wp-content\/uploads\/usu237\/2020\/05\/8-diferencies-300x122.png 300w\" sizes=\"auto, (max-width: 798px) 100vw, 798px\" \/><\/a><\/p>\n<p><a href=\"https:\/\/agora.xtec.cat\/ceip-estel-stguim\/wp-content\/uploads\/usu237\/2020\/05\/m\u00e0gia.png\"><img loading=\"lazy\" decoding=\"async\" class=\"wp-image-5937 aligncenter\" src=\"https:\/\/agora.xtec.cat\/ceip-estel-stguim\/wp-content\/uploads\/usu237\/2020\/05\/m\u00e0gia.png\" alt=\"\" width=\"111\" height=\"133\" \/><\/a><\/p>\n<p style=\"text-align: center;\"><span style=\"color: #008000;\"><strong>PROPOSTA 5. UNA MICA DE M\u00c0GIA&#8230;(VEURE V\u00cdDEO)<\/strong><br \/>\n<\/span><\/p>\n<p><center><iframe loading=\"lazy\" src=\"\/\/www.youtube.com\/embed\/vx8jDtCw61k\" width=\"560\" height=\"314\"><\/iframe><\/center><a href=\"https:\/\/agora.xtec.cat\/ceip-estel-stguim\/wp-content\/uploads\/usu237\/2020\/04\/descarga-1.jpg\"><img loading=\"lazy\" decoding=\"async\" class=\" wp-image-5460 aligncenter\" src=\"https:\/\/agora.xtec.cat\/ceip-estel-stguim\/wp-content\/uploads\/usu237\/2020\/04\/descarga-1.jpg\" alt=\"\" width=\"163\" height=\"92\" srcset=\"https:\/\/agora.xtec.cat\/ceip-estel-stguim\/wp-content\/uploads\/usu237\/2020\/04\/descarga-1.jpg 400w, https:\/\/agora.xtec.cat\/ceip-estel-stguim\/wp-content\/uploads\/usu237\/2020\/04\/descarga-1-300x169.jpg 300w\" sizes=\"auto, (max-width: 163px) 100vw, 163px\" \/><\/a><\/p>\n<p style=\"text-align: center;\"><strong><span style=\"color: #008000;\">PROPOSTA 6: DIBUIXOS I CAN\u00c7ONS EN ANGL\u00c8S<\/span><\/strong><\/p>\n<p style=\"text-align: center;\">1.-Visionat v\u00eddeo: (Es pot visionar m\u00e9s d\u2019un cop al llarg dels dies ). Potser haureu d&#8217;executar l&#8217; adobe flash. Cliqueu a dalt a la part esquerra de la URL.<\/p>\n<p style=\"text-align: center;\"><strong>The baby triplets: Kitty\u2019s hungry (clicar l&#8217;enlla\u00e7 de sota per veure el v\u00eddeo)<br \/>\n<\/strong><\/p>\n<p><a href=\"http:\/\/www.edu3.cat\/Edu3tv\/Fitxa?p_id=28344\"><img loading=\"lazy\" decoding=\"async\" class=\"aligncenter\" title=\"Edu3.cat\" src=\"http:\/\/www.edu3.cat\/img\/logo_embed.png\" alt=\"Edu3.cat\" width=\"85\" height=\"90\" border=\"0\" \/> <\/a><\/p>\n<p>&nbsp;<\/p>\n<p style=\"text-align: center;\">2.- Escoltar i aprendre la can\u00e7\u00f3.(Es pot escoltar m\u00e9s d\u2019un cop al llarg dels dies )<\/p>\n<p style=\"text-align: center;\"><strong>\u00a0<\/strong><strong>What do you hear? <\/strong>song.<\/p>\n<p style=\"text-align: center;\"><iframe loading=\"lazy\" src=\"\/\/www.youtube.com\/embed\/YVgv1EFJZHc\" width=\"560\" height=\"314\"><\/iframe><\/p>\n<p style=\"text-align: center;\">3.- Visionar v\u00eddeos GOGO\u2019S (Es poden visionar m\u00e9s d\u2019un cop al llarg dels dies)<\/p>\n<p style=\"text-align: center;\">Anar a google or youtube i cercar per exemple: <strong>Gogo\u2019s Unit 4<\/strong><\/p>\n<p style=\"text-align: center;\"><strong>\u00a0<\/strong>4.-\u00a0 Recordatori programaci\u00f3 infantil matinal <strong>en angl\u00e8s<\/strong> de 9\u201925 h a 10\u201910 h.al Super 3.<\/p>\n<p style=\"text-align: center;\">5.-Recordatori v\u00eddeos infantils animats <strong>en angl\u00e8s<\/strong> de POCOYO, PEPPA PIG, DORA THE EXPLORER, CAILLOU. ( Anar a Google, cercar els dibuixos i anar a v\u00eddeos)<\/p>\n<p>&nbsp;<\/p>\n","protected":false},"excerpt":{"rendered":"<p>HOLA FAM\u00cdLIES, US FEM ARRIBAR LES NOVES PROPOSTES PER AQUESTA SETMANA. ESPEREM QUE EN GAUDIU JUNTAMENT AMB ELS VOSTRES FILLS. [&hellip;]<\/p>\n","protected":false},"author":1,"featured_media":5934,"comment_status":"open","ping_status":"closed","sticky":false,"template":"","format":"standard","meta":{"_bbp_topic_count":0,"_bbp_reply_count":0,"_bbp_total_topic_count":0,"_bbp_total_reply_count":0,"_bbp_voice_count":0,"_bbp_anonymous_reply_count":0,"_bbp_topic_count_hidden":0,"_bbp_reply_count_hidden":0,"_bbp_forum_subforum_count":0,"site-sidebar-layout":"default","site-content-layout":"","ast-site-content-layout":"","site-content-style":"default","site-sidebar-style":"default","ast-global-header-display":"","ast-banner-title-visibility":"","ast-main-header-display":"","ast-hfb-above-header-display":"","ast-hfb-below-header-display":"","ast-hfb-mobile-header-display":"","site-post-title":"","ast-breadcrumbs-content":"","ast-featured-img":"","footer-sml-layout":"","theme-transparent-header-meta":"","adv-header-id-meta":"","stick-header-meta":"","header-above-stick-meta":"","header-main-stick-meta":"","header-below-stick-meta":"","astra-migrate-meta-layouts":"default","ast-page-background-enabled":"default","ast-page-background-meta":{"desktop":{"background-color":"var(--ast-global-color-4)","background-image":"","background-repeat":"repeat","background-position":"center center","background-size":"auto","background-attachment":"scroll","background-type":"","background-media":"","overlay-type":"","overlay-color":"","overlay-opacity":"","overlay-gradient":""},"tablet":{"background-color":"","background-image":"","background-repeat":"repeat","background-position":"center center","background-size":"auto","background-attachment":"scroll","background-type":"","background-media":"","overlay-type":"","overlay-color":"","overlay-opacity":"","overlay-gradient":""},"mobile":{"background-color":"","background-image":"","background-repeat":"repeat","background-position":"center center","background-size":"auto","background-attachment":"scroll","background-type":"","background-media":"","overlay-type":"","overlay-color":"","overlay-opacity":"","overlay-gradient":""}},"ast-content-background-meta":{"desktop":{"background-color":"var(--ast-global-color-5)","background-image":"","background-repeat":"repeat","background-position":"center center","background-size":"auto","background-attachment":"scroll","background-type":"","background-media":"","overlay-type":"","overlay-color":"","overlay-opacity":"","overlay-gradient":""},"tablet":{"background-color":"var(--ast-global-color-5)","background-image":"","background-repeat":"repeat","background-position":"center center","background-size":"auto","background-attachment":"scroll","background-type":"","background-media":"","overlay-type":"","overlay-color":"","overlay-opacity":"","overlay-gradient":""},"mobile":{"background-color":"var(--ast-global-color-5)","background-image":"","background-repeat":"repeat","background-position":"center center","background-size":"auto","background-attachment":"scroll","background-type":"","background-media":"","overlay-type":"","overlay-color":"","overlay-opacity":"","overlay-gradient":""}},"footnotes":""},"categories":[1,4],"tags":[],"class_list":["post-5932","post","type-post","status-publish","format-standard","has-post-thumbnail","hentry","category-general","category-portada"],"post_mailing_queue_ids":[],"_links":{"self":[{"href":"https:\/\/agora.xtec.cat\/ceip-estel-stguim\/wp-json\/wp\/v2\/posts\/5932","targetHints":{"allow":["GET"]}}],"collection":[{"href":"https:\/\/agora.xtec.cat\/ceip-estel-stguim\/wp-json\/wp\/v2\/posts"}],"about":[{"href":"https:\/\/agora.xtec.cat\/ceip-estel-stguim\/wp-json\/wp\/v2\/types\/post"}],"author":[{"embeddable":true,"href":"https:\/\/agora.xtec.cat\/ceip-estel-stguim\/wp-json\/wp\/v2\/users\/1"}],"replies":[{"embeddable":true,"href":"https:\/\/agora.xtec.cat\/ceip-estel-stguim\/wp-json\/wp\/v2\/comments?post=5932"}],"version-history":[{"count":3,"href":"https:\/\/agora.xtec.cat\/ceip-estel-stguim\/wp-json\/wp\/v2\/posts\/5932\/revisions"}],"predecessor-version":[{"id":5976,"href":"https:\/\/agora.xtec.cat\/ceip-estel-stguim\/wp-json\/wp\/v2\/posts\/5932\/revisions\/5976"}],"wp:featuredmedia":[{"embeddable":true,"href":"https:\/\/agora.xtec.cat\/ceip-estel-stguim\/wp-json\/wp\/v2\/media\/5934"}],"wp:attachment":[{"href":"https:\/\/agora.xtec.cat\/ceip-estel-stguim\/wp-json\/wp\/v2\/media?parent=5932"}],"wp:term":[{"taxonomy":"category","embeddable":true,"href":"https:\/\/agora.xtec.cat\/ceip-estel-stguim\/wp-json\/wp\/v2\/categories?post=5932"},{"taxonomy":"post_tag","embeddable":true,"href":"https:\/\/agora.xtec.cat\/ceip-estel-stguim\/wp-json\/wp\/v2\/tags?post=5932"}],"curies":[{"name":"wp","href":"https:\/\/api.w.org\/{rel}","templated":true}]}}