{"id":5472,"date":"2020-04-19T12:06:13","date_gmt":"2020-04-19T10:06:13","guid":{"rendered":"https:\/\/agora.xtec.cat\/ceip-estel-stguim\/?p=5472"},"modified":"2020-04-19T12:06:13","modified_gmt":"2020-04-19T10:06:13","slug":"tasques-setmanals-quart-curs-setmana-del-20-al-24-dabril","status":"publish","type":"post","link":"https:\/\/agora.xtec.cat\/ceip-estel-stguim\/general\/tasques-setmanals-quart-curs-setmana-del-20-al-24-dabril\/","title":{"rendered":"Tasques setmanals &#8211; QUART CURS &#8211; Setmana del 20 al 24 d&#8217;abril"},"content":{"rendered":"<p><span lang=\"CA\">Benvolguts\/des alumnes de quart curs,<\/span><\/p>\n<p><span lang=\"CA\">Esperem que us trobeu molt b\u00e9, vosaltres i les vostres fam\u00edlies!<\/span><\/p>\n<p><span lang=\"CA\">Sabem que aquesta situaci\u00f3 exigeix paci\u00e8ncia, const\u00e0ncia, enginy i moltes dosis d\u2019humor per a fer-hi front. <\/span><\/p>\n<p><span lang=\"CA\">Aqu\u00ed teniu les tasques per a la setmana vinent. Aniria molt b\u00e9 que segu\u00edssiu algunes indicacions:<\/span><\/p>\n<ul>\n<li><span lang=\"CA\">Demaneu ajuda als pares i mares nom\u00e9s si \u00e9s necessari, tot all\u00f2 que pugueu resoldre sols\/es ser\u00e0 molt m\u00e9s gratificant i profit\u00f3s.<\/span><\/li>\n<li><span lang=\"CA\">Us demanem una revisi\u00f3 acurada de les tasques abans d\u2019enviar-les, ja sabeu: presentaci\u00f3, lletra, ortografia<\/span><\/li>\n<li><span lang=\"CA\">Totes les tasques que pugueu, etiqueteu-les abans d\u2019enviar-les, amb el nom i la tasca. Per exemple: Oriol conte.<\/span><\/li>\n<li><span lang=\"CA\">Recordeu d\u2019enviar les tasques al professor\/a corresponent. Teniu les adreces de correu al full de tasques.<\/span><\/li>\n<li><span lang=\"CA\">Hem iniciat el 3r trimestre, haur\u00edem d\u2019intentar en la mesura que puguem, seguir unes rutines de treball. \u00c9s molt recomanable fer-se un horari orientatiu, sabem que molts de vosaltres ja ho esteu fent.<\/span><\/li>\n<\/ul>\n<p><span lang=\"CA\">Us recordem i insistim que podeu comunicar-vos amb nosaltres, pels dubtes, neguits&#8230;pel que vulgueu. Us tenim molt present, sabem que no \u00e9s f\u00e0cil, per\u00f2 tamb\u00e9 confiem en vosaltres que sabreu afrontar-ho de la millor manera possible.<\/span><\/p>\n<p><span lang=\"CA\">\u00c0nims i endavant!<\/span><\/p>\n<p><span lang=\"CA\">L\u2019equip de mestres de cicle mitj\u00e0<\/span><\/p>\n<p><a href=\"https:\/\/agora.xtec.cat\/ceip-estel-stguim\/wp-content\/uploads\/usu237\/2020\/04\/4t-tasques-setmanals-20-24-abril.pdf\">4t tasques setmanals 20-24 abril<\/a><\/p>\n<p><a href=\"https:\/\/agora.xtec.cat\/ceip-estel-stguim\/wp-content\/uploads\/usu237\/2020\/04\/REVISTA-L\u2019UNIVERS.pdf\">REVISTA L\u2019UNIVERS<\/a><\/p>\n<div style=\"width: 352px;\" class=\"wp-video\"><!--[if lt IE 9]><script>document.createElement('video');<\/script><![endif]-->\n<video class=\"wp-video-shortcode\" id=\"video-5472-1\" width=\"352\" height=\"640\" preload=\"metadata\" controls=\"controls\"><source type=\"video\/mp4\" src=\"https:\/\/agora.xtec.cat\/ceip-estel-stguim\/wp-content\/uploads\/usu237\/2020\/04\/Malabars-raqueta.mp4?_=1\" \/><a href=\"https:\/\/agora.xtec.cat\/ceip-estel-stguim\/wp-content\/uploads\/usu237\/2020\/04\/Malabars-raqueta.mp4\">https:\/\/agora.xtec.cat\/ceip-estel-stguim\/wp-content\/uploads\/usu237\/2020\/04\/Malabars-raqueta.mp4<\/a><\/video><\/div>\n<p><a href=\"https:\/\/agora.xtec.cat\/ceip-estel-stguim\/wp-content\/uploads\/usu237\/2020\/04\/Dossier-mates-p.-87.jpg\"><img loading=\"lazy\" decoding=\"async\" class=\"aligncenter size-large wp-image-5475\" src=\"https:\/\/agora.xtec.cat\/ceip-estel-stguim\/wp-content\/uploads\/usu237\/2020\/04\/Dossier-mates-p.-87-770x1024.jpg\" alt=\"\" width=\"770\" height=\"1024\" srcset=\"https:\/\/agora.xtec.cat\/ceip-estel-stguim\/wp-content\/uploads\/usu237\/2020\/04\/Dossier-mates-p.-87-770x1024.jpg 770w, https:\/\/agora.xtec.cat\/ceip-estel-stguim\/wp-content\/uploads\/usu237\/2020\/04\/Dossier-mates-p.-87-226x300.jpg 226w, https:\/\/agora.xtec.cat\/ceip-estel-stguim\/wp-content\/uploads\/usu237\/2020\/04\/Dossier-mates-p.-87-768x1022.jpg 768w\" sizes=\"auto, (max-width: 770px) 100vw, 770px\" \/><\/a><\/p>\n<p>&nbsp;<\/p>\n<p><a href=\"https:\/\/agora.xtec.cat\/ceip-estel-stguim\/wp-content\/uploads\/usu237\/2020\/04\/Dossier-mates-p.-88.jpg\"><img loading=\"lazy\" decoding=\"async\" class=\"aligncenter size-large wp-image-5476\" src=\"https:\/\/agora.xtec.cat\/ceip-estel-stguim\/wp-content\/uploads\/usu237\/2020\/04\/Dossier-mates-p.-88-687x1024.jpg\" alt=\"\" width=\"687\" height=\"1024\" srcset=\"https:\/\/agora.xtec.cat\/ceip-estel-stguim\/wp-content\/uploads\/usu237\/2020\/04\/Dossier-mates-p.-88-687x1024.jpg 687w, https:\/\/agora.xtec.cat\/ceip-estel-stguim\/wp-content\/uploads\/usu237\/2020\/04\/Dossier-mates-p.-88-201x300.jpg 201w, https:\/\/agora.xtec.cat\/ceip-estel-stguim\/wp-content\/uploads\/usu237\/2020\/04\/Dossier-mates-p.-88-768x1144.jpg 768w\" sizes=\"auto, (max-width: 687px) 100vw, 687px\" \/><\/a><\/p>\n<p>&nbsp;<\/p>\n<p><a href=\"https:\/\/agora.xtec.cat\/ceip-estel-stguim\/wp-content\/uploads\/usu237\/2020\/04\/repte-matem\u00e0tic.jpg\"><img loading=\"lazy\" decoding=\"async\" class=\"aligncenter size-full wp-image-5480\" src=\"https:\/\/agora.xtec.cat\/ceip-estel-stguim\/wp-content\/uploads\/usu237\/2020\/04\/repte-matem\u00e0tic.jpg\" alt=\"\" width=\"693\" height=\"743\" srcset=\"https:\/\/agora.xtec.cat\/ceip-estel-stguim\/wp-content\/uploads\/usu237\/2020\/04\/repte-matem\u00e0tic.jpg 693w, https:\/\/agora.xtec.cat\/ceip-estel-stguim\/wp-content\/uploads\/usu237\/2020\/04\/repte-matem\u00e0tic-280x300.jpg 280w\" sizes=\"auto, (max-width: 693px) 100vw, 693px\" \/><\/a>\u00a0 <a href=\"https:\/\/agora.xtec.cat\/ceip-estel-stguim\/wp-content\/uploads\/usu237\/2020\/04\/lectura-el-se\u00f1or-Ernesto-1.jpg\"><img loading=\"lazy\" decoding=\"async\" class=\"aligncenter size-large wp-image-5478\" src=\"https:\/\/agora.xtec.cat\/ceip-estel-stguim\/wp-content\/uploads\/usu237\/2020\/04\/lectura-el-se\u00f1or-Ernesto-1-734x1024.jpg\" alt=\"\" width=\"734\" height=\"1024\" srcset=\"https:\/\/agora.xtec.cat\/ceip-estel-stguim\/wp-content\/uploads\/usu237\/2020\/04\/lectura-el-se\u00f1or-Ernesto-1-734x1024.jpg 734w, https:\/\/agora.xtec.cat\/ceip-estel-stguim\/wp-content\/uploads\/usu237\/2020\/04\/lectura-el-se\u00f1or-Ernesto-1-215x300.jpg 215w, https:\/\/agora.xtec.cat\/ceip-estel-stguim\/wp-content\/uploads\/usu237\/2020\/04\/lectura-el-se\u00f1or-Ernesto-1-768x1071.jpg 768w, https:\/\/agora.xtec.cat\/ceip-estel-stguim\/wp-content\/uploads\/usu237\/2020\/04\/lectura-el-se\u00f1or-Ernesto-1.jpg 1347w\" sizes=\"auto, (max-width: 734px) 100vw, 734px\" \/><\/a><\/p>\n<p><span lang=\"CA\"><a href=\"https:\/\/agora.xtec.cat\/ceip-estel-stguim\/wp-content\/uploads\/usu237\/2020\/04\/Lectura-el-se\u00f1or-Ernesto-2.jpg\"><img loading=\"lazy\" decoding=\"async\" class=\"aligncenter size-large wp-image-5479\" src=\"https:\/\/agora.xtec.cat\/ceip-estel-stguim\/wp-content\/uploads\/usu237\/2020\/04\/Lectura-el-se\u00f1or-Ernesto-2-754x1024.jpg\" alt=\"\" width=\"754\" height=\"1024\" srcset=\"https:\/\/agora.xtec.cat\/ceip-estel-stguim\/wp-content\/uploads\/usu237\/2020\/04\/Lectura-el-se\u00f1or-Ernesto-2-754x1024.jpg 754w, https:\/\/agora.xtec.cat\/ceip-estel-stguim\/wp-content\/uploads\/usu237\/2020\/04\/Lectura-el-se\u00f1or-Ernesto-2-221x300.jpg 221w, https:\/\/agora.xtec.cat\/ceip-estel-stguim\/wp-content\/uploads\/usu237\/2020\/04\/Lectura-el-se\u00f1or-Ernesto-2-768x1043.jpg 768w, https:\/\/agora.xtec.cat\/ceip-estel-stguim\/wp-content\/uploads\/usu237\/2020\/04\/Lectura-el-se\u00f1or-Ernesto-2.jpg 1419w\" sizes=\"auto, (max-width: 754px) 100vw, 754px\" \/><\/a><\/span><\/p>\n<p><a href=\"https:\/\/agora.xtec.cat\/ceip-estel-stguim\/wp-content\/uploads\/usu237\/2020\/04\/comprensi\u00f3n-lectura-el-se\u00f1or-Ernesto.jpg\"><img loading=\"lazy\" decoding=\"async\" class=\"aligncenter size-large wp-image-5474\" src=\"https:\/\/agora.xtec.cat\/ceip-estel-stguim\/wp-content\/uploads\/usu237\/2020\/04\/comprensi\u00f3n-lectura-el-se\u00f1or-Ernesto-786x1024.jpg\" alt=\"\" width=\"786\" height=\"1024\" srcset=\"https:\/\/agora.xtec.cat\/ceip-estel-stguim\/wp-content\/uploads\/usu237\/2020\/04\/comprensi\u00f3n-lectura-el-se\u00f1or-Ernesto-786x1024.jpg 786w, https:\/\/agora.xtec.cat\/ceip-estel-stguim\/wp-content\/uploads\/usu237\/2020\/04\/comprensi\u00f3n-lectura-el-se\u00f1or-Ernesto-230x300.jpg 230w, https:\/\/agora.xtec.cat\/ceip-estel-stguim\/wp-content\/uploads\/usu237\/2020\/04\/comprensi\u00f3n-lectura-el-se\u00f1or-Ernesto-768x1001.jpg 768w, https:\/\/agora.xtec.cat\/ceip-estel-stguim\/wp-content\/uploads\/usu237\/2020\/04\/comprensi\u00f3n-lectura-el-se\u00f1or-Ernesto.jpg 1503w\" sizes=\"auto, (max-width: 786px) 100vw, 786px\" \/><\/a><\/p>\n<p>&nbsp;<\/p>\n<p>&nbsp;<\/p>\n<p><a href=\"https:\/\/agora.xtec.cat\/ceip-estel-stguim\/wp-content\/uploads\/usu237\/2020\/04\/estructuras-3.jpg\"><img loading=\"lazy\" decoding=\"async\" class=\"aligncenter size-large wp-image-5477\" src=\"https:\/\/agora.xtec.cat\/ceip-estel-stguim\/wp-content\/uploads\/usu237\/2020\/04\/estructuras-3-781x1024.jpg\" alt=\"\" width=\"781\" height=\"1024\" srcset=\"https:\/\/agora.xtec.cat\/ceip-estel-stguim\/wp-content\/uploads\/usu237\/2020\/04\/estructuras-3-781x1024.jpg 781w, https:\/\/agora.xtec.cat\/ceip-estel-stguim\/wp-content\/uploads\/usu237\/2020\/04\/estructuras-3-229x300.jpg 229w, https:\/\/agora.xtec.cat\/ceip-estel-stguim\/wp-content\/uploads\/usu237\/2020\/04\/estructuras-3-768x1007.jpg 768w, https:\/\/agora.xtec.cat\/ceip-estel-stguim\/wp-content\/uploads\/usu237\/2020\/04\/estructuras-3.jpg 1477w\" sizes=\"auto, (max-width: 781px) 100vw, 781px\" \/><\/a><\/p>\n","protected":false},"excerpt":{"rendered":"<p>Benvolguts\/des alumnes de quart curs, Esperem que us trobeu molt b\u00e9, vosaltres i les vostres fam\u00edlies! Sabem que aquesta situaci\u00f3 [&hellip;]<\/p>\n","protected":false},"author":1,"featured_media":5432,"comment_status":"open","ping_status":"closed","sticky":false,"template":"","format":"standard","meta":{"_bbp_topic_count":0,"_bbp_reply_count":0,"_bbp_total_topic_count":0,"_bbp_total_reply_count":0,"_bbp_voice_count":0,"_bbp_anonymous_reply_count":0,"_bbp_topic_count_hidden":0,"_bbp_reply_count_hidden":0,"_bbp_forum_subforum_count":0,"site-sidebar-layout":"default","site-content-layout":"","ast-site-content-layout":"","site-content-style":"default","site-sidebar-style":"default","ast-global-header-display":"","ast-banner-title-visibility":"","ast-main-header-display":"","ast-hfb-above-header-display":"","ast-hfb-below-header-display":"","ast-hfb-mobile-header-display":"","site-post-title":"","ast-breadcrumbs-content":"","ast-featured-img":"","footer-sml-layout":"","theme-transparent-header-meta":"","adv-header-id-meta":"","stick-header-meta":"","header-above-stick-meta":"","header-main-stick-meta":"","header-below-stick-meta":"","astra-migrate-meta-layouts":"default","ast-page-background-enabled":"default","ast-page-background-meta":{"desktop":{"background-color":"var(--ast-global-color-4)","background-image":"","background-repeat":"repeat","background-position":"center center","background-size":"auto","background-attachment":"scroll","background-type":"","background-media":"","overlay-type":"","overlay-color":"","overlay-opacity":"","overlay-gradient":""},"tablet":{"background-color":"","background-image":"","background-repeat":"repeat","background-position":"center center","background-size":"auto","background-attachment":"scroll","background-type":"","background-media":"","overlay-type":"","overlay-color":"","overlay-opacity":"","overlay-gradient":""},"mobile":{"background-color":"","background-image":"","background-repeat":"repeat","background-position":"center center","background-size":"auto","background-attachment":"scroll","background-type":"","background-media":"","overlay-type":"","overlay-color":"","overlay-opacity":"","overlay-gradient":""}},"ast-content-background-meta":{"desktop":{"background-color":"var(--ast-global-color-5)","background-image":"","background-repeat":"repeat","background-position":"center center","background-size":"auto","background-attachment":"scroll","background-type":"","background-media":"","overlay-type":"","overlay-color":"","overlay-opacity":"","overlay-gradient":""},"tablet":{"background-color":"var(--ast-global-color-5)","background-image":"","background-repeat":"repeat","background-position":"center center","background-size":"auto","background-attachment":"scroll","background-type":"","background-media":"","overlay-type":"","overlay-color":"","overlay-opacity":"","overlay-gradient":""},"mobile":{"background-color":"var(--ast-global-color-5)","background-image":"","background-repeat":"repeat","background-position":"center center","background-size":"auto","background-attachment":"scroll","background-type":"","background-media":"","overlay-type":"","overlay-color":"","overlay-opacity":"","overlay-gradient":""}},"footnotes":""},"categories":[13,34,1,4],"tags":[],"class_list":["post-5472","post","type-post","status-publish","format-standard","has-post-thumbnail","hentry","category-4t","category-cicle-mitja","category-general","category-portada"],"post_mailing_queue_ids":[],"_links":{"self":[{"href":"https:\/\/agora.xtec.cat\/ceip-estel-stguim\/wp-json\/wp\/v2\/posts\/5472","targetHints":{"allow":["GET"]}}],"collection":[{"href":"https:\/\/agora.xtec.cat\/ceip-estel-stguim\/wp-json\/wp\/v2\/posts"}],"about":[{"href":"https:\/\/agora.xtec.cat\/ceip-estel-stguim\/wp-json\/wp\/v2\/types\/post"}],"author":[{"embeddable":true,"href":"https:\/\/agora.xtec.cat\/ceip-estel-stguim\/wp-json\/wp\/v2\/users\/1"}],"replies":[{"embeddable":true,"href":"https:\/\/agora.xtec.cat\/ceip-estel-stguim\/wp-json\/wp\/v2\/comments?post=5472"}],"version-history":[{"count":3,"href":"https:\/\/agora.xtec.cat\/ceip-estel-stguim\/wp-json\/wp\/v2\/posts\/5472\/revisions"}],"predecessor-version":[{"id":5485,"href":"https:\/\/agora.xtec.cat\/ceip-estel-stguim\/wp-json\/wp\/v2\/posts\/5472\/revisions\/5485"}],"wp:featuredmedia":[{"embeddable":true,"href":"https:\/\/agora.xtec.cat\/ceip-estel-stguim\/wp-json\/wp\/v2\/media\/5432"}],"wp:attachment":[{"href":"https:\/\/agora.xtec.cat\/ceip-estel-stguim\/wp-json\/wp\/v2\/media?parent=5472"}],"wp:term":[{"taxonomy":"category","embeddable":true,"href":"https:\/\/agora.xtec.cat\/ceip-estel-stguim\/wp-json\/wp\/v2\/categories?post=5472"},{"taxonomy":"post_tag","embeddable":true,"href":"https:\/\/agora.xtec.cat\/ceip-estel-stguim\/wp-json\/wp\/v2\/tags?post=5472"}],"curies":[{"name":"wp","href":"https:\/\/api.w.org\/{rel}","templated":true}]}}