{"id":5433,"date":"2020-04-19T11:15:23","date_gmt":"2020-04-19T09:15:23","guid":{"rendered":"https:\/\/agora.xtec.cat\/ceip-estel-stguim\/?p=5433"},"modified":"2020-04-19T11:15:23","modified_gmt":"2020-04-19T09:15:23","slug":"tasques-setmanals-tercer-curs-del-20-al-24-dabril-de-2020","status":"publish","type":"post","link":"https:\/\/agora.xtec.cat\/ceip-estel-stguim\/general\/tasques-setmanals-tercer-curs-del-20-al-24-dabril-de-2020\/","title":{"rendered":"Tasques setmanals -TERCER CURS- del 20 al 24 d&#8217;abril de 2020"},"content":{"rendered":"<p><span lang=\"CA\">Benvolguts\/des alumnes de tercer curs,<\/span><\/p>\n<p><span lang=\"CA\">Esperem que us trobeu molt b\u00e9, vosaltres i les vostres fam\u00edlies!<\/span><\/p>\n<p><span lang=\"CA\">Sabem que aquesta situaci\u00f3 exigeix paci\u00e8ncia, const\u00e0ncia, enginy i moltes dosis d\u2019humor per a fer-hi front. <\/span><\/p>\n<p><span lang=\"CA\">Aqu\u00ed teniu les tasques per a la setmana vinent. Aniria molt b\u00e9 que segu\u00edssiu algunes indicacions:<\/span><\/p>\n<ul style=\"list-style-type: circle;\">\n<li><span lang=\"CA\">Demaneu ajuda als pares i mares nom\u00e9s si \u00e9s necessari, tot all\u00f2 que pugueu resoldre sols\/es ser\u00e0 molt m\u00e9s gratificant i profit\u00f3s.<\/span><\/li>\n<li><span lang=\"CA\">Us demanem una revisi\u00f3 acurada de les tasques abans d\u2019enviar-les, ja sabeu: presentaci\u00f3, lletra, ortografia<\/span><\/li>\n<li><span lang=\"CA\">Totes les tasques que pugueu, etiqueteu-les abans d\u2019enviar-les, amb el nom i la tasca. Per exemple: Toni titelles.<\/span><\/li>\n<li><span lang=\"CA\">Recordeu d\u2019enviar les tasques al professor\/a corresponent. Teniu les adreces de correu al full de tasques.<\/span><\/li>\n<li><span lang=\"CA\">Hem iniciat el 3r trimestre, haur\u00edem d\u2019intentar en la mesura que puguem, seguir unes rutines de treball. \u00c9s molt recomanable fer-se un horari orientatiu, sabem que molts de vosaltres ja ho esteu fent.<\/span><\/li>\n<\/ul>\n<p><span lang=\"CA\">Us recordem i insistim que podeu comunicar-vos amb nosaltres, pels dubtes, neguits&#8230;pel que vulgueu. Us tenim molt present, sabem que no \u00e9s f\u00e0cil, per\u00f2 tamb\u00e9 confiem en vosaltres que sabreu afrontar-ho de la millor manera possible.<\/span><\/p>\n<p><span lang=\"CA\">\u00c0nims i endavant!<\/span><\/p>\n<p><span lang=\"CA\">L\u2019equip de mestres de cicle mitj\u00e0<\/span><\/p>\n<p><a href=\"https:\/\/agora.xtec.cat\/ceip-estel-stguim\/wp-content\/uploads\/usu237\/2020\/04\/Proposta-2-setmana-20-dabril.pdf\">Proposta 2- setmana 20 d&#8217;abril<\/a><\/p>\n<p><a href=\"https:\/\/agora.xtec.cat\/ceip-estel-stguim\/wp-content\/uploads\/usu237\/2020\/04\/REVISTA-L\u2019UNIVERS.pdf\">REVISTA L\u2019UNIVERS<\/a><\/p>\n<div style=\"width: 352px;\" class=\"wp-video\"><!--[if lt IE 9]><script>document.createElement('video');<\/script><![endif]-->\n<video class=\"wp-video-shortcode\" id=\"video-5433-1\" width=\"352\" height=\"640\" preload=\"metadata\" controls=\"controls\"><source type=\"video\/mp4\" src=\"https:\/\/agora.xtec.cat\/ceip-estel-stguim\/wp-content\/uploads\/usu237\/2020\/04\/Malabars-raqueta.mp4?_=1\" \/><a href=\"https:\/\/agora.xtec.cat\/ceip-estel-stguim\/wp-content\/uploads\/usu237\/2020\/04\/Malabars-raqueta.mp4\">https:\/\/agora.xtec.cat\/ceip-estel-stguim\/wp-content\/uploads\/usu237\/2020\/04\/Malabars-raqueta.mp4<\/a><\/video><\/div>\n","protected":false},"excerpt":{"rendered":"<p>Benvolguts\/des alumnes de tercer curs, Esperem que us trobeu molt b\u00e9, vosaltres i les vostres fam\u00edlies! Sabem que aquesta situaci\u00f3 [&hellip;]<\/p>\n","protected":false},"author":1,"featured_media":5430,"comment_status":"open","ping_status":"closed","sticky":false,"template":"","format":"standard","meta":{"_bbp_topic_count":0,"_bbp_reply_count":0,"_bbp_total_topic_count":0,"_bbp_total_reply_count":0,"_bbp_voice_count":0,"_bbp_anonymous_reply_count":0,"_bbp_topic_count_hidden":0,"_bbp_reply_count_hidden":0,"_bbp_forum_subforum_count":0,"site-sidebar-layout":"default","site-content-layout":"","ast-site-content-layout":"","site-content-style":"default","site-sidebar-style":"default","ast-global-header-display":"","ast-banner-title-visibility":"","ast-main-header-display":"","ast-hfb-above-header-display":"","ast-hfb-below-header-display":"","ast-hfb-mobile-header-display":"","site-post-title":"","ast-breadcrumbs-content":"","ast-featured-img":"","footer-sml-layout":"","theme-transparent-header-meta":"","adv-header-id-meta":"","stick-header-meta":"","header-above-stick-meta":"","header-main-stick-meta":"","header-below-stick-meta":"","astra-migrate-meta-layouts":"default","ast-page-background-enabled":"default","ast-page-background-meta":{"desktop":{"background-color":"var(--ast-global-color-4)","background-image":"","background-repeat":"repeat","background-position":"center center","background-size":"auto","background-attachment":"scroll","background-type":"","background-media":"","overlay-type":"","overlay-color":"","overlay-opacity":"","overlay-gradient":""},"tablet":{"background-color":"","background-image":"","background-repeat":"repeat","background-position":"center center","background-size":"auto","background-attachment":"scroll","background-type":"","background-media":"","overlay-type":"","overlay-color":"","overlay-opacity":"","overlay-gradient":""},"mobile":{"background-color":"","background-image":"","background-repeat":"repeat","background-position":"center center","background-size":"auto","background-attachment":"scroll","background-type":"","background-media":"","overlay-type":"","overlay-color":"","overlay-opacity":"","overlay-gradient":""}},"ast-content-background-meta":{"desktop":{"background-color":"var(--ast-global-color-5)","background-image":"","background-repeat":"repeat","background-position":"center center","background-size":"auto","background-attachment":"scroll","background-type":"","background-media":"","overlay-type":"","overlay-color":"","overlay-opacity":"","overlay-gradient":""},"tablet":{"background-color":"var(--ast-global-color-5)","background-image":"","background-repeat":"repeat","background-position":"center center","background-size":"auto","background-attachment":"scroll","background-type":"","background-media":"","overlay-type":"","overlay-color":"","overlay-opacity":"","overlay-gradient":""},"mobile":{"background-color":"var(--ast-global-color-5)","background-image":"","background-repeat":"repeat","background-position":"center center","background-size":"auto","background-attachment":"scroll","background-type":"","background-media":"","overlay-type":"","overlay-color":"","overlay-opacity":"","overlay-gradient":""}},"footnotes":""},"categories":[12,34,1,4],"tags":[],"class_list":["post-5433","post","type-post","status-publish","format-standard","has-post-thumbnail","hentry","category-3r","category-cicle-mitja","category-general","category-portada"],"post_mailing_queue_ids":[],"_links":{"self":[{"href":"https:\/\/agora.xtec.cat\/ceip-estel-stguim\/wp-json\/wp\/v2\/posts\/5433","targetHints":{"allow":["GET"]}}],"collection":[{"href":"https:\/\/agora.xtec.cat\/ceip-estel-stguim\/wp-json\/wp\/v2\/posts"}],"about":[{"href":"https:\/\/agora.xtec.cat\/ceip-estel-stguim\/wp-json\/wp\/v2\/types\/post"}],"author":[{"embeddable":true,"href":"https:\/\/agora.xtec.cat\/ceip-estel-stguim\/wp-json\/wp\/v2\/users\/1"}],"replies":[{"embeddable":true,"href":"https:\/\/agora.xtec.cat\/ceip-estel-stguim\/wp-json\/wp\/v2\/comments?post=5433"}],"version-history":[{"count":2,"href":"https:\/\/agora.xtec.cat\/ceip-estel-stguim\/wp-json\/wp\/v2\/posts\/5433\/revisions"}],"predecessor-version":[{"id":5471,"href":"https:\/\/agora.xtec.cat\/ceip-estel-stguim\/wp-json\/wp\/v2\/posts\/5433\/revisions\/5471"}],"wp:featuredmedia":[{"embeddable":true,"href":"https:\/\/agora.xtec.cat\/ceip-estel-stguim\/wp-json\/wp\/v2\/media\/5430"}],"wp:attachment":[{"href":"https:\/\/agora.xtec.cat\/ceip-estel-stguim\/wp-json\/wp\/v2\/media?parent=5433"}],"wp:term":[{"taxonomy":"category","embeddable":true,"href":"https:\/\/agora.xtec.cat\/ceip-estel-stguim\/wp-json\/wp\/v2\/categories?post=5433"},{"taxonomy":"post_tag","embeddable":true,"href":"https:\/\/agora.xtec.cat\/ceip-estel-stguim\/wp-json\/wp\/v2\/tags?post=5433"}],"curies":[{"name":"wp","href":"https:\/\/api.w.org\/{rel}","templated":true}]}}