{"id":5417,"date":"2020-04-16T10:57:38","date_gmt":"2020-04-16T08:57:38","guid":{"rendered":"https:\/\/agora.xtec.cat\/ceip-estel-stguim\/?p=5417"},"modified":"2020-04-16T13:11:32","modified_gmt":"2020-04-16T11:11:32","slug":"solucio-misteri-a-la-biblioteca","status":"publish","type":"post","link":"https:\/\/agora.xtec.cat\/ceip-estel-stguim\/general\/solucio-misteri-a-la-biblioteca\/","title":{"rendered":"Soluci\u00f3 &#8220;Misteri a la biblioteca&#8221;"},"content":{"rendered":"<p>Benvolguts\/des,<\/p>\n<p>Enhorabona a tots i totes aquells i aquelles que heu pogut descobrir el lladre del llibre de l&#8217;Ast\u00e8rix i Ob\u00e8lix, la:<\/p>\n<h4 style=\"text-align: center;\">M. \u00c0ngels Vilardosa<\/h4>\n<p>B\u00e9, potser anomenar-la lladre \u00e9s una paraula molt forta, jo m\u00e9s aviat diria despistada&#8230;<\/p>\n<h5><\/h5>\n<h5>Soluci\u00f3 del cas:<\/h5>\n<p>Tot i els dubtes que ha generat la pista 1, dir-vos que el fet que vegu\u00e9s el llibre a la biblioteca el dia 11 a les 12 hores, no vol dir que no el tingu\u00e9s a les 13, a les 14&#8230;o el dia abans ja, i per tant no \u00e9s una mentida, sin\u00f3 una mitja veritat&#8230; En tot cas, s&#8217;han anat descartant tota la resta de sospitosos i sospitoses fins a les \u00faltimes pistes, on el fet que tingu\u00e9s mascota i que nom\u00e9s ella hagu\u00e9s anat el dimarts a la biblioteca, la feien culpable sense cap mena de dubte.<\/p>\n<p>Aclarar nom\u00e9s que no ha estat un robatori, sin\u00f3 que l&#8217;\u00c0ngels ens diu que se&#8217;l va emportar a casa per arreglar-li unes p\u00e0gines trencades, i que se&#8217;l va oblidar a la bossa de treball&#8230;<\/p>\n<p>Demanar-vos discupes en nom d&#8217;ella. Lamenta que s&#8217;hagi muntat tot aquest embolic.<\/p>\n<p>&nbsp;<\/p>\n<p><a href=\"https:\/\/agora.xtec.cat\/ceip-estel-stguim\/wp-content\/uploads\/usu237\/2020\/04\/angels-vacances-2.jpg\"><img loading=\"lazy\" decoding=\"async\" class=\"size-full wp-image-5420 aligncenter\" src=\"https:\/\/agora.xtec.cat\/ceip-estel-stguim\/wp-content\/uploads\/usu237\/2020\/04\/angels-vacances-2.jpg\" alt=\"\" width=\"725\" height=\"483\" srcset=\"https:\/\/agora.xtec.cat\/ceip-estel-stguim\/wp-content\/uploads\/usu237\/2020\/04\/angels-vacances-2.jpg 725w, https:\/\/agora.xtec.cat\/ceip-estel-stguim\/wp-content\/uploads\/usu237\/2020\/04\/angels-vacances-2-300x200.jpg 300w\" sizes=\"auto, (max-width: 725px) 100vw, 725px\" \/><\/a><\/p>\n<p><a href=\"https:\/\/agora.xtec.cat\/ceip-estel-stguim\/wp-content\/uploads\/usu237\/2020\/04\/pngtree-blue-streamer-medal-cartoon-hand-painted-material-free-download-image_1192049.jpg\"><img loading=\"lazy\" decoding=\"async\" class=\"aligncenter size-large wp-image-5421\" src=\"https:\/\/agora.xtec.cat\/ceip-estel-stguim\/wp-content\/uploads\/usu237\/2020\/04\/pngtree-blue-streamer-medal-cartoon-hand-painted-material-free-download-image_1192049-1024x609.jpg\" alt=\"\" width=\"1024\" height=\"609\" srcset=\"https:\/\/agora.xtec.cat\/ceip-estel-stguim\/wp-content\/uploads\/usu237\/2020\/04\/pngtree-blue-streamer-medal-cartoon-hand-painted-material-free-download-image_1192049-1024x609.jpg 1024w, https:\/\/agora.xtec.cat\/ceip-estel-stguim\/wp-content\/uploads\/usu237\/2020\/04\/pngtree-blue-streamer-medal-cartoon-hand-painted-material-free-download-image_1192049-300x178.jpg 300w, https:\/\/agora.xtec.cat\/ceip-estel-stguim\/wp-content\/uploads\/usu237\/2020\/04\/pngtree-blue-streamer-medal-cartoon-hand-painted-material-free-download-image_1192049-768x457.jpg 768w, https:\/\/agora.xtec.cat\/ceip-estel-stguim\/wp-content\/uploads\/usu237\/2020\/04\/pngtree-blue-streamer-medal-cartoon-hand-painted-material-free-download-image_1192049.jpg 1523w\" sizes=\"auto, (max-width: 1024px) 100vw, 1024px\" \/><\/a><\/p>\n<h1>I atenci\u00f3&#8230;<\/h1>\n<p><a href=\"https:\/\/agora.xtec.cat\/ceip-estel-stguim\/wp-content\/uploads\/usu237\/2020\/04\/maxresdefault-2.jpg\"><img loading=\"lazy\" decoding=\"async\" class=\"aligncenter size-large wp-image-5423\" src=\"https:\/\/agora.xtec.cat\/ceip-estel-stguim\/wp-content\/uploads\/usu237\/2020\/04\/maxresdefault-2-1024x208.jpg\" alt=\"\" width=\"1024\" height=\"208\" srcset=\"https:\/\/agora.xtec.cat\/ceip-estel-stguim\/wp-content\/uploads\/usu237\/2020\/04\/maxresdefault-2-1024x208.jpg 1024w, https:\/\/agora.xtec.cat\/ceip-estel-stguim\/wp-content\/uploads\/usu237\/2020\/04\/maxresdefault-2-300x61.jpg 300w, https:\/\/agora.xtec.cat\/ceip-estel-stguim\/wp-content\/uploads\/usu237\/2020\/04\/maxresdefault-2-768x156.jpg 768w\" sizes=\"auto, (max-width: 1024px) 100vw, 1024px\" \/><\/a><\/p>\n","protected":false},"excerpt":{"rendered":"<p>Benvolguts\/des, Enhorabona a tots i totes aquells i aquelles que heu pogut descobrir el lladre del llibre de l&#8217;Ast\u00e8rix i [&hellip;]<\/p>\n","protected":false},"author":1,"featured_media":5418,"comment_status":"open","ping_status":"closed","sticky":false,"template":"","format":"standard","meta":{"_bbp_topic_count":0,"_bbp_reply_count":0,"_bbp_total_topic_count":0,"_bbp_total_reply_count":0,"_bbp_voice_count":0,"_bbp_anonymous_reply_count":0,"_bbp_topic_count_hidden":0,"_bbp_reply_count_hidden":0,"_bbp_forum_subforum_count":0,"site-sidebar-layout":"default","site-content-layout":"","ast-site-content-layout":"","site-content-style":"default","site-sidebar-style":"default","ast-global-header-display":"","ast-banner-title-visibility":"","ast-main-header-display":"","ast-hfb-above-header-display":"","ast-hfb-below-header-display":"","ast-hfb-mobile-header-display":"","site-post-title":"","ast-breadcrumbs-content":"","ast-featured-img":"","footer-sml-layout":"","theme-transparent-header-meta":"","adv-header-id-meta":"","stick-header-meta":"","header-above-stick-meta":"","header-main-stick-meta":"","header-below-stick-meta":"","astra-migrate-meta-layouts":"default","ast-page-background-enabled":"default","ast-page-background-meta":{"desktop":{"background-color":"var(--ast-global-color-4)","background-image":"","background-repeat":"repeat","background-position":"center center","background-size":"auto","background-attachment":"scroll","background-type":"","background-media":"","overlay-type":"","overlay-color":"","overlay-opacity":"","overlay-gradient":""},"tablet":{"background-color":"","background-image":"","background-repeat":"repeat","background-position":"center center","background-size":"auto","background-attachment":"scroll","background-type":"","background-media":"","overlay-type":"","overlay-color":"","overlay-opacity":"","overlay-gradient":""},"mobile":{"background-color":"","background-image":"","background-repeat":"repeat","background-position":"center center","background-size":"auto","background-attachment":"scroll","background-type":"","background-media":"","overlay-type":"","overlay-color":"","overlay-opacity":"","overlay-gradient":""}},"ast-content-background-meta":{"desktop":{"background-color":"var(--ast-global-color-5)","background-image":"","background-repeat":"repeat","background-position":"center center","background-size":"auto","background-attachment":"scroll","background-type":"","background-media":"","overlay-type":"","overlay-color":"","overlay-opacity":"","overlay-gradient":""},"tablet":{"background-color":"var(--ast-global-color-5)","background-image":"","background-repeat":"repeat","background-position":"center center","background-size":"auto","background-attachment":"scroll","background-type":"","background-media":"","overlay-type":"","overlay-color":"","overlay-opacity":"","overlay-gradient":""},"mobile":{"background-color":"var(--ast-global-color-5)","background-image":"","background-repeat":"repeat","background-position":"center center","background-size":"auto","background-attachment":"scroll","background-type":"","background-media":"","overlay-type":"","overlay-color":"","overlay-opacity":"","overlay-gradient":""}},"footnotes":""},"categories":[1,112,115,4],"tags":[],"class_list":["post-5417","post","type-post","status-publish","format-standard","has-post-thumbnail","hentry","category-general","category-concursos-estels","category-misteri-a-la-biblioteca","category-portada"],"post_mailing_queue_ids":[],"_links":{"self":[{"href":"https:\/\/agora.xtec.cat\/ceip-estel-stguim\/wp-json\/wp\/v2\/posts\/5417","targetHints":{"allow":["GET"]}}],"collection":[{"href":"https:\/\/agora.xtec.cat\/ceip-estel-stguim\/wp-json\/wp\/v2\/posts"}],"about":[{"href":"https:\/\/agora.xtec.cat\/ceip-estel-stguim\/wp-json\/wp\/v2\/types\/post"}],"author":[{"embeddable":true,"href":"https:\/\/agora.xtec.cat\/ceip-estel-stguim\/wp-json\/wp\/v2\/users\/1"}],"replies":[{"embeddable":true,"href":"https:\/\/agora.xtec.cat\/ceip-estel-stguim\/wp-json\/wp\/v2\/comments?post=5417"}],"version-history":[{"count":3,"href":"https:\/\/agora.xtec.cat\/ceip-estel-stguim\/wp-json\/wp\/v2\/posts\/5417\/revisions"}],"predecessor-version":[{"id":5426,"href":"https:\/\/agora.xtec.cat\/ceip-estel-stguim\/wp-json\/wp\/v2\/posts\/5417\/revisions\/5426"}],"wp:featuredmedia":[{"embeddable":true,"href":"https:\/\/agora.xtec.cat\/ceip-estel-stguim\/wp-json\/wp\/v2\/media\/5418"}],"wp:attachment":[{"href":"https:\/\/agora.xtec.cat\/ceip-estel-stguim\/wp-json\/wp\/v2\/media?parent=5417"}],"wp:term":[{"taxonomy":"category","embeddable":true,"href":"https:\/\/agora.xtec.cat\/ceip-estel-stguim\/wp-json\/wp\/v2\/categories?post=5417"},{"taxonomy":"post_tag","embeddable":true,"href":"https:\/\/agora.xtec.cat\/ceip-estel-stguim\/wp-json\/wp\/v2\/tags?post=5417"}],"curies":[{"name":"wp","href":"https:\/\/api.w.org\/{rel}","templated":true}]}}