{"id":5330,"date":"2020-04-03T21:26:33","date_gmt":"2020-04-03T19:26:33","guid":{"rendered":"https:\/\/agora.xtec.cat\/ceip-estel-stguim\/?p=5330"},"modified":"2020-04-03T22:42:55","modified_gmt":"2020-04-03T20:42:55","slug":"els-reptes-dinfantil-2","status":"publish","type":"post","link":"https:\/\/agora.xtec.cat\/ceip-estel-stguim\/general\/els-reptes-dinfantil-2\/","title":{"rendered":"ELS REPTES D&#8217;INFANTIL 2"},"content":{"rendered":"<h3 style=\"text-align: center;\">Vinga seguim amb m\u00e9s reptes!<\/h3>\n<h3 style=\"text-align: center;\"><a href=\"https:\/\/agora.xtec.cat\/ceip-estel-stguim\/wp-content\/uploads\/usu237\/2020\/04\/reptes-2-2.png\"><img loading=\"lazy\" decoding=\"async\" class=\"aligncenter size-large wp-image-5340\" src=\"https:\/\/agora.xtec.cat\/ceip-estel-stguim\/wp-content\/uploads\/usu237\/2020\/04\/reptes-2-2-1024x263.png\" alt=\"\" width=\"1024\" height=\"263\" srcset=\"https:\/\/agora.xtec.cat\/ceip-estel-stguim\/wp-content\/uploads\/usu237\/2020\/04\/reptes-2-2-1024x263.png 1024w, https:\/\/agora.xtec.cat\/ceip-estel-stguim\/wp-content\/uploads\/usu237\/2020\/04\/reptes-2-2-300x77.png 300w, https:\/\/agora.xtec.cat\/ceip-estel-stguim\/wp-content\/uploads\/usu237\/2020\/04\/reptes-2-2-768x198.png 768w, https:\/\/agora.xtec.cat\/ceip-estel-stguim\/wp-content\/uploads\/usu237\/2020\/04\/reptes-2-2.png 1843w\" sizes=\"auto, (max-width: 1024px) 100vw, 1024px\" \/><\/a><\/h3>\n<h3 style=\"text-align: center;\"><\/h3>\n<p><a href=\"https:\/\/agora.xtec.cat\/ceip-estel-stguim\/wp-content\/uploads\/usu237\/2020\/04\/descarga.jpg\"><img loading=\"lazy\" decoding=\"async\" class=\"aligncenter size-full wp-image-5346\" src=\"https:\/\/agora.xtec.cat\/ceip-estel-stguim\/wp-content\/uploads\/usu237\/2020\/04\/descarga.jpg\" alt=\"\" width=\"400\" height=\"225\" srcset=\"https:\/\/agora.xtec.cat\/ceip-estel-stguim\/wp-content\/uploads\/usu237\/2020\/04\/descarga.jpg 400w, https:\/\/agora.xtec.cat\/ceip-estel-stguim\/wp-content\/uploads\/usu237\/2020\/04\/descarga-300x169.jpg 300w\" sizes=\"auto, (max-width: 400px) 100vw, 400px\" \/><\/a><\/p>\n<h3 style=\"text-align: center;\">Aquesta setmana tamb\u00e9 tenim activitats en angl\u00e8s<\/h3>\n<p>&nbsp;<\/p>\n<p style=\"text-align: left;\">Recordar-vos que podeu seguir treballant l&#8217;angl\u00e8s amb els <strong>GOGO&#8217;S<\/strong>, repetint els v\u00eddeos tants cops com vulgueu per tal d&#8217;anar consolidant i integrant les estructures. Si aneu al google o al youtube podeu escriure-ho. Per exemple: Gogo&#8217;s Unit 3. N&#8217;hi ha prop de 40!<\/p>\n<p style=\"text-align: left;\">I aqu\u00ed van els v\u00eddeos, un de les 3 bessones en angl\u00e8s, i l&#8217;altre tamb\u00e9 en angl\u00e8s incl\u00f2s en l&#8217;apartat de m\u00fasica.<\/p>\n<p style=\"text-align: left;\">*** Per aquest primer v\u00eddeo potser haureu de permetre l\u2019habilitaci\u00f3 de l\u2019Adobe Flash Player (canviant de navegador a vegades tamb\u00e9 es resol).<\/p>\n<h4 style=\"text-align: center;\">The babby triplets: One upon a time.<\/h4>\n<p style=\"text-align: center;\"><a href=\"http:\/\/www.edu3.cat\/Edu3tv\/Fitxa?p_id=27983&amp;p_ex=Triplets&amp;p_num=3\">http:\/\/www.edu3.cat\/Edu3tv\/Fitxa?p_id=27983&amp;p_ex=Triplets&amp;p_num=3<\/a><\/p>\n<p style=\"text-align: center;\"><a href=\"http:\/\/www.edu3.cat\/Edu3tv\/Fitxa?p_id=27983\"><img loading=\"lazy\" decoding=\"async\" title=\"Edu3.cat\" src=\"http:\/\/www.edu3.cat\/img\/logo_embed.png\" alt=\"Edu3.cat\" width=\"37\" height=\"39\" border=\"0\" \/> <\/a><\/p>\n<div id=\"embed\" style=\"text-align: center;\"><object id=\"rvideo\" width=\"616\" height=\"313\" classid=\"clsid:D27CDB6E-AE6D-11cf-96B8-444553540000\" codebase=\"http:\/\/fpdownload.macromedia.com\/get\/flashplayer\/current\/swflash.cab\"><param name=\"allowScriptAccess\" value=\"always\" \/><param name=\"allowFullScreen\" value=\"true\" \/><param name=\"movie\" value=\"http:\/\/www.edu3.cat\/html\/swf\/video\/video2.swf\" \/><param name=\"quality\" value=\"high\" \/><param name=\"flashvars\" value=\"url=http:\/\/www.edu3.cat\/portal\/pls\/portal\/edu3tv.flash.get_av_info?p_hash=3943fe3acff1484df14f&amp;embed=http:\/\/www.edu3.cat\/Edu3tv\/Fitxa?p_id=27983\" \/><param name=\"bgcolor\" value=\"#000000\" \/><embed id=\"rvideo\" height=\"313\" width=\"622\" flashvars=\"url=http:\/\/www.edu3.cat\/portal\/pls\/portal\/edu3tv.flash.get_av_info?p_hash=3943fe3acff1484df14f&amp;embed=http:\/\/www.edu3.cat\/Edu3tv\/Fitxa?p_id=27983\" movie=\"http:\/\/www.edu3.cat\/html\/swf\/video\/video2.swf\" allowfullscreen=\"allowfullscreen\" allowscriptaccess=\"always\" quality=\"high\" bgcolor=\"#000000\" name=\"rvideo\" style=\"\" src=\"http:\/\/www.edu3.cat\/html\/swf\/video\/video2.swf\" type=\"application\/x-shockwave-flash\" \/><\/object><\/div>\n<h4><\/h4>\n<h4><a href=\"https:\/\/agora.xtec.cat\/ceip-estel-stguim\/wp-content\/uploads\/usu237\/2020\/04\/M\u00daSICA.png\"><img loading=\"lazy\" decoding=\"async\" class=\"aligncenter size-full wp-image-5332\" src=\"https:\/\/agora.xtec.cat\/ceip-estel-stguim\/wp-content\/uploads\/usu237\/2020\/04\/M\u00daSICA.png\" alt=\"\" width=\"316\" height=\"320\" srcset=\"https:\/\/agora.xtec.cat\/ceip-estel-stguim\/wp-content\/uploads\/usu237\/2020\/04\/M\u00daSICA.png 316w, https:\/\/agora.xtec.cat\/ceip-estel-stguim\/wp-content\/uploads\/usu237\/2020\/04\/M\u00daSICA-296x300.png 296w\" sizes=\"auto, (max-width: 316px) 100vw, 316px\" \/><\/a><\/h4>\n<h4><\/h4>\n<h4 style=\"text-align: center;\">Are you sleeping, Baby Bear? ( Super Simple Songs.)<\/h4>\n<p style=\"text-align: center;\"><a href=\"https:\/\/www.youtube.com\/watch?v=chxQb4YRC2U\">https:\/\/www.youtube.com\/watch?v=chxQb4YRC2U<\/a><\/p>\n<div class=\"ast-oembed-container \" style=\"height: 100%;\"><iframe loading=\"lazy\" title=\"Are You Sleeping, Baby Bear? | Kids Songs | Super Simple Songs\" width=\"500\" height=\"281\" src=\"https:\/\/www.youtube.com\/embed\/chxQb4YRC2U?feature=oembed\" frameborder=\"0\" allow=\"accelerometer; autoplay; clipboard-write; encrypted-media; gyroscope; picture-in-picture; web-share\" referrerpolicy=\"strict-origin-when-cross-origin\" allowfullscreen><\/iframe><\/div>\n<h3 style=\"text-align: center;\"><a href=\"https:\/\/agora.xtec.cat\/ceip-estel-stguim\/wp-content\/uploads\/usu237\/2020\/03\/CUINA.png\"><img loading=\"lazy\" decoding=\"async\" class=\"aligncenter size-full wp-image-5230\" src=\"https:\/\/agora.xtec.cat\/ceip-estel-stguim\/wp-content\/uploads\/usu237\/2020\/03\/CUINA.png\" alt=\"\" width=\"285\" height=\"332\" srcset=\"https:\/\/agora.xtec.cat\/ceip-estel-stguim\/wp-content\/uploads\/usu237\/2020\/03\/CUINA.png 285w, https:\/\/agora.xtec.cat\/ceip-estel-stguim\/wp-content\/uploads\/usu237\/2020\/03\/CUINA-258x300.png 258w\" sizes=\"auto, (max-width: 285px) 100vw, 285px\" \/><\/a><\/h3>\n<h3 style=\"text-align: center;\"><a href=\"https:\/\/agora.xtec.cat\/ceip-estel-stguim\/wp-content\/uploads\/usu237\/2020\/04\/recepta.png\"><img loading=\"lazy\" decoding=\"async\" class=\"aligncenter size-large wp-image-5335\" src=\"https:\/\/agora.xtec.cat\/ceip-estel-stguim\/wp-content\/uploads\/usu237\/2020\/04\/recepta.png\" alt=\"\" width=\"524\" height=\"699\" srcset=\"https:\/\/agora.xtec.cat\/ceip-estel-stguim\/wp-content\/uploads\/usu237\/2020\/04\/recepta.png 524w, https:\/\/agora.xtec.cat\/ceip-estel-stguim\/wp-content\/uploads\/usu237\/2020\/04\/recepta-225x300.png 225w\" sizes=\"auto, (max-width: 524px) 100vw, 524px\" \/><\/a><\/h3>\n<h3 style=\"text-align: center;\"><a href=\"https:\/\/agora.xtec.cat\/ceip-estel-stguim\/wp-content\/uploads\/usu237\/2020\/03\/PSICO.png\"><img loading=\"lazy\" decoding=\"async\" class=\"aligncenter size-full wp-image-5235\" src=\"https:\/\/agora.xtec.cat\/ceip-estel-stguim\/wp-content\/uploads\/usu237\/2020\/03\/PSICO.png\" alt=\"\" width=\"420\" height=\"340\" srcset=\"https:\/\/agora.xtec.cat\/ceip-estel-stguim\/wp-content\/uploads\/usu237\/2020\/03\/PSICO.png 420w, https:\/\/agora.xtec.cat\/ceip-estel-stguim\/wp-content\/uploads\/usu237\/2020\/03\/PSICO-300x243.png 300w\" sizes=\"auto, (max-width: 420px) 100vw, 420px\" \/><\/a><\/h3>\n<h3 style=\"text-align: center;\">Practiquem ioga<\/h3>\n<p style=\"text-align: left;\">Aquesta setmana us proposem un v\u00eddeo per practicar ioga \u00a0amb l\u2019ajuda dels animals:<\/p>\n<p style=\"text-align: center;\"><a href=\"https:\/\/www.youtube.com\/watch?v=Dwt0qeBj85I\">https:\/\/www.youtube.com\/watch?v=Dwt0qeBj85I<\/a><\/p>\n<div class=\"ast-oembed-container \" style=\"height: 100%;\"><iframe loading=\"lazy\" title=\"YOGA para ni\u00f1os | El saludo al Sol y Yoga con animales | Recopilaci\u00f3n\" width=\"500\" height=\"281\" src=\"https:\/\/www.youtube.com\/embed\/Dwt0qeBj85I?feature=oembed\" frameborder=\"0\" allow=\"accelerometer; autoplay; clipboard-write; encrypted-media; gyroscope; picture-in-picture; web-share\" referrerpolicy=\"strict-origin-when-cross-origin\" allowfullscreen><\/iframe><\/div>\n<h3 style=\"text-align: center;\"><\/h3>\n<h3 style=\"text-align: center;\"><a href=\"https:\/\/agora.xtec.cat\/ceip-estel-stguim\/wp-content\/uploads\/usu237\/2020\/03\/MANUALITATS.png\"><img loading=\"lazy\" decoding=\"async\" class=\"aligncenter size-full wp-image-5233\" src=\"https:\/\/agora.xtec.cat\/ceip-estel-stguim\/wp-content\/uploads\/usu237\/2020\/03\/MANUALITATS.png\" alt=\"\" width=\"333\" height=\"332\" srcset=\"https:\/\/agora.xtec.cat\/ceip-estel-stguim\/wp-content\/uploads\/usu237\/2020\/03\/MANUALITATS.png 333w, https:\/\/agora.xtec.cat\/ceip-estel-stguim\/wp-content\/uploads\/usu237\/2020\/03\/MANUALITATS-150x150.png 150w, https:\/\/agora.xtec.cat\/ceip-estel-stguim\/wp-content\/uploads\/usu237\/2020\/03\/MANUALITATS-300x300.png 300w\" sizes=\"auto, (max-width: 333px) 100vw, 333px\" \/><\/a><\/h3>\n<h3 style=\"text-align: center;\">Fem un instrument amb material reciclat<\/h3>\n<p style=\"text-align: left;\">Aquesta setmana us proposem fer un instrument musical amb material de reciclatge. Podeu fer l\u2019instrument que vulgueu \u00a0amb el material que tingueu a casa. I despr\u00e9s podeu enviar la foto o el v\u00eddeo a la tutora per a que ho pengi a la web i compartir-lo amb els vostres companys i companyes.<\/p>\n<p style=\"text-align: left;\">Segur que teniu moltes idees, per\u00f2 \u00a0aqu\u00ed trobareu alguns exemples.<\/p>\n<p style=\"text-align: left;\">\u00c0nims!!!<\/p>\n<div class=\"ast-oembed-container \" style=\"height: 100%;\"><iframe loading=\"lazy\" title=\"Fem instruments!\" width=\"500\" height=\"375\" src=\"https:\/\/www.youtube.com\/embed\/XBOFBKCh0l4?feature=oembed\" frameborder=\"0\" allow=\"accelerometer; autoplay; clipboard-write; encrypted-media; gyroscope; picture-in-picture; web-share\" referrerpolicy=\"strict-origin-when-cross-origin\" allowfullscreen><\/iframe><\/div>\n<div class=\"ast-oembed-container \" style=\"height: 100%;\"><iframe loading=\"lazy\" title=\"TUTORIAL: 12 instrumentos musicales para ni\u00f1os \ud83e\udd41\ud83c\udfb8\ud83c\udfba\" width=\"500\" height=\"281\" src=\"https:\/\/www.youtube.com\/embed\/6KSbM5CxNfE?feature=oembed\" frameborder=\"0\" allow=\"accelerometer; autoplay; clipboard-write; encrypted-media; gyroscope; picture-in-picture; web-share\" referrerpolicy=\"strict-origin-when-cross-origin\" allowfullscreen><\/iframe><\/div>\n<div class=\"ast-oembed-container \" style=\"height: 100%;\"><iframe loading=\"lazy\" title=\"DIY Fabrica tus propios INSTRUMENTOS CASEROS \u00a1reciclando! * \ud83c\udfb8 6 MANUALIDADES F\u00c1CILES para NI\u00d1OS\" width=\"500\" height=\"281\" src=\"https:\/\/www.youtube.com\/embed\/XSQ-fRTtbaA?feature=oembed\" frameborder=\"0\" allow=\"accelerometer; autoplay; clipboard-write; encrypted-media; gyroscope; picture-in-picture; web-share\" referrerpolicy=\"strict-origin-when-cross-origin\" allowfullscreen><\/iframe><\/div>\n<div class=\"ast-oembed-container \" style=\"height: 100%;\"><iframe loading=\"lazy\" title=\"DIY: Maracas\ud83c\udf1f\u2b50\ufe0f- Creative Flower\" width=\"500\" height=\"281\" src=\"https:\/\/www.youtube.com\/embed\/j8AcriiK5n0?feature=oembed\" frameborder=\"0\" allow=\"accelerometer; autoplay; clipboard-write; encrypted-media; gyroscope; picture-in-picture; web-share\" referrerpolicy=\"strict-origin-when-cross-origin\" allowfullscreen><\/iframe><\/div>\n<h3 style=\"text-align: center;\"><a href=\"https:\/\/agora.xtec.cat\/ceip-estel-stguim\/wp-content\/uploads\/usu237\/2020\/03\/DIBUIX.png\"><img loading=\"lazy\" decoding=\"async\" class=\"aligncenter size-full wp-image-5232\" src=\"https:\/\/agora.xtec.cat\/ceip-estel-stguim\/wp-content\/uploads\/usu237\/2020\/03\/DIBUIX.png\" alt=\"\" width=\"315\" height=\"314\" srcset=\"https:\/\/agora.xtec.cat\/ceip-estel-stguim\/wp-content\/uploads\/usu237\/2020\/03\/DIBUIX.png 315w, https:\/\/agora.xtec.cat\/ceip-estel-stguim\/wp-content\/uploads\/usu237\/2020\/03\/DIBUIX-150x150.png 150w, https:\/\/agora.xtec.cat\/ceip-estel-stguim\/wp-content\/uploads\/usu237\/2020\/03\/DIBUIX-300x300.png 300w\" sizes=\"auto, (max-width: 315px) 100vw, 315px\" \/><\/a><\/h3>\n<p style=\"text-align: left;\">Us atreviu a dibuixar i pintar un conillet?<\/p>\n<p style=\"text-align: left;\">Aqu\u00ed teniu uns v\u00eddeos que us poden ajudar.<\/p>\n<div class=\"ast-oembed-container \" style=\"height: 100%;\"><iframe loading=\"lazy\" title=\"Co\u0301mo dibujar un conejo para ni\u00f1os paso a paso\" width=\"500\" height=\"281\" src=\"https:\/\/www.youtube.com\/embed\/ylE3zma5M3Y?feature=oembed\" frameborder=\"0\" allow=\"accelerometer; autoplay; clipboard-write; encrypted-media; gyroscope; picture-in-picture; web-share\" referrerpolicy=\"strict-origin-when-cross-origin\" allowfullscreen><\/iframe><\/div>\n<div class=\"ast-oembed-container \" style=\"height: 100%;\"><iframe loading=\"lazy\" title=\"C\u00f3mo dibujar un conejo de Pascua kawaii\" width=\"500\" height=\"281\" src=\"https:\/\/www.youtube.com\/embed\/8uLQfBfVXXw?start=82&#038;feature=oembed\" frameborder=\"0\" allow=\"accelerometer; autoplay; clipboard-write; encrypted-media; gyroscope; picture-in-picture; web-share\" referrerpolicy=\"strict-origin-when-cross-origin\" allowfullscreen><\/iframe><\/div>\n<p style=\"text-align: center;\">\n","protected":false},"excerpt":{"rendered":"<p>Vinga seguim amb m\u00e9s reptes! Aquesta setmana tamb\u00e9 tenim activitats en angl\u00e8s &nbsp; Recordar-vos que podeu seguir treballant l&#8217;angl\u00e8s amb [&hellip;]<\/p>\n","protected":false},"author":1,"featured_media":5225,"comment_status":"open","ping_status":"closed","sticky":false,"template":"","format":"standard","meta":{"_bbp_topic_count":0,"_bbp_reply_count":0,"_bbp_total_topic_count":0,"_bbp_total_reply_count":0,"_bbp_voice_count":0,"_bbp_anonymous_reply_count":0,"_bbp_topic_count_hidden":0,"_bbp_reply_count_hidden":0,"_bbp_forum_subforum_count":0,"site-sidebar-layout":"default","site-content-layout":"","ast-site-content-layout":"","site-content-style":"default","site-sidebar-style":"default","ast-global-header-display":"","ast-banner-title-visibility":"","ast-main-header-display":"","ast-hfb-above-header-display":"","ast-hfb-below-header-display":"","ast-hfb-mobile-header-display":"","site-post-title":"","ast-breadcrumbs-content":"","ast-featured-img":"","footer-sml-layout":"","theme-transparent-header-meta":"","adv-header-id-meta":"","stick-header-meta":"","header-above-stick-meta":"","header-main-stick-meta":"","header-below-stick-meta":"","astra-migrate-meta-layouts":"default","ast-page-background-enabled":"default","ast-page-background-meta":{"desktop":{"background-color":"var(--ast-global-color-4)","background-image":"","background-repeat":"repeat","background-position":"center center","background-size":"auto","background-attachment":"scroll","background-type":"","background-media":"","overlay-type":"","overlay-color":"","overlay-opacity":"","overlay-gradient":""},"tablet":{"background-color":"","background-image":"","background-repeat":"repeat","background-position":"center center","background-size":"auto","background-attachment":"scroll","background-type":"","background-media":"","overlay-type":"","overlay-color":"","overlay-opacity":"","overlay-gradient":""},"mobile":{"background-color":"","background-image":"","background-repeat":"repeat","background-position":"center center","background-size":"auto","background-attachment":"scroll","background-type":"","background-media":"","overlay-type":"","overlay-color":"","overlay-opacity":"","overlay-gradient":""}},"ast-content-background-meta":{"desktop":{"background-color":"var(--ast-global-color-5)","background-image":"","background-repeat":"repeat","background-position":"center center","background-size":"auto","background-attachment":"scroll","background-type":"","background-media":"","overlay-type":"","overlay-color":"","overlay-opacity":"","overlay-gradient":""},"tablet":{"background-color":"var(--ast-global-color-5)","background-image":"","background-repeat":"repeat","background-position":"center center","background-size":"auto","background-attachment":"scroll","background-type":"","background-media":"","overlay-type":"","overlay-color":"","overlay-opacity":"","overlay-gradient":""},"mobile":{"background-color":"var(--ast-global-color-5)","background-image":"","background-repeat":"repeat","background-position":"center center","background-size":"auto","background-attachment":"scroll","background-type":"","background-media":"","overlay-type":"","overlay-color":"","overlay-opacity":"","overlay-gradient":""}},"footnotes":""},"categories":[117,1,3,8,9,4],"tags":[],"class_list":["post-5330","post","type-post","status-publish","format-standard","has-post-thumbnail","hentry","category-reptes-infantil","category-general","category-i3","category-i4","category-i5","category-portada"],"post_mailing_queue_ids":[],"_links":{"self":[{"href":"https:\/\/agora.xtec.cat\/ceip-estel-stguim\/wp-json\/wp\/v2\/posts\/5330","targetHints":{"allow":["GET"]}}],"collection":[{"href":"https:\/\/agora.xtec.cat\/ceip-estel-stguim\/wp-json\/wp\/v2\/posts"}],"about":[{"href":"https:\/\/agora.xtec.cat\/ceip-estel-stguim\/wp-json\/wp\/v2\/types\/post"}],"author":[{"embeddable":true,"href":"https:\/\/agora.xtec.cat\/ceip-estel-stguim\/wp-json\/wp\/v2\/users\/1"}],"replies":[{"embeddable":true,"href":"https:\/\/agora.xtec.cat\/ceip-estel-stguim\/wp-json\/wp\/v2\/comments?post=5330"}],"version-history":[{"count":5,"href":"https:\/\/agora.xtec.cat\/ceip-estel-stguim\/wp-json\/wp\/v2\/posts\/5330\/revisions"}],"predecessor-version":[{"id":5542,"href":"https:\/\/agora.xtec.cat\/ceip-estel-stguim\/wp-json\/wp\/v2\/posts\/5330\/revisions\/5542"}],"wp:featuredmedia":[{"embeddable":true,"href":"https:\/\/agora.xtec.cat\/ceip-estel-stguim\/wp-json\/wp\/v2\/media\/5225"}],"wp:attachment":[{"href":"https:\/\/agora.xtec.cat\/ceip-estel-stguim\/wp-json\/wp\/v2\/media?parent=5330"}],"wp:term":[{"taxonomy":"category","embeddable":true,"href":"https:\/\/agora.xtec.cat\/ceip-estel-stguim\/wp-json\/wp\/v2\/categories?post=5330"},{"taxonomy":"post_tag","embeddable":true,"href":"https:\/\/agora.xtec.cat\/ceip-estel-stguim\/wp-json\/wp\/v2\/tags?post=5330"}],"curies":[{"name":"wp","href":"https:\/\/api.w.org\/{rel}","templated":true}]}}