{"id":5136,"date":"2020-03-02T16:05:09","date_gmt":"2020-03-02T15:05:09","guid":{"rendered":"https:\/\/agora.xtec.cat\/ceip-estel-stguim\/?p=5136"},"modified":"2020-03-02T16:07:58","modified_gmt":"2020-03-02T15:07:58","slug":"festa-carnestoltes-2020","status":"publish","type":"post","link":"https:\/\/agora.xtec.cat\/ceip-estel-stguim\/portada\/festa-carnestoltes-2020\/","title":{"rendered":"Festa Carnestoltes 2020"},"content":{"rendered":"<p>Com cada any vam celebrar la divertida festa del Carnestoltes. Aquest any la tem\u00e0tica de les disfresses eren les emocions, aix\u00ed que tots els cicles ens vam disfressar de diferents emocions.<\/p>\n<ul>\n<li><strong>Educaci\u00f3 Infantil:<\/strong> alegria<\/li>\n<li><strong>Cicle inicial: <\/strong>sorpresa<\/li>\n<li><strong>Cicle Mitj\u00e0:<\/strong> r\u00e0bia<\/li>\n<li><strong>Cicle Superior:<\/strong> por<\/li>\n<\/ul>\n<p>Abans de la rua els de sis\u00e8 van fer una batucada, que van repetir al final mentre els carnestoltes cremava. Dir que al mig de la rua, tamb\u00e9 van llegir el testament al balc\u00f3 de l&#8217;ajuntament. Va ser una gran desfilada vestida de color i emocions.<\/p>\n<p>Gr\u00e0cies a totes les mares, pares i persones que fan possible aquesta festa, participant en l&#8217;elaboraci\u00f3 de disfresses o d&#8217;alguna o altra manera. Tamb\u00e9 gr\u00e0cies a la Judith per les fotos!<\/p>\n<p><a href=\"https:\/\/photos.app.goo.gl\/hNyzuUsZJdTACX4T9\"><img loading=\"lazy\" decoding=\"async\" class=\"aligncenter wp-image-5137\" src=\"https:\/\/agora.xtec.cat\/ceip-estel-stguim\/wp-content\/uploads\/usu237\/2020\/03\/redudia-1024x683.jpg\" alt=\"\" width=\"293\" height=\"195\" srcset=\"https:\/\/agora.xtec.cat\/ceip-estel-stguim\/wp-content\/uploads\/usu237\/2020\/03\/redudia-1024x683.jpg 1024w, https:\/\/agora.xtec.cat\/ceip-estel-stguim\/wp-content\/uploads\/usu237\/2020\/03\/redudia-300x200.jpg 300w, https:\/\/agora.xtec.cat\/ceip-estel-stguim\/wp-content\/uploads\/usu237\/2020\/03\/redudia-768x512.jpg 768w\" sizes=\"auto, (max-width: 293px) 100vw, 293px\" \/><\/a><\/p>\n<p>PD: per q\u00fcestions d&#8217;espai a la web les fotos les pengem moltes vegades en qualitat m\u00e9s baixa. Si desitgeu les fotos en m\u00e9s qualitat poseu-vos en contacte amb nosaltres pels canals habituals.<\/p>\n","protected":false},"excerpt":{"rendered":"<p>Com cada any vam celebrar la divertida festa del Carnestoltes. Aquest any la tem\u00e0tica de les disfresses eren les emocions, [&hellip;]<\/p>\n","protected":false},"author":1,"featured_media":5138,"comment_status":"open","ping_status":"closed","sticky":false,"template":"","format":"standard","meta":{"_bbp_topic_count":0,"_bbp_reply_count":0,"_bbp_total_topic_count":0,"_bbp_total_reply_count":0,"_bbp_voice_count":0,"_bbp_anonymous_reply_count":0,"_bbp_topic_count_hidden":0,"_bbp_reply_count_hidden":0,"_bbp_forum_subforum_count":0,"site-sidebar-layout":"default","site-content-layout":"","ast-site-content-layout":"","site-content-style":"default","site-sidebar-style":"default","ast-global-header-display":"","ast-banner-title-visibility":"","ast-main-header-display":"","ast-hfb-above-header-display":"","ast-hfb-below-header-display":"","ast-hfb-mobile-header-display":"","site-post-title":"","ast-breadcrumbs-content":"","ast-featured-img":"","footer-sml-layout":"","theme-transparent-header-meta":"","adv-header-id-meta":"","stick-header-meta":"","header-above-stick-meta":"","header-main-stick-meta":"","header-below-stick-meta":"","astra-migrate-meta-layouts":"default","ast-page-background-enabled":"default","ast-page-background-meta":{"desktop":{"background-color":"var(--ast-global-color-4)","background-image":"","background-repeat":"repeat","background-position":"center center","background-size":"auto","background-attachment":"scroll","background-type":"","background-media":"","overlay-type":"","overlay-color":"","overlay-opacity":"","overlay-gradient":""},"tablet":{"background-color":"","background-image":"","background-repeat":"repeat","background-position":"center center","background-size":"auto","background-attachment":"scroll","background-type":"","background-media":"","overlay-type":"","overlay-color":"","overlay-opacity":"","overlay-gradient":""},"mobile":{"background-color":"","background-image":"","background-repeat":"repeat","background-position":"center center","background-size":"auto","background-attachment":"scroll","background-type":"","background-media":"","overlay-type":"","overlay-color":"","overlay-opacity":"","overlay-gradient":""}},"ast-content-background-meta":{"desktop":{"background-color":"var(--ast-global-color-5)","background-image":"","background-repeat":"repeat","background-position":"center center","background-size":"auto","background-attachment":"scroll","background-type":"","background-media":"","overlay-type":"","overlay-color":"","overlay-opacity":"","overlay-gradient":""},"tablet":{"background-color":"var(--ast-global-color-5)","background-image":"","background-repeat":"repeat","background-position":"center center","background-size":"auto","background-attachment":"scroll","background-type":"","background-media":"","overlay-type":"","overlay-color":"","overlay-opacity":"","overlay-gradient":""},"mobile":{"background-color":"var(--ast-global-color-5)","background-image":"","background-repeat":"repeat","background-position":"center center","background-size":"auto","background-attachment":"scroll","background-type":"","background-media":"","overlay-type":"","overlay-color":"","overlay-opacity":"","overlay-gradient":""}},"footnotes":""},"categories":[29,35,34,36,24,4],"tags":[],"class_list":["post-5136","post","type-post","status-publish","format-standard","has-post-thumbnail","hentry","category-carnestoltes","category-cicle-superior","category-cicle-mitja","category-cice-inicial","category-festes","category-portada"],"post_mailing_queue_ids":[],"_links":{"self":[{"href":"https:\/\/agora.xtec.cat\/ceip-estel-stguim\/wp-json\/wp\/v2\/posts\/5136","targetHints":{"allow":["GET"]}}],"collection":[{"href":"https:\/\/agora.xtec.cat\/ceip-estel-stguim\/wp-json\/wp\/v2\/posts"}],"about":[{"href":"https:\/\/agora.xtec.cat\/ceip-estel-stguim\/wp-json\/wp\/v2\/types\/post"}],"author":[{"embeddable":true,"href":"https:\/\/agora.xtec.cat\/ceip-estel-stguim\/wp-json\/wp\/v2\/users\/1"}],"replies":[{"embeddable":true,"href":"https:\/\/agora.xtec.cat\/ceip-estel-stguim\/wp-json\/wp\/v2\/comments?post=5136"}],"version-history":[{"count":2,"href":"https:\/\/agora.xtec.cat\/ceip-estel-stguim\/wp-json\/wp\/v2\/posts\/5136\/revisions"}],"predecessor-version":[{"id":5140,"href":"https:\/\/agora.xtec.cat\/ceip-estel-stguim\/wp-json\/wp\/v2\/posts\/5136\/revisions\/5140"}],"wp:featuredmedia":[{"embeddable":true,"href":"https:\/\/agora.xtec.cat\/ceip-estel-stguim\/wp-json\/wp\/v2\/media\/5138"}],"wp:attachment":[{"href":"https:\/\/agora.xtec.cat\/ceip-estel-stguim\/wp-json\/wp\/v2\/media?parent=5136"}],"wp:term":[{"taxonomy":"category","embeddable":true,"href":"https:\/\/agora.xtec.cat\/ceip-estel-stguim\/wp-json\/wp\/v2\/categories?post=5136"},{"taxonomy":"post_tag","embeddable":true,"href":"https:\/\/agora.xtec.cat\/ceip-estel-stguim\/wp-json\/wp\/v2\/tags?post=5136"}],"curies":[{"name":"wp","href":"https:\/\/api.w.org\/{rel}","templated":true}]}}