{"id":4991,"date":"2020-01-30T13:32:28","date_gmt":"2020-01-30T12:32:28","guid":{"rendered":"https:\/\/agora.xtec.cat\/ceip-estel-stguim\/?p=4991"},"modified":"2020-01-30T13:33:01","modified_gmt":"2020-01-30T12:33:01","slug":"cursa-infantil-sant-ramon-9-de-febrer","status":"publish","type":"post","link":"https:\/\/agora.xtec.cat\/ceip-estel-stguim\/general\/cursa-infantil-sant-ramon-9-de-febrer\/","title":{"rendered":"CURSA INFANTIL  SANT RAMON 9 DE FEBRER"},"content":{"rendered":"<p>Us passem la informaci\u00f3 de les curses infantils de la ja tradicional cursa de Sant Ram\u00f3n, la <strong><em>SANTRUNMON <\/em><\/strong>que es dura a terme el diumenge dia 2 de Febrer!<\/p>\n<p><strong><em>\u00a0<\/em><\/strong>Obrirem inscripcions i repartirem dorsals una vegada s\u2019hagi donat el tret de sortida de les curses dels adults i comen\u00e7arem curses a partir de les 10:15.<\/p>\n<p><strong><em>*CAL FER LA INSCRIPCI\u00d3 PR\u00c8VIA AL MESTRE D\u2019EDUCACI\u00d3 F\u00cdSICA DEL VOSTRE CENTRE EDUCATIU*<\/em><\/strong><\/p>\n<p>*Aquesta activitat \u00e9s totalment gratu\u00efta, l\u2019\u00fanica condici\u00f3 que posem des del Consell Esportiu de la Segarra i per la seguretat de tots els participants \u00e9s que aquests estiguin assegurats dins de l\u2019aplicatiu ZENIT, molts centres de la comarca i AMPES ja l\u2019utilitzen per a la realitzaci\u00f3 d\u2019activitats extraescolars, per a mes dubtes podeu posar-vos en contacte amb el mestre d\u2019educaci\u00f3 f\u00edsica del vostre centre educatiu o directament amb nosaltres a <a href=\"mailto:consellesportiu@ccsegarra.cat\">consellesportiu@ccsegarra.cat<\/a><\/p>\n<p><a href=\"https:\/\/agora.xtec.cat\/ceip-estel-stguim\/wp-content\/uploads\/usu237\/2020\/01\/CURSA-INFANTIL-SANTRUNMON.png\"><img loading=\"lazy\" decoding=\"async\" class=\"aligncenter size-large wp-image-4992\" src=\"https:\/\/agora.xtec.cat\/ceip-estel-stguim\/wp-content\/uploads\/usu237\/2020\/01\/CURSA-INFANTIL-SANTRUNMON-724x1024.png\" alt=\"\" width=\"724\" height=\"1024\" srcset=\"https:\/\/agora.xtec.cat\/ceip-estel-stguim\/wp-content\/uploads\/usu237\/2020\/01\/CURSA-INFANTIL-SANTRUNMON-724x1024.png 724w, https:\/\/agora.xtec.cat\/ceip-estel-stguim\/wp-content\/uploads\/usu237\/2020\/01\/CURSA-INFANTIL-SANTRUNMON-212x300.png 212w, https:\/\/agora.xtec.cat\/ceip-estel-stguim\/wp-content\/uploads\/usu237\/2020\/01\/CURSA-INFANTIL-SANTRUNMON-768x1086.png 768w, https:\/\/agora.xtec.cat\/ceip-estel-stguim\/wp-content\/uploads\/usu237\/2020\/01\/CURSA-INFANTIL-SANTRUNMON.png 794w\" sizes=\"auto, (max-width: 724px) 100vw, 724px\" \/><\/a><\/p>\n","protected":false},"excerpt":{"rendered":"<p>Us passem la informaci\u00f3 de les curses infantils de la ja tradicional cursa de Sant Ram\u00f3n, la SANTRUNMON que es [&hellip;]<\/p>\n","protected":false},"author":1,"featured_media":4992,"comment_status":"open","ping_status":"closed","sticky":false,"template":"","format":"standard","meta":{"_bbp_topic_count":0,"_bbp_reply_count":0,"_bbp_total_topic_count":0,"_bbp_total_reply_count":0,"_bbp_voice_count":0,"_bbp_anonymous_reply_count":0,"_bbp_topic_count_hidden":0,"_bbp_reply_count_hidden":0,"_bbp_forum_subforum_count":0,"site-sidebar-layout":"default","site-content-layout":"","ast-site-content-layout":"","site-content-style":"default","site-sidebar-style":"default","ast-global-header-display":"","ast-banner-title-visibility":"","ast-main-header-display":"","ast-hfb-above-header-display":"","ast-hfb-below-header-display":"","ast-hfb-mobile-header-display":"","site-post-title":"","ast-breadcrumbs-content":"","ast-featured-img":"","footer-sml-layout":"","theme-transparent-header-meta":"","adv-header-id-meta":"","stick-header-meta":"","header-above-stick-meta":"","header-main-stick-meta":"","header-below-stick-meta":"","astra-migrate-meta-layouts":"default","ast-page-background-enabled":"default","ast-page-background-meta":{"desktop":{"background-color":"var(--ast-global-color-4)","background-image":"","background-repeat":"repeat","background-position":"center center","background-size":"auto","background-attachment":"scroll","background-type":"","background-media":"","overlay-type":"","overlay-color":"","overlay-opacity":"","overlay-gradient":""},"tablet":{"background-color":"","background-image":"","background-repeat":"repeat","background-position":"center center","background-size":"auto","background-attachment":"scroll","background-type":"","background-media":"","overlay-type":"","overlay-color":"","overlay-opacity":"","overlay-gradient":""},"mobile":{"background-color":"","background-image":"","background-repeat":"repeat","background-position":"center center","background-size":"auto","background-attachment":"scroll","background-type":"","background-media":"","overlay-type":"","overlay-color":"","overlay-opacity":"","overlay-gradient":""}},"ast-content-background-meta":{"desktop":{"background-color":"var(--ast-global-color-5)","background-image":"","background-repeat":"repeat","background-position":"center center","background-size":"auto","background-attachment":"scroll","background-type":"","background-media":"","overlay-type":"","overlay-color":"","overlay-opacity":"","overlay-gradient":""},"tablet":{"background-color":"var(--ast-global-color-5)","background-image":"","background-repeat":"repeat","background-position":"center center","background-size":"auto","background-attachment":"scroll","background-type":"","background-media":"","overlay-type":"","overlay-color":"","overlay-opacity":"","overlay-gradient":""},"mobile":{"background-color":"var(--ast-global-color-5)","background-image":"","background-repeat":"repeat","background-position":"center center","background-size":"auto","background-attachment":"scroll","background-type":"","background-media":"","overlay-type":"","overlay-color":"","overlay-opacity":"","overlay-gradient":""}},"footnotes":""},"categories":[38,1,4],"tags":[],"class_list":["post-4991","post","type-post","status-publish","format-standard","has-post-thumbnail","hentry","category-pcee","category-general","category-portada"],"post_mailing_queue_ids":[],"_links":{"self":[{"href":"https:\/\/agora.xtec.cat\/ceip-estel-stguim\/wp-json\/wp\/v2\/posts\/4991","targetHints":{"allow":["GET"]}}],"collection":[{"href":"https:\/\/agora.xtec.cat\/ceip-estel-stguim\/wp-json\/wp\/v2\/posts"}],"about":[{"href":"https:\/\/agora.xtec.cat\/ceip-estel-stguim\/wp-json\/wp\/v2\/types\/post"}],"author":[{"embeddable":true,"href":"https:\/\/agora.xtec.cat\/ceip-estel-stguim\/wp-json\/wp\/v2\/users\/1"}],"replies":[{"embeddable":true,"href":"https:\/\/agora.xtec.cat\/ceip-estel-stguim\/wp-json\/wp\/v2\/comments?post=4991"}],"version-history":[{"count":1,"href":"https:\/\/agora.xtec.cat\/ceip-estel-stguim\/wp-json\/wp\/v2\/posts\/4991\/revisions"}],"predecessor-version":[{"id":4993,"href":"https:\/\/agora.xtec.cat\/ceip-estel-stguim\/wp-json\/wp\/v2\/posts\/4991\/revisions\/4993"}],"wp:featuredmedia":[{"embeddable":true,"href":"https:\/\/agora.xtec.cat\/ceip-estel-stguim\/wp-json\/wp\/v2\/media\/4992"}],"wp:attachment":[{"href":"https:\/\/agora.xtec.cat\/ceip-estel-stguim\/wp-json\/wp\/v2\/media?parent=4991"}],"wp:term":[{"taxonomy":"category","embeddable":true,"href":"https:\/\/agora.xtec.cat\/ceip-estel-stguim\/wp-json\/wp\/v2\/categories?post=4991"},{"taxonomy":"post_tag","embeddable":true,"href":"https:\/\/agora.xtec.cat\/ceip-estel-stguim\/wp-json\/wp\/v2\/tags?post=4991"}],"curies":[{"name":"wp","href":"https:\/\/api.w.org\/{rel}","templated":true}]}}