{"id":4835,"date":"2019-11-28T13:39:29","date_gmt":"2019-11-28T12:39:29","guid":{"rendered":"https:\/\/agora.xtec.cat\/ceip-estel-stguim\/?p=4835"},"modified":"2019-11-28T13:39:29","modified_gmt":"2019-11-28T12:39:29","slug":"tagrada-correr-proxims-crosos","status":"publish","type":"post","link":"https:\/\/agora.xtec.cat\/ceip-estel-stguim\/portada\/tagrada-correr-proxims-crosos\/","title":{"rendered":"T&#8217;agrada c\u00f3rrer? Pr\u00f2xims crosos."},"content":{"rendered":"<p>Adjuntem informaci\u00f3 del <strong>115\u00e8 CROS INTERCOMARCAL DEL PLA D&#8217;URGELL &#8211; X\u00e8 CROS CLOT DEL DIMONI A SIDAMON<\/strong> 8-12-19.<\/p>\n<p><a href=\"https:\/\/agora.xtec.cat\/ceip-estel-stguim\/wp-content\/uploads\/usu237\/2019\/11\/CartellCrosClotdelDimoni2019-1.jpg\"><img loading=\"lazy\" decoding=\"async\" class=\"wp-image-4841 alignleft\" src=\"https:\/\/agora.xtec.cat\/ceip-estel-stguim\/wp-content\/uploads\/usu237\/2019\/11\/CartellCrosClotdelDimoni2019-1-724x1024.jpg\" alt=\"\" width=\"232\" height=\"328\" srcset=\"https:\/\/agora.xtec.cat\/ceip-estel-stguim\/wp-content\/uploads\/usu237\/2019\/11\/CartellCrosClotdelDimoni2019-1-724x1024.jpg 724w, https:\/\/agora.xtec.cat\/ceip-estel-stguim\/wp-content\/uploads\/usu237\/2019\/11\/CartellCrosClotdelDimoni2019-1-212x300.jpg 212w, https:\/\/agora.xtec.cat\/ceip-estel-stguim\/wp-content\/uploads\/usu237\/2019\/11\/CartellCrosClotdelDimoni2019-1-768x1086.jpg 768w\" sizes=\"auto, (max-width: 232px) 100vw, 232px\" \/><\/a><a href=\"https:\/\/agora.xtec.cat\/ceip-estel-stguim\/wp-content\/uploads\/usu237\/2019\/11\/HorarisCrosClotdelDimoni2019-1.jpg\"><img loading=\"lazy\" decoding=\"async\" class=\"wp-image-4842 alignleft\" src=\"https:\/\/agora.xtec.cat\/ceip-estel-stguim\/wp-content\/uploads\/usu237\/2019\/11\/HorarisCrosClotdelDimoni2019-1-724x1024.jpg\" alt=\"\" width=\"191\" height=\"270\" srcset=\"https:\/\/agora.xtec.cat\/ceip-estel-stguim\/wp-content\/uploads\/usu237\/2019\/11\/HorarisCrosClotdelDimoni2019-1-724x1024.jpg 724w, https:\/\/agora.xtec.cat\/ceip-estel-stguim\/wp-content\/uploads\/usu237\/2019\/11\/HorarisCrosClotdelDimoni2019-1-212x300.jpg 212w, https:\/\/agora.xtec.cat\/ceip-estel-stguim\/wp-content\/uploads\/usu237\/2019\/11\/HorarisCrosClotdelDimoni2019-1-768x1086.jpg 768w\" sizes=\"auto, (max-width: 191px) 100vw, 191px\" \/><\/a><\/p>\n<p>&nbsp;<\/p>\n<p>&nbsp;<\/p>\n<p>&nbsp;<\/p>\n<p>&nbsp;<\/p>\n<p>&nbsp;<\/p>\n<p>&nbsp;<\/p>\n<p>&nbsp;<\/p>\n<p><strong>INSCRIPCI\u00d3 FINS EL DIMECRES DIA 4 DE DESEMBRE<\/strong><\/p>\n<p>&nbsp;<\/p>\n<p><strong><u>CROS TREMP 2019 &#8211; JEEC 2019\/2020 &#8211; CIRCUIT ESCOLAR DE CROS &#8211; TROFEU DIUTACI\u00d3 DE LLEIDA<a href=\"https:\/\/agora.xtec.cat\/ceip-estel-stguim\/wp-content\/uploads\/usu237\/2019\/11\/image001.jpg\"><img loading=\"lazy\" decoding=\"async\" class=\"wp-image-4838 alignleft\" src=\"https:\/\/agora.xtec.cat\/ceip-estel-stguim\/wp-content\/uploads\/usu237\/2019\/11\/image001.jpg\" alt=\"\" width=\"223\" height=\"157\" srcset=\"https:\/\/agora.xtec.cat\/ceip-estel-stguim\/wp-content\/uploads\/usu237\/2019\/11\/image001.jpg 863w, https:\/\/agora.xtec.cat\/ceip-estel-stguim\/wp-content\/uploads\/usu237\/2019\/11\/image001-300x211.jpg 300w, https:\/\/agora.xtec.cat\/ceip-estel-stguim\/wp-content\/uploads\/usu237\/2019\/11\/image001-768x540.jpg 768w\" sizes=\"auto, (max-width: 223px) 100vw, 223px\" \/><\/a><\/u><\/strong><\/p>\n<p>1 de desembre al Circuit \u201cel Joncar\u201d.<\/p>\n<p>Data l\u00edmit d\u2019inscripci\u00f3 el proper dimecres, 27 de novembre.<\/p>\n<p>Inscripci\u00f3 directament al BLOG DEL CIRCUIT ESCOLAR DE CROS <a href=\"http:\/\/circuitescolardecroslleida.blogspot.com.es\" data-saferedirecturl=\"https:\/\/www.google.com\/url?q=http:\/\/circuitescolardecroslleida.blogspot.com.es&amp;source=gmail&amp;ust=1575030343209000&amp;usg=AFQjCNE1LMzX6c9hWEtkIPljIGrNKeCciQ\">http:\/\/circuitescolardecroslleida.blogspot.com.es<\/a><\/p>\n<p><a href=\"https:\/\/agora.xtec.cat\/ceip-estel-stguim\/wp-content\/uploads\/usu237\/2019\/11\/cartell-cros-tremp-2019.pdf\">cartell cros tremp 2019<\/a><\/p>\n<p><a href=\"https:\/\/agora.xtec.cat\/ceip-estel-stguim\/wp-content\/uploads\/usu237\/2019\/11\/CROS-TREMP-2019-planol.pdf\">CROS TREMP 2019-planol<\/a><\/p>\n<p><a href=\"https:\/\/agora.xtec.cat\/ceip-estel-stguim\/wp-content\/uploads\/usu237\/2019\/11\/inscripci\u00f3circuitTREMP2019.xls\">inscripci\u00f3circuitTREMP2019<\/a><\/p>\n<p><a href=\"https:\/\/agora.xtec.cat\/ceip-estel-stguim\/wp-content\/uploads\/usu237\/2019\/11\/Normativa-CROS-TREMP-2019.pdf\">Normativa CROS TREMP 2019<\/a><\/p>\n<p>&nbsp;<\/p>\n<p>&nbsp;<\/p>\n","protected":false},"excerpt":{"rendered":"<p>Adjuntem informaci\u00f3 del 115\u00e8 CROS INTERCOMARCAL DEL PLA D&#8217;URGELL &#8211; X\u00e8 CROS CLOT DEL DIMONI A SIDAMON 8-12-19. &nbsp; &nbsp; [&hellip;]<\/p>\n","protected":false},"author":1,"featured_media":4845,"comment_status":"open","ping_status":"closed","sticky":false,"template":"","format":"standard","meta":{"_bbp_topic_count":0,"_bbp_reply_count":0,"_bbp_total_topic_count":0,"_bbp_total_reply_count":0,"_bbp_voice_count":0,"_bbp_anonymous_reply_count":0,"_bbp_topic_count_hidden":0,"_bbp_reply_count_hidden":0,"_bbp_forum_subforum_count":0,"site-sidebar-layout":"default","site-content-layout":"","ast-site-content-layout":"","site-content-style":"default","site-sidebar-style":"default","ast-global-header-display":"","ast-banner-title-visibility":"","ast-main-header-display":"","ast-hfb-above-header-display":"","ast-hfb-below-header-display":"","ast-hfb-mobile-header-display":"","site-post-title":"","ast-breadcrumbs-content":"","ast-featured-img":"","footer-sml-layout":"","theme-transparent-header-meta":"","adv-header-id-meta":"","stick-header-meta":"","header-above-stick-meta":"","header-main-stick-meta":"","header-below-stick-meta":"","astra-migrate-meta-layouts":"default","ast-page-background-enabled":"default","ast-page-background-meta":{"desktop":{"background-color":"var(--ast-global-color-4)","background-image":"","background-repeat":"repeat","background-position":"center center","background-size":"auto","background-attachment":"scroll","background-type":"","background-media":"","overlay-type":"","overlay-color":"","overlay-opacity":"","overlay-gradient":""},"tablet":{"background-color":"","background-image":"","background-repeat":"repeat","background-position":"center center","background-size":"auto","background-attachment":"scroll","background-type":"","background-media":"","overlay-type":"","overlay-color":"","overlay-opacity":"","overlay-gradient":""},"mobile":{"background-color":"","background-image":"","background-repeat":"repeat","background-position":"center center","background-size":"auto","background-attachment":"scroll","background-type":"","background-media":"","overlay-type":"","overlay-color":"","overlay-opacity":"","overlay-gradient":""}},"ast-content-background-meta":{"desktop":{"background-color":"var(--ast-global-color-5)","background-image":"","background-repeat":"repeat","background-position":"center center","background-size":"auto","background-attachment":"scroll","background-type":"","background-media":"","overlay-type":"","overlay-color":"","overlay-opacity":"","overlay-gradient":""},"tablet":{"background-color":"var(--ast-global-color-5)","background-image":"","background-repeat":"repeat","background-position":"center center","background-size":"auto","background-attachment":"scroll","background-type":"","background-media":"","overlay-type":"","overlay-color":"","overlay-opacity":"","overlay-gradient":""},"mobile":{"background-color":"var(--ast-global-color-5)","background-image":"","background-repeat":"repeat","background-position":"center center","background-size":"auto","background-attachment":"scroll","background-type":"","background-media":"","overlay-type":"","overlay-color":"","overlay-opacity":"","overlay-gradient":""}},"footnotes":""},"categories":[38,4],"tags":[],"class_list":["post-4835","post","type-post","status-publish","format-standard","has-post-thumbnail","hentry","category-pcee","category-portada"],"post_mailing_queue_ids":[],"_links":{"self":[{"href":"https:\/\/agora.xtec.cat\/ceip-estel-stguim\/wp-json\/wp\/v2\/posts\/4835","targetHints":{"allow":["GET"]}}],"collection":[{"href":"https:\/\/agora.xtec.cat\/ceip-estel-stguim\/wp-json\/wp\/v2\/posts"}],"about":[{"href":"https:\/\/agora.xtec.cat\/ceip-estel-stguim\/wp-json\/wp\/v2\/types\/post"}],"author":[{"embeddable":true,"href":"https:\/\/agora.xtec.cat\/ceip-estel-stguim\/wp-json\/wp\/v2\/users\/1"}],"replies":[{"embeddable":true,"href":"https:\/\/agora.xtec.cat\/ceip-estel-stguim\/wp-json\/wp\/v2\/comments?post=4835"}],"version-history":[{"count":1,"href":"https:\/\/agora.xtec.cat\/ceip-estel-stguim\/wp-json\/wp\/v2\/posts\/4835\/revisions"}],"predecessor-version":[{"id":4846,"href":"https:\/\/agora.xtec.cat\/ceip-estel-stguim\/wp-json\/wp\/v2\/posts\/4835\/revisions\/4846"}],"wp:featuredmedia":[{"embeddable":true,"href":"https:\/\/agora.xtec.cat\/ceip-estel-stguim\/wp-json\/wp\/v2\/media\/4845"}],"wp:attachment":[{"href":"https:\/\/agora.xtec.cat\/ceip-estel-stguim\/wp-json\/wp\/v2\/media?parent=4835"}],"wp:term":[{"taxonomy":"category","embeddable":true,"href":"https:\/\/agora.xtec.cat\/ceip-estel-stguim\/wp-json\/wp\/v2\/categories?post=4835"},{"taxonomy":"post_tag","embeddable":true,"href":"https:\/\/agora.xtec.cat\/ceip-estel-stguim\/wp-json\/wp\/v2\/tags?post=4835"}],"curies":[{"name":"wp","href":"https:\/\/api.w.org\/{rel}","templated":true}]}}