{"id":4777,"date":"2019-11-07T13:40:15","date_gmt":"2019-11-07T12:40:15","guid":{"rendered":"https:\/\/agora.xtec.cat\/ceip-estel-stguim\/?p=4777"},"modified":"2019-11-07T13:40:15","modified_gmt":"2019-11-07T12:40:15","slug":"sortida-de-tardor-a-cicle-mitja","status":"publish","type":"post","link":"https:\/\/agora.xtec.cat\/ceip-estel-stguim\/portada\/sortida-de-tardor-a-cicle-mitja\/","title":{"rendered":"Sortida de tardor a Cicle Mitj\u00e0"},"content":{"rendered":"<p>Fer una sortida amb el Dani sempre t&#8217;aporta, i aquest cop tampoc ha estat una decepci\u00f3. L&#8217;objectiu principal de la sortida era veure elements t\u00edpics de tardor i poder fer hip\u00f2tesis i extreure&#8217;n algunes conclusions. Durant el trajecte hem parlat de molt\u00edssimes coses, tantes que us fem una llista i segur que ens en deixem alguna:<\/p>\n<ul>\n<li>Els binoculars<\/li>\n<li>La m\u00e0nega<\/li>\n<li>Els formiguers<\/li>\n<li>La temperatura a la tardor<\/li>\n<li>Els fongs o bolets, la miseli<\/li>\n<li>La rabanissa blanca<\/li>\n<li>L&#8217;escarabat Meloe i la seva estranya relaci\u00f3 amb les abelles<\/li>\n<li>La Malba (violeta)<\/li>\n<li>Els cargols<\/li>\n<li>Els glans o aglans<\/li>\n<li>El pitroig<\/li>\n<li>Pistes als tolls<\/li>\n<li>Cabirols i senglars<\/li>\n<li>La molsa i els l\u00edquens<\/li>\n<li>Els aranyons (no confondre amb el nabius)<\/li>\n<li>El gripau saltador<\/li>\n<li>Qui menja pinyes?<\/li>\n<li>La macarulla, gala o casanella<\/li>\n<li>El picot gatzer gros<\/li>\n<li>El gaig<\/li>\n<li>L&#8217;amantis<\/li>\n<li>La cadernera<\/li>\n<\/ul>\n<p>&nbsp;<\/p>\n<p style=\"text-align: center;\"><a href=\"https:\/\/photos.app.goo.gl\/JPq7hSocAkAFXiGe7\"><img loading=\"lazy\" decoding=\"async\" class=\"aligncenter  wp-image-4779\" src=\"https:\/\/agora.xtec.cat\/ceip-estel-stguim\/wp-content\/uploads\/usu237\/2019\/11\/IMG_4024.jpg\" alt=\"\" width=\"276\" height=\"207\" srcset=\"https:\/\/agora.xtec.cat\/ceip-estel-stguim\/wp-content\/uploads\/usu237\/2019\/11\/IMG_4024.jpg 800w, https:\/\/agora.xtec.cat\/ceip-estel-stguim\/wp-content\/uploads\/usu237\/2019\/11\/IMG_4024-300x225.jpg 300w, https:\/\/agora.xtec.cat\/ceip-estel-stguim\/wp-content\/uploads\/usu237\/2019\/11\/IMG_4024-768x576.jpg 768w, https:\/\/agora.xtec.cat\/ceip-estel-stguim\/wp-content\/uploads\/usu237\/2019\/11\/IMG_4024-200x150.jpg 200w\" sizes=\"auto, (max-width: 276px) 100vw, 276px\" \/><\/a><em>Clica la foto per veure&#8217;n m\u00e9s&#8230;<\/em><\/p>\n","protected":false},"excerpt":{"rendered":"<p>Fer una sortida amb el Dani sempre t&#8217;aporta, i aquest cop tampoc ha estat una decepci\u00f3. L&#8217;objectiu principal de la [&hellip;]<\/p>\n","protected":false},"author":1,"featured_media":4779,"comment_status":"open","ping_status":"closed","sticky":false,"template":"","format":"standard","meta":{"_bbp_topic_count":0,"_bbp_reply_count":0,"_bbp_total_topic_count":0,"_bbp_total_reply_count":0,"_bbp_voice_count":0,"_bbp_anonymous_reply_count":0,"_bbp_topic_count_hidden":0,"_bbp_reply_count_hidden":0,"_bbp_forum_subforum_count":0,"site-sidebar-layout":"default","site-content-layout":"","ast-site-content-layout":"","site-content-style":"default","site-sidebar-style":"default","ast-global-header-display":"","ast-banner-title-visibility":"","ast-main-header-display":"","ast-hfb-above-header-display":"","ast-hfb-below-header-display":"","ast-hfb-mobile-header-display":"","site-post-title":"","ast-breadcrumbs-content":"","ast-featured-img":"","footer-sml-layout":"","theme-transparent-header-meta":"","adv-header-id-meta":"","stick-header-meta":"","header-above-stick-meta":"","header-main-stick-meta":"","header-below-stick-meta":"","astra-migrate-meta-layouts":"default","ast-page-background-enabled":"default","ast-page-background-meta":{"desktop":{"background-color":"var(--ast-global-color-4)","background-image":"","background-repeat":"repeat","background-position":"center center","background-size":"auto","background-attachment":"scroll","background-type":"","background-media":"","overlay-type":"","overlay-color":"","overlay-opacity":"","overlay-gradient":""},"tablet":{"background-color":"","background-image":"","background-repeat":"repeat","background-position":"center center","background-size":"auto","background-attachment":"scroll","background-type":"","background-media":"","overlay-type":"","overlay-color":"","overlay-opacity":"","overlay-gradient":""},"mobile":{"background-color":"","background-image":"","background-repeat":"repeat","background-position":"center center","background-size":"auto","background-attachment":"scroll","background-type":"","background-media":"","overlay-type":"","overlay-color":"","overlay-opacity":"","overlay-gradient":""}},"ast-content-background-meta":{"desktop":{"background-color":"var(--ast-global-color-5)","background-image":"","background-repeat":"repeat","background-position":"center center","background-size":"auto","background-attachment":"scroll","background-type":"","background-media":"","overlay-type":"","overlay-color":"","overlay-opacity":"","overlay-gradient":""},"tablet":{"background-color":"var(--ast-global-color-5)","background-image":"","background-repeat":"repeat","background-position":"center center","background-size":"auto","background-attachment":"scroll","background-type":"","background-media":"","overlay-type":"","overlay-color":"","overlay-opacity":"","overlay-gradient":""},"mobile":{"background-color":"var(--ast-global-color-5)","background-image":"","background-repeat":"repeat","background-position":"center center","background-size":"auto","background-attachment":"scroll","background-type":"","background-media":"","overlay-type":"","overlay-color":"","overlay-opacity":"","overlay-gradient":""}},"footnotes":""},"categories":[12,13,34,4],"tags":[],"class_list":["post-4777","post","type-post","status-publish","format-standard","has-post-thumbnail","hentry","category-3r","category-4t","category-cicle-mitja","category-portada"],"post_mailing_queue_ids":[],"_links":{"self":[{"href":"https:\/\/agora.xtec.cat\/ceip-estel-stguim\/wp-json\/wp\/v2\/posts\/4777","targetHints":{"allow":["GET"]}}],"collection":[{"href":"https:\/\/agora.xtec.cat\/ceip-estel-stguim\/wp-json\/wp\/v2\/posts"}],"about":[{"href":"https:\/\/agora.xtec.cat\/ceip-estel-stguim\/wp-json\/wp\/v2\/types\/post"}],"author":[{"embeddable":true,"href":"https:\/\/agora.xtec.cat\/ceip-estel-stguim\/wp-json\/wp\/v2\/users\/1"}],"replies":[{"embeddable":true,"href":"https:\/\/agora.xtec.cat\/ceip-estel-stguim\/wp-json\/wp\/v2\/comments?post=4777"}],"version-history":[{"count":1,"href":"https:\/\/agora.xtec.cat\/ceip-estel-stguim\/wp-json\/wp\/v2\/posts\/4777\/revisions"}],"predecessor-version":[{"id":4780,"href":"https:\/\/agora.xtec.cat\/ceip-estel-stguim\/wp-json\/wp\/v2\/posts\/4777\/revisions\/4780"}],"wp:featuredmedia":[{"embeddable":true,"href":"https:\/\/agora.xtec.cat\/ceip-estel-stguim\/wp-json\/wp\/v2\/media\/4779"}],"wp:attachment":[{"href":"https:\/\/agora.xtec.cat\/ceip-estel-stguim\/wp-json\/wp\/v2\/media?parent=4777"}],"wp:term":[{"taxonomy":"category","embeddable":true,"href":"https:\/\/agora.xtec.cat\/ceip-estel-stguim\/wp-json\/wp\/v2\/categories?post=4777"},{"taxonomy":"post_tag","embeddable":true,"href":"https:\/\/agora.xtec.cat\/ceip-estel-stguim\/wp-json\/wp\/v2\/tags?post=4777"}],"curies":[{"name":"wp","href":"https:\/\/api.w.org\/{rel}","templated":true}]}}