{"id":4765,"date":"2019-10-30T15:30:20","date_gmt":"2019-10-30T14:30:20","guid":{"rendered":"https:\/\/agora.xtec.cat\/ceip-estel-stguim\/?p=4765"},"modified":"2019-10-30T15:30:20","modified_gmt":"2019-10-30T14:30:20","slug":"taller-de-meteorologia-amb-lalbert-borras","status":"publish","type":"post","link":"https:\/\/agora.xtec.cat\/ceip-estel-stguim\/portada\/taller-de-meteorologia-amb-lalbert-borras\/","title":{"rendered":"Taller de meteorologia amb l&#8217;Albert Borr\u00e0s"},"content":{"rendered":"<p class=\"western\" lang=\"ca-ES\"><span lang=\"es-ES\">El dia 21 d\u2019octubre vam fer un taller de meteorologia a l\u2019escola. Ens ho va fer l\u2019Albert, meteor\u00f2leg de l\u2019Observatori de Pujalt. Aquest any ell va venir a l\u2019escola i ens va ensenyar a observar diferents fen\u00f2mens meteorol\u00f2gics com el vent, la humitat atmosf\u00e8rica, la pluviositat , la visibilitat en un dia de boira etc\u2026<\/span><\/p>\n<p class=\"western\" lang=\"ca-ES\"><span lang=\"es-ES\">Aquest taller es fa cada dos anys i l\u2019alternem amb el taller d&#8217;astronomia que tamb\u00e9 ens fan a l\u2019Observatori de Pujalt. Un any ho fem a l\u2019escola i un altre anem a Pujalt. <\/span><\/p>\n<p class=\"western\" lang=\"ca-ES\"><span lang=\"es-ES\">L\u2019Albert \u00e9s un expert en aquests temes i a m\u00e9s a m\u00e9s ens fascina amb els seus experiments i explicacions.<\/span><\/p>\n<p lang=\"ca-ES\"><a href=\"https:\/\/photos.app.goo.gl\/VZmuKCw9U9bcAD8m9\"><img loading=\"lazy\" decoding=\"async\" class=\"aligncenter  wp-image-4766\" src=\"https:\/\/agora.xtec.cat\/ceip-estel-stguim\/wp-content\/uploads\/usu237\/2019\/10\/IMG_6859-1024x768.jpg\" alt=\"\" width=\"279\" height=\"209\" srcset=\"https:\/\/agora.xtec.cat\/ceip-estel-stguim\/wp-content\/uploads\/usu237\/2019\/10\/IMG_6859-1024x768.jpg 1024w, https:\/\/agora.xtec.cat\/ceip-estel-stguim\/wp-content\/uploads\/usu237\/2019\/10\/IMG_6859-300x225.jpg 300w, https:\/\/agora.xtec.cat\/ceip-estel-stguim\/wp-content\/uploads\/usu237\/2019\/10\/IMG_6859-768x576.jpg 768w, https:\/\/agora.xtec.cat\/ceip-estel-stguim\/wp-content\/uploads\/usu237\/2019\/10\/IMG_6859-200x150.jpg 200w\" sizes=\"auto, (max-width: 279px) 100vw, 279px\" \/><\/a><\/p>\n<p lang=\"ca-ES\" style=\"text-align: center;\"><em>Cliqueu la imatge si voleu veure m\u00e9s fotos i descarregar-les.<\/em><\/p>\n<p class=\"western\" lang=\"ca-ES\">\n<p>&nbsp;<\/p>\n<p>&nbsp;<\/p>\n<p>&nbsp;<\/p>\n","protected":false},"excerpt":{"rendered":"<p>El dia 21 d\u2019octubre vam fer un taller de meteorologia a l\u2019escola. Ens ho va fer l\u2019Albert, meteor\u00f2leg de l\u2019Observatori [&hellip;]<\/p>\n","protected":false},"author":1,"featured_media":4767,"comment_status":"open","ping_status":"closed","sticky":false,"template":"","format":"standard","meta":{"_bbp_topic_count":0,"_bbp_reply_count":0,"_bbp_total_topic_count":0,"_bbp_total_reply_count":0,"_bbp_voice_count":0,"_bbp_anonymous_reply_count":0,"_bbp_topic_count_hidden":0,"_bbp_reply_count_hidden":0,"_bbp_forum_subforum_count":0,"site-sidebar-layout":"default","site-content-layout":"","ast-site-content-layout":"","site-content-style":"default","site-sidebar-style":"default","ast-global-header-display":"","ast-banner-title-visibility":"","ast-main-header-display":"","ast-hfb-above-header-display":"","ast-hfb-below-header-display":"","ast-hfb-mobile-header-display":"","site-post-title":"","ast-breadcrumbs-content":"","ast-featured-img":"","footer-sml-layout":"","theme-transparent-header-meta":"","adv-header-id-meta":"","stick-header-meta":"","header-above-stick-meta":"","header-main-stick-meta":"","header-below-stick-meta":"","astra-migrate-meta-layouts":"default","ast-page-background-enabled":"default","ast-page-background-meta":{"desktop":{"background-color":"var(--ast-global-color-4)","background-image":"","background-repeat":"repeat","background-position":"center center","background-size":"auto","background-attachment":"scroll","background-type":"","background-media":"","overlay-type":"","overlay-color":"","overlay-opacity":"","overlay-gradient":""},"tablet":{"background-color":"","background-image":"","background-repeat":"repeat","background-position":"center center","background-size":"auto","background-attachment":"scroll","background-type":"","background-media":"","overlay-type":"","overlay-color":"","overlay-opacity":"","overlay-gradient":""},"mobile":{"background-color":"","background-image":"","background-repeat":"repeat","background-position":"center center","background-size":"auto","background-attachment":"scroll","background-type":"","background-media":"","overlay-type":"","overlay-color":"","overlay-opacity":"","overlay-gradient":""}},"ast-content-background-meta":{"desktop":{"background-color":"var(--ast-global-color-5)","background-image":"","background-repeat":"repeat","background-position":"center center","background-size":"auto","background-attachment":"scroll","background-type":"","background-media":"","overlay-type":"","overlay-color":"","overlay-opacity":"","overlay-gradient":""},"tablet":{"background-color":"var(--ast-global-color-5)","background-image":"","background-repeat":"repeat","background-position":"center center","background-size":"auto","background-attachment":"scroll","background-type":"","background-media":"","overlay-type":"","overlay-color":"","overlay-opacity":"","overlay-gradient":""},"mobile":{"background-color":"var(--ast-global-color-5)","background-image":"","background-repeat":"repeat","background-position":"center center","background-size":"auto","background-attachment":"scroll","background-type":"","background-media":"","overlay-type":"","overlay-color":"","overlay-opacity":"","overlay-gradient":""}},"footnotes":""},"categories":[14,15,35,4],"tags":[],"class_list":["post-4765","post","type-post","status-publish","format-standard","has-post-thumbnail","hentry","category-5e","category-6e","category-cicle-superior","category-portada"],"post_mailing_queue_ids":[],"_links":{"self":[{"href":"https:\/\/agora.xtec.cat\/ceip-estel-stguim\/wp-json\/wp\/v2\/posts\/4765","targetHints":{"allow":["GET"]}}],"collection":[{"href":"https:\/\/agora.xtec.cat\/ceip-estel-stguim\/wp-json\/wp\/v2\/posts"}],"about":[{"href":"https:\/\/agora.xtec.cat\/ceip-estel-stguim\/wp-json\/wp\/v2\/types\/post"}],"author":[{"embeddable":true,"href":"https:\/\/agora.xtec.cat\/ceip-estel-stguim\/wp-json\/wp\/v2\/users\/1"}],"replies":[{"embeddable":true,"href":"https:\/\/agora.xtec.cat\/ceip-estel-stguim\/wp-json\/wp\/v2\/comments?post=4765"}],"version-history":[{"count":1,"href":"https:\/\/agora.xtec.cat\/ceip-estel-stguim\/wp-json\/wp\/v2\/posts\/4765\/revisions"}],"predecessor-version":[{"id":4768,"href":"https:\/\/agora.xtec.cat\/ceip-estel-stguim\/wp-json\/wp\/v2\/posts\/4765\/revisions\/4768"}],"wp:featuredmedia":[{"embeddable":true,"href":"https:\/\/agora.xtec.cat\/ceip-estel-stguim\/wp-json\/wp\/v2\/media\/4767"}],"wp:attachment":[{"href":"https:\/\/agora.xtec.cat\/ceip-estel-stguim\/wp-json\/wp\/v2\/media?parent=4765"}],"wp:term":[{"taxonomy":"category","embeddable":true,"href":"https:\/\/agora.xtec.cat\/ceip-estel-stguim\/wp-json\/wp\/v2\/categories?post=4765"},{"taxonomy":"post_tag","embeddable":true,"href":"https:\/\/agora.xtec.cat\/ceip-estel-stguim\/wp-json\/wp\/v2\/tags?post=4765"}],"curies":[{"name":"wp","href":"https:\/\/api.w.org\/{rel}","templated":true}]}}