{"id":4762,"date":"2019-10-30T15:04:22","date_gmt":"2019-10-30T14:04:22","guid":{"rendered":"https:\/\/agora.xtec.cat\/ceip-estel-stguim\/?p=4762"},"modified":"2019-10-30T15:04:22","modified_gmt":"2019-10-30T14:04:22","slug":"trobada-escolar-futbol-sala-jjee-sant-guim","status":"publish","type":"post","link":"https:\/\/agora.xtec.cat\/ceip-estel-stguim\/portada\/trobada-escolar-futbol-sala-jjee-sant-guim\/","title":{"rendered":"TROBADA ESCOLAR FUTBOL SALA JJEE SANT GUIM"},"content":{"rendered":"<p><a href=\"https:\/\/agora.xtec.cat\/ceip-estel-stguim\/wp-content\/uploads\/usu237\/2019\/10\/Cartell-FSSG.jpg\"><img loading=\"lazy\" decoding=\"async\" class=\"aligncenter size-large wp-image-4763\" src=\"https:\/\/agora.xtec.cat\/ceip-estel-stguim\/wp-content\/uploads\/usu237\/2019\/10\/Cartell-FSSG-724x1024.jpg\" alt=\"\" width=\"724\" height=\"1024\" srcset=\"https:\/\/agora.xtec.cat\/ceip-estel-stguim\/wp-content\/uploads\/usu237\/2019\/10\/Cartell-FSSG-724x1024.jpg 724w, https:\/\/agora.xtec.cat\/ceip-estel-stguim\/wp-content\/uploads\/usu237\/2019\/10\/Cartell-FSSG-212x300.jpg 212w, https:\/\/agora.xtec.cat\/ceip-estel-stguim\/wp-content\/uploads\/usu237\/2019\/10\/Cartell-FSSG-768x1086.jpg 768w, https:\/\/agora.xtec.cat\/ceip-estel-stguim\/wp-content\/uploads\/usu237\/2019\/10\/Cartell-FSSG.jpg 1588w\" sizes=\"auto, (max-width: 724px) 100vw, 724px\" \/><\/a><\/p>\n<p>Us presentem la trobada escolar de futbol sala dels Jocs Esportius Escolars a Sant Guim de Freixenet del proper <strong><u>24 de Novembre, a partir de les 10h al costat del pavell\u00f3 municipal de Sant Guim de Freixenet<\/u><\/strong>.<\/p>\n<p>Recordem que totes les trobades del Consell Esportiu de la Segarra es donar\u00e0 aigua i fruita a tots els participants.<\/p>\n<p>\u00d8\u00a0 <strong><u>La data m\u00e0xima d&#8217;inscripci\u00f3 ser\u00e0 fins el proper dijous 21 de novembre a les 12:00h\u00a0<\/u><\/strong><\/p>\n<p>\u00d8\u00a0 <strong><u>HORARI DELS PARTITS: el divendres 22 novembre passarem el quadrant de partits<\/u><\/strong><\/p>\n<p>Es disposar\u00e0 d\u2019autocar gratu\u00eft, sempre hi quant hi hagi un m\u00ednim d\u2019inscrits, i s\u2019haur\u00e0 de demanar amb la inscripci\u00f3 de l\u2019equip.<\/p>\n<p><strong><u>Per participar, nom\u00e9s us heu de ficar en contacte amb el vostre professor\/a d\u2019educaci\u00f3 f\u00edsica i tenir tramitada la llic\u00e8ncia (amb asseguran\u00e7a) amb el consell esportiu d\u2019origen. <\/u><\/strong>Els qui no tinguin la llic\u00e8ncia anual podran realitzar una asseguran\u00e7a puntual de 2\u20ac.<\/p>\n<p>Us animem a participar i a gaudir de l\u2019esport amb valors!<\/p>\n<p><strong><em>Equip t\u00e8cnic del Consell Esportiu de la Segarra<\/em><\/strong><\/p>\n","protected":false},"excerpt":{"rendered":"<p>Us presentem la trobada escolar de futbol sala dels Jocs Esportius Escolars a Sant Guim de Freixenet del proper 24 [&hellip;]<\/p>\n","protected":false},"author":1,"featured_media":4763,"comment_status":"open","ping_status":"closed","sticky":false,"template":"","format":"standard","meta":{"_bbp_topic_count":0,"_bbp_reply_count":0,"_bbp_total_topic_count":0,"_bbp_total_reply_count":0,"_bbp_voice_count":0,"_bbp_anonymous_reply_count":0,"_bbp_topic_count_hidden":0,"_bbp_reply_count_hidden":0,"_bbp_forum_subforum_count":0,"site-sidebar-layout":"default","site-content-layout":"","ast-site-content-layout":"","site-content-style":"default","site-sidebar-style":"default","ast-global-header-display":"","ast-banner-title-visibility":"","ast-main-header-display":"","ast-hfb-above-header-display":"","ast-hfb-below-header-display":"","ast-hfb-mobile-header-display":"","site-post-title":"","ast-breadcrumbs-content":"","ast-featured-img":"","footer-sml-layout":"","theme-transparent-header-meta":"","adv-header-id-meta":"","stick-header-meta":"","header-above-stick-meta":"","header-main-stick-meta":"","header-below-stick-meta":"","astra-migrate-meta-layouts":"default","ast-page-background-enabled":"default","ast-page-background-meta":{"desktop":{"background-color":"var(--ast-global-color-4)","background-image":"","background-repeat":"repeat","background-position":"center center","background-size":"auto","background-attachment":"scroll","background-type":"","background-media":"","overlay-type":"","overlay-color":"","overlay-opacity":"","overlay-gradient":""},"tablet":{"background-color":"","background-image":"","background-repeat":"repeat","background-position":"center center","background-size":"auto","background-attachment":"scroll","background-type":"","background-media":"","overlay-type":"","overlay-color":"","overlay-opacity":"","overlay-gradient":""},"mobile":{"background-color":"","background-image":"","background-repeat":"repeat","background-position":"center center","background-size":"auto","background-attachment":"scroll","background-type":"","background-media":"","overlay-type":"","overlay-color":"","overlay-opacity":"","overlay-gradient":""}},"ast-content-background-meta":{"desktop":{"background-color":"var(--ast-global-color-5)","background-image":"","background-repeat":"repeat","background-position":"center center","background-size":"auto","background-attachment":"scroll","background-type":"","background-media":"","overlay-type":"","overlay-color":"","overlay-opacity":"","overlay-gradient":""},"tablet":{"background-color":"var(--ast-global-color-5)","background-image":"","background-repeat":"repeat","background-position":"center center","background-size":"auto","background-attachment":"scroll","background-type":"","background-media":"","overlay-type":"","overlay-color":"","overlay-opacity":"","overlay-gradient":""},"mobile":{"background-color":"var(--ast-global-color-5)","background-image":"","background-repeat":"repeat","background-position":"center center","background-size":"auto","background-attachment":"scroll","background-type":"","background-media":"","overlay-type":"","overlay-color":"","overlay-opacity":"","overlay-gradient":""}},"footnotes":""},"categories":[38,4],"tags":[],"class_list":["post-4762","post","type-post","status-publish","format-standard","has-post-thumbnail","hentry","category-pcee","category-portada"],"post_mailing_queue_ids":[],"_links":{"self":[{"href":"https:\/\/agora.xtec.cat\/ceip-estel-stguim\/wp-json\/wp\/v2\/posts\/4762","targetHints":{"allow":["GET"]}}],"collection":[{"href":"https:\/\/agora.xtec.cat\/ceip-estel-stguim\/wp-json\/wp\/v2\/posts"}],"about":[{"href":"https:\/\/agora.xtec.cat\/ceip-estel-stguim\/wp-json\/wp\/v2\/types\/post"}],"author":[{"embeddable":true,"href":"https:\/\/agora.xtec.cat\/ceip-estel-stguim\/wp-json\/wp\/v2\/users\/1"}],"replies":[{"embeddable":true,"href":"https:\/\/agora.xtec.cat\/ceip-estel-stguim\/wp-json\/wp\/v2\/comments?post=4762"}],"version-history":[{"count":1,"href":"https:\/\/agora.xtec.cat\/ceip-estel-stguim\/wp-json\/wp\/v2\/posts\/4762\/revisions"}],"predecessor-version":[{"id":4764,"href":"https:\/\/agora.xtec.cat\/ceip-estel-stguim\/wp-json\/wp\/v2\/posts\/4762\/revisions\/4764"}],"wp:featuredmedia":[{"embeddable":true,"href":"https:\/\/agora.xtec.cat\/ceip-estel-stguim\/wp-json\/wp\/v2\/media\/4763"}],"wp:attachment":[{"href":"https:\/\/agora.xtec.cat\/ceip-estel-stguim\/wp-json\/wp\/v2\/media?parent=4762"}],"wp:term":[{"taxonomy":"category","embeddable":true,"href":"https:\/\/agora.xtec.cat\/ceip-estel-stguim\/wp-json\/wp\/v2\/categories?post=4762"},{"taxonomy":"post_tag","embeddable":true,"href":"https:\/\/agora.xtec.cat\/ceip-estel-stguim\/wp-json\/wp\/v2\/tags?post=4762"}],"curies":[{"name":"wp","href":"https:\/\/api.w.org\/{rel}","templated":true}]}}