{"id":4753,"date":"2019-10-01T01:05:51","date_gmt":"2019-09-30T23:05:51","guid":{"rendered":"https:\/\/agora.xtec.cat\/ceip-estel-stguim\/?p=4753"},"modified":"2019-10-29T01:11:59","modified_gmt":"2019-10-29T00:11:59","slug":"extraescolars-2019-2020","status":"publish","type":"post","link":"https:\/\/agora.xtec.cat\/ceip-estel-stguim\/general\/extraescolars-2019-2020\/","title":{"rendered":"Extraescolars 2019-2020"},"content":{"rendered":"<p>&nbsp;<\/p>\n<p><img loading=\"lazy\" decoding=\"async\" class=\"alignleft\" src=\"https:\/\/1.bp.blogspot.com\/-viQe2K_XSiw\/XYAAnKNS81I\/AAAAAAAAARw\/KxpSS77XsoYYaA-O7A1Ic_id8e264LNKwCLcBGAsYHQ\/s1600\/extraescolars-19-20.png\" width=\"409\" height=\"209\" border=\"0\" data-original-height=\"153\" data-original-width=\"300\" \/><\/p>\n<p>Des del Pla Catal\u00e0 d\u2019Esport a l\u2019Escola, des de l\u2019AMPA i des del Padel Sant Guim continuem oferint activitats a un preu molt econ\u00f2mic tot i que des de fa un temps no tenim cap tipus de subvenci\u00f3 econ\u00f2mica per part de la Generalitat.<\/p>\n<p><a href=\"https:\/\/agora.xtec.cat\/ceip-estel-stguim\/wp-content\/uploads\/usu237\/2019\/10\/inscripcions-activitats-AMPA-19-20.pdf\">Prem aquest enlla\u00e7<\/a> per visualitzar el cartell amb totes les extraescolars d&#8217;aquest curs i els comptes bancaris per realitzar les transfer\u00e8ncies.<\/p>\n<p>Tamb\u00e9 pots visualitzar en <a href=\"https:\/\/agora.xtec.cat\/ceip-estel-stguim\/wp-content\/uploads\/usu237\/2019\/10\/Resum-de-les-noves-activitats-extraescolars-curs-2019-2020.pdf\">aquest enlla\u00e7 <\/a>el detall de les activitats extraescolars proposades per aquest curs 19-20<\/p>\n<p>Respecteu terminis pel bon funcionament de les activitats i sigueu curosos a l&#8217;hora d&#8217;inscriure els vostres fills\/filles anotant el nom i l&#8217;activitat que far\u00e0.<\/p>\n<p>Vigileu que hi ha 2 n\u00fameros de compe depenent de l&#8217;activitat.<\/p>\n<p>&nbsp;<\/p>\n<p style=\"color: #79d43b; text-align: center;\"><strong>IMPORTANT !!. Realitzeu les transfer\u00e8ncies sempre indicant &#8211;&gt;<\/strong><span style=\"text-decoration: underline;\"><strong> Nom de l&#8217;alumne i Activitat<\/strong><\/span><\/p>\n","protected":false},"excerpt":{"rendered":"<p>&nbsp; Des del Pla Catal\u00e0 d\u2019Esport a l\u2019Escola, des de l\u2019AMPA i des del Padel Sant Guim continuem oferint activitats [&hellip;]<\/p>\n","protected":false},"author":20,"featured_media":4760,"comment_status":"open","ping_status":"closed","sticky":false,"template":"","format":"standard","meta":{"_bbp_topic_count":0,"_bbp_reply_count":0,"_bbp_total_topic_count":0,"_bbp_total_reply_count":0,"_bbp_voice_count":0,"_bbp_anonymous_reply_count":0,"_bbp_topic_count_hidden":0,"_bbp_reply_count_hidden":0,"_bbp_forum_subforum_count":0,"site-sidebar-layout":"default","site-content-layout":"","ast-site-content-layout":"","site-content-style":"default","site-sidebar-style":"default","ast-global-header-display":"","ast-banner-title-visibility":"","ast-main-header-display":"","ast-hfb-above-header-display":"","ast-hfb-below-header-display":"","ast-hfb-mobile-header-display":"","site-post-title":"","ast-breadcrumbs-content":"","ast-featured-img":"","footer-sml-layout":"","theme-transparent-header-meta":"","adv-header-id-meta":"","stick-header-meta":"","header-above-stick-meta":"","header-main-stick-meta":"","header-below-stick-meta":"","astra-migrate-meta-layouts":"default","ast-page-background-enabled":"default","ast-page-background-meta":{"desktop":{"background-color":"var(--ast-global-color-4)","background-image":"","background-repeat":"repeat","background-position":"center center","background-size":"auto","background-attachment":"scroll","background-type":"","background-media":"","overlay-type":"","overlay-color":"","overlay-opacity":"","overlay-gradient":""},"tablet":{"background-color":"","background-image":"","background-repeat":"repeat","background-position":"center center","background-size":"auto","background-attachment":"scroll","background-type":"","background-media":"","overlay-type":"","overlay-color":"","overlay-opacity":"","overlay-gradient":""},"mobile":{"background-color":"","background-image":"","background-repeat":"repeat","background-position":"center center","background-size":"auto","background-attachment":"scroll","background-type":"","background-media":"","overlay-type":"","overlay-color":"","overlay-opacity":"","overlay-gradient":""}},"ast-content-background-meta":{"desktop":{"background-color":"var(--ast-global-color-5)","background-image":"","background-repeat":"repeat","background-position":"center center","background-size":"auto","background-attachment":"scroll","background-type":"","background-media":"","overlay-type":"","overlay-color":"","overlay-opacity":"","overlay-gradient":""},"tablet":{"background-color":"var(--ast-global-color-5)","background-image":"","background-repeat":"repeat","background-position":"center center","background-size":"auto","background-attachment":"scroll","background-type":"","background-media":"","overlay-type":"","overlay-color":"","overlay-opacity":"","overlay-gradient":""},"mobile":{"background-color":"var(--ast-global-color-5)","background-image":"","background-repeat":"repeat","background-position":"center center","background-size":"auto","background-attachment":"scroll","background-type":"","background-media":"","overlay-type":"","overlay-color":"","overlay-opacity":"","overlay-gradient":""}},"footnotes":""},"categories":[7,85,92,1],"tags":[109,111],"class_list":["post-4753","post","type-post","status-publish","format-standard","has-post-thumbnail","hentry","category-ampa","category-ampa-categoria","category-articles-dinteres","category-general","tag-curs-2019-2020","tag-extraescolars-2019-2020"],"post_mailing_queue_ids":[],"_links":{"self":[{"href":"https:\/\/agora.xtec.cat\/ceip-estel-stguim\/wp-json\/wp\/v2\/posts\/4753","targetHints":{"allow":["GET"]}}],"collection":[{"href":"https:\/\/agora.xtec.cat\/ceip-estel-stguim\/wp-json\/wp\/v2\/posts"}],"about":[{"href":"https:\/\/agora.xtec.cat\/ceip-estel-stguim\/wp-json\/wp\/v2\/types\/post"}],"author":[{"embeddable":true,"href":"https:\/\/agora.xtec.cat\/ceip-estel-stguim\/wp-json\/wp\/v2\/users\/20"}],"replies":[{"embeddable":true,"href":"https:\/\/agora.xtec.cat\/ceip-estel-stguim\/wp-json\/wp\/v2\/comments?post=4753"}],"version-history":[{"count":3,"href":"https:\/\/agora.xtec.cat\/ceip-estel-stguim\/wp-json\/wp\/v2\/posts\/4753\/revisions"}],"predecessor-version":[{"id":4759,"href":"https:\/\/agora.xtec.cat\/ceip-estel-stguim\/wp-json\/wp\/v2\/posts\/4753\/revisions\/4759"}],"wp:featuredmedia":[{"embeddable":true,"href":"https:\/\/agora.xtec.cat\/ceip-estel-stguim\/wp-json\/wp\/v2\/media\/4760"}],"wp:attachment":[{"href":"https:\/\/agora.xtec.cat\/ceip-estel-stguim\/wp-json\/wp\/v2\/media?parent=4753"}],"wp:term":[{"taxonomy":"category","embeddable":true,"href":"https:\/\/agora.xtec.cat\/ceip-estel-stguim\/wp-json\/wp\/v2\/categories?post=4753"},{"taxonomy":"post_tag","embeddable":true,"href":"https:\/\/agora.xtec.cat\/ceip-estel-stguim\/wp-json\/wp\/v2\/tags?post=4753"}],"curies":[{"name":"wp","href":"https:\/\/api.w.org\/{rel}","templated":true}]}}