{"id":4674,"date":"2019-06-30T16:02:29","date_gmt":"2019-06-30T14:02:29","guid":{"rendered":"http:\/\/agora.xtec.cat\/ceip-estel-stguim\/?p=4674"},"modified":"2019-09-13T16:04:08","modified_gmt":"2019-09-13T14:04:08","slug":"vacunes-sise","status":"publish","type":"post","link":"https:\/\/agora.xtec.cat\/ceip-estel-stguim\/6e\/vacunes-sise\/","title":{"rendered":"Vacunes sis\u00e8"},"content":{"rendered":"<p lang=\"ca-ES\" align=\"justify\"><span style=\"font-family: Arial, sans-serif;\">El passat dilluns 10 de juny els alumnes de 6\u00e8 vam anar a veure a l&#8217;Encarna i la Mireia, ja que ens tocava l&#8217;\u00faltima &#8220;ronda&#8221; de vacunes. Tot i que sempre fa una mica de respecte, gr\u00e0cies a la professionalitat i bon fer de les infermeres, va acabar sent fins i tot divertit. <\/span><\/p>\n<p lang=\"ca-ES\" align=\"justify\"><span style=\"font-family: Arial, sans-serif;\">Gr\u00e0cies a les dues!!<\/span><\/p>\n<p lang=\"ca-ES\" align=\"justify\"><a href=\"https:\/\/agora.xtec.cat\/ceip-estel-stguim\/wp-content\/uploads\/usu237\/2019\/09\/PHOTO-2019-06-10-12-11-18.jpg\"><img loading=\"lazy\" decoding=\"async\" class=\"aligncenter size-large wp-image-4675\" src=\"https:\/\/agora.xtec.cat\/ceip-estel-stguim\/wp-content\/uploads\/usu237\/2019\/09\/PHOTO-2019-06-10-12-11-18-1024x768.jpg\" alt=\"\" width=\"1024\" height=\"768\" srcset=\"https:\/\/agora.xtec.cat\/ceip-estel-stguim\/wp-content\/uploads\/usu237\/2019\/09\/PHOTO-2019-06-10-12-11-18.jpg 1024w, https:\/\/agora.xtec.cat\/ceip-estel-stguim\/wp-content\/uploads\/usu237\/2019\/09\/PHOTO-2019-06-10-12-11-18-300x225.jpg 300w, https:\/\/agora.xtec.cat\/ceip-estel-stguim\/wp-content\/uploads\/usu237\/2019\/09\/PHOTO-2019-06-10-12-11-18-768x576.jpg 768w, https:\/\/agora.xtec.cat\/ceip-estel-stguim\/wp-content\/uploads\/usu237\/2019\/09\/PHOTO-2019-06-10-12-11-18-200x150.jpg 200w\" sizes=\"auto, (max-width: 1024px) 100vw, 1024px\" \/><\/a><\/p>\n","protected":false},"excerpt":{"rendered":"<p>El passat dilluns 10 de juny els alumnes de 6\u00e8 vam anar a veure a l&#8217;Encarna i la Mireia, ja [&hellip;]<\/p>\n","protected":false},"author":1,"featured_media":4675,"comment_status":"open","ping_status":"closed","sticky":false,"template":"","format":"standard","meta":{"_bbp_topic_count":0,"_bbp_reply_count":0,"_bbp_total_topic_count":0,"_bbp_total_reply_count":0,"_bbp_voice_count":0,"_bbp_anonymous_reply_count":0,"_bbp_topic_count_hidden":0,"_bbp_reply_count_hidden":0,"_bbp_forum_subforum_count":0,"site-sidebar-layout":"default","site-content-layout":"","ast-site-content-layout":"","site-content-style":"default","site-sidebar-style":"default","ast-global-header-display":"","ast-banner-title-visibility":"","ast-main-header-display":"","ast-hfb-above-header-display":"","ast-hfb-below-header-display":"","ast-hfb-mobile-header-display":"","site-post-title":"","ast-breadcrumbs-content":"","ast-featured-img":"","footer-sml-layout":"","theme-transparent-header-meta":"","adv-header-id-meta":"","stick-header-meta":"","header-above-stick-meta":"","header-main-stick-meta":"","header-below-stick-meta":"","astra-migrate-meta-layouts":"default","ast-page-background-enabled":"default","ast-page-background-meta":{"desktop":{"background-color":"var(--ast-global-color-4)","background-image":"","background-repeat":"repeat","background-position":"center center","background-size":"auto","background-attachment":"scroll","background-type":"","background-media":"","overlay-type":"","overlay-color":"","overlay-opacity":"","overlay-gradient":""},"tablet":{"background-color":"","background-image":"","background-repeat":"repeat","background-position":"center center","background-size":"auto","background-attachment":"scroll","background-type":"","background-media":"","overlay-type":"","overlay-color":"","overlay-opacity":"","overlay-gradient":""},"mobile":{"background-color":"","background-image":"","background-repeat":"repeat","background-position":"center center","background-size":"auto","background-attachment":"scroll","background-type":"","background-media":"","overlay-type":"","overlay-color":"","overlay-opacity":"","overlay-gradient":""}},"ast-content-background-meta":{"desktop":{"background-color":"var(--ast-global-color-5)","background-image":"","background-repeat":"repeat","background-position":"center center","background-size":"auto","background-attachment":"scroll","background-type":"","background-media":"","overlay-type":"","overlay-color":"","overlay-opacity":"","overlay-gradient":""},"tablet":{"background-color":"var(--ast-global-color-5)","background-image":"","background-repeat":"repeat","background-position":"center center","background-size":"auto","background-attachment":"scroll","background-type":"","background-media":"","overlay-type":"","overlay-color":"","overlay-opacity":"","overlay-gradient":""},"mobile":{"background-color":"var(--ast-global-color-5)","background-image":"","background-repeat":"repeat","background-position":"center center","background-size":"auto","background-attachment":"scroll","background-type":"","background-media":"","overlay-type":"","overlay-color":"","overlay-opacity":"","overlay-gradient":""}},"footnotes":""},"categories":[15,35],"tags":[],"class_list":["post-4674","post","type-post","status-publish","format-standard","has-post-thumbnail","hentry","category-6e","category-cicle-superior"],"post_mailing_queue_ids":[],"_links":{"self":[{"href":"https:\/\/agora.xtec.cat\/ceip-estel-stguim\/wp-json\/wp\/v2\/posts\/4674","targetHints":{"allow":["GET"]}}],"collection":[{"href":"https:\/\/agora.xtec.cat\/ceip-estel-stguim\/wp-json\/wp\/v2\/posts"}],"about":[{"href":"https:\/\/agora.xtec.cat\/ceip-estel-stguim\/wp-json\/wp\/v2\/types\/post"}],"author":[{"embeddable":true,"href":"https:\/\/agora.xtec.cat\/ceip-estel-stguim\/wp-json\/wp\/v2\/users\/1"}],"replies":[{"embeddable":true,"href":"https:\/\/agora.xtec.cat\/ceip-estel-stguim\/wp-json\/wp\/v2\/comments?post=4674"}],"version-history":[{"count":1,"href":"https:\/\/agora.xtec.cat\/ceip-estel-stguim\/wp-json\/wp\/v2\/posts\/4674\/revisions"}],"predecessor-version":[{"id":4676,"href":"https:\/\/agora.xtec.cat\/ceip-estel-stguim\/wp-json\/wp\/v2\/posts\/4674\/revisions\/4676"}],"wp:featuredmedia":[{"embeddable":true,"href":"https:\/\/agora.xtec.cat\/ceip-estel-stguim\/wp-json\/wp\/v2\/media\/4675"}],"wp:attachment":[{"href":"https:\/\/agora.xtec.cat\/ceip-estel-stguim\/wp-json\/wp\/v2\/media?parent=4674"}],"wp:term":[{"taxonomy":"category","embeddable":true,"href":"https:\/\/agora.xtec.cat\/ceip-estel-stguim\/wp-json\/wp\/v2\/categories?post=4674"},{"taxonomy":"post_tag","embeddable":true,"href":"https:\/\/agora.xtec.cat\/ceip-estel-stguim\/wp-json\/wp\/v2\/tags?post=4674"}],"curies":[{"name":"wp","href":"https:\/\/api.w.org\/{rel}","templated":true}]}}