{"id":4566,"date":"2019-05-30T13:35:22","date_gmt":"2019-05-30T11:35:22","guid":{"rendered":"http:\/\/agora.xtec.cat\/ceip-estel-stguim\/?p=4566"},"modified":"2019-05-30T13:35:22","modified_gmt":"2019-05-30T11:35:22","slug":"informacio-activitats-estiu-consell-esportiu-segarra","status":"publish","type":"post","link":"https:\/\/agora.xtec.cat\/ceip-estel-stguim\/i3\/informacio-activitats-estiu-consell-esportiu-segarra\/","title":{"rendered":"INFORMACI\u00d3 ACTIVITATS ESTIU CONSELL ESPORTIU SEGARRA"},"content":{"rendered":"<p>Com ja sabeu el Consell Esportiu de la Segarra com a entitat sense \u00e0nim de lucre i de servei p\u00fablic ofereix activitats per a infants i joves a diversos municipis de la Segarra, a continuaci\u00f3 us deixem els enlla\u00e7os a la nostra web dels diferents municipis on serem presents, all\u00e0 trobareu la informaci\u00f3 de les diferents activitats.<\/p>\n<p>Oferirem segons el municipi les seg\u00fcents activitats:<\/p>\n<p>&#8211;\u00a0\u00a0\u00a0\u00a0\u00a0\u00a0\u00a0\u00a0\u00a0 <strong>Casal d\u2019estiu de llar d\u2019infants:<\/strong> per infants de 0 a 3 anys (Cervera i Guissona)<\/p>\n<p>&#8211;\u00a0\u00a0\u00a0\u00a0\u00a0\u00a0\u00a0\u00a0\u00a0 <strong>Casal d\u2019estiu<\/strong>: per a nens\/es de P3 a 6\u00e8 de prim\u00e0ria (Cervera, Guissona, Sant Antol\u00ed, Sana\u00fcja i Sant Guim de Freixenet)<\/p>\n<p>&#8211;\u00a0\u00a0\u00a0\u00a0\u00a0\u00a0\u00a0\u00a0\u00a0 <strong>Casal d\u2019estiu esportiu:<\/strong> per a nens\/es de 5\u00e8 a 2n d\u2019ESO (Cervera, Guissona i Sant Guim de Freixenet)<\/p>\n<p>&#8211;\u00a0\u00a0\u00a0\u00a0\u00a0\u00a0\u00a0\u00a0\u00a0 <strong>Cursets de nataci\u00f3 <\/strong>(<em>per confirmar municipis<\/em>)<\/p>\n<p>&#8211;\u00a0\u00a0\u00a0\u00a0\u00a0\u00a0\u00a0\u00a0\u00a0 <strong>Activitats aqu\u00e0tiques dirigides per adults <\/strong>(<em>per confirmar municipis<\/em>)<\/p>\n<p>&#8211;\u00a0\u00a0\u00a0\u00a0\u00a0\u00a0\u00a0\u00a0\u00a0 <strong>Curs de formaci\u00f3 per a joves CIATE <\/strong>(Cervera)<\/p>\n<p>&nbsp;<\/p>\n<p>Podeu trobar tota la informaci\u00f3 detallada i les inscripcions de cada activitat a <strong><a href=\"http:\/\/www.cesegarra.cat\/\" data-saferedirecturl=\"https:\/\/www.google.com\/url?q=http:\/\/www.cesegarra.cat\/&amp;source=gmail&amp;ust=1559301910196000&amp;usg=AFQjCNFHBwuy3lvw03dTAc8hJTBWO4YMXw\">la web del Consell Esportiu de la Segarra<\/a><\/strong> a l\u2019apartat <strong><a href=\"http:\/\/www.cesegarra.cat\/estiu-2019\/\" data-saferedirecturl=\"https:\/\/www.google.com\/url?q=http:\/\/www.cesegarra.cat\/estiu-2019\/&amp;source=gmail&amp;ust=1559301910196000&amp;usg=AFQjCNHOw5hSuNrk5REHBHgBBw3Y5GjFwQ\">d\u2019Estiu 2019!<\/a><\/strong><\/p>\n<p>Si hi ha alguna activitat sense informaci\u00f3, estem ultimant detalls, en breus la tindreu disponible!<\/p>\n<p><a href=\"https:\/\/agora.xtec.cat\/ceip-estel-stguim\/wp-content\/uploads\/usu237\/2019\/05\/CASALS-ESPORTIUS-SEGARRA.png\"><img loading=\"lazy\" decoding=\"async\" class=\"alignnone size-large wp-image-4567\" src=\"https:\/\/agora.xtec.cat\/ceip-estel-stguim\/wp-content\/uploads\/usu237\/2019\/05\/CASALS-ESPORTIUS-SEGARRA-724x1024.png\" alt=\"\" width=\"724\" height=\"1024\" srcset=\"https:\/\/agora.xtec.cat\/ceip-estel-stguim\/wp-content\/uploads\/usu237\/2019\/05\/CASALS-ESPORTIUS-SEGARRA-724x1024.png 724w, https:\/\/agora.xtec.cat\/ceip-estel-stguim\/wp-content\/uploads\/usu237\/2019\/05\/CASALS-ESPORTIUS-SEGARRA-212x300.png 212w, https:\/\/agora.xtec.cat\/ceip-estel-stguim\/wp-content\/uploads\/usu237\/2019\/05\/CASALS-ESPORTIUS-SEGARRA-768x1086.png 768w, https:\/\/agora.xtec.cat\/ceip-estel-stguim\/wp-content\/uploads\/usu237\/2019\/05\/CASALS-ESPORTIUS-SEGARRA.png 1587w\" sizes=\"auto, (max-width: 724px) 100vw, 724px\" \/><\/a> <a href=\"https:\/\/agora.xtec.cat\/ceip-estel-stguim\/wp-content\/uploads\/usu237\/2019\/05\/CARTELL-PATUFET-GUISSONA.jpg\"><img loading=\"lazy\" decoding=\"async\" class=\"alignnone size-large wp-image-4568\" src=\"https:\/\/agora.xtec.cat\/ceip-estel-stguim\/wp-content\/uploads\/usu237\/2019\/05\/CARTELL-PATUFET-GUISSONA-724x1024.jpg\" alt=\"\" width=\"724\" height=\"1024\" srcset=\"https:\/\/agora.xtec.cat\/ceip-estel-stguim\/wp-content\/uploads\/usu237\/2019\/05\/CARTELL-PATUFET-GUISSONA-724x1024.jpg 724w, https:\/\/agora.xtec.cat\/ceip-estel-stguim\/wp-content\/uploads\/usu237\/2019\/05\/CARTELL-PATUFET-GUISSONA-212x300.jpg 212w, https:\/\/agora.xtec.cat\/ceip-estel-stguim\/wp-content\/uploads\/usu237\/2019\/05\/CARTELL-PATUFET-GUISSONA-768x1086.jpg 768w, https:\/\/agora.xtec.cat\/ceip-estel-stguim\/wp-content\/uploads\/usu237\/2019\/05\/CARTELL-PATUFET-GUISSONA.jpg 1588w\" sizes=\"auto, (max-width: 724px) 100vw, 724px\" \/><\/a> <a href=\"https:\/\/agora.xtec.cat\/ceip-estel-stguim\/wp-content\/uploads\/usu237\/2019\/05\/cartell-casals-general.png\"><img loading=\"lazy\" decoding=\"async\" class=\"alignnone size-large wp-image-4569\" src=\"https:\/\/agora.xtec.cat\/ceip-estel-stguim\/wp-content\/uploads\/usu237\/2019\/05\/cartell-casals-general-724x1024.png\" alt=\"\" width=\"724\" height=\"1024\" srcset=\"https:\/\/agora.xtec.cat\/ceip-estel-stguim\/wp-content\/uploads\/usu237\/2019\/05\/cartell-casals-general-724x1024.png 724w, https:\/\/agora.xtec.cat\/ceip-estel-stguim\/wp-content\/uploads\/usu237\/2019\/05\/cartell-casals-general-212x300.png 212w, https:\/\/agora.xtec.cat\/ceip-estel-stguim\/wp-content\/uploads\/usu237\/2019\/05\/cartell-casals-general-768x1086.png 768w, https:\/\/agora.xtec.cat\/ceip-estel-stguim\/wp-content\/uploads\/usu237\/2019\/05\/cartell-casals-general.png 1587w\" sizes=\"auto, (max-width: 724px) 100vw, 724px\" \/><\/a> <a href=\"https:\/\/agora.xtec.cat\/ceip-estel-stguim\/wp-content\/uploads\/usu237\/2019\/05\/CARTELL-CASAL-ARREL.jpg\"><img loading=\"lazy\" decoding=\"async\" class=\"alignnone size-large wp-image-4570\" src=\"https:\/\/agora.xtec.cat\/ceip-estel-stguim\/wp-content\/uploads\/usu237\/2019\/05\/CARTELL-CASAL-ARREL-724x1024.jpg\" alt=\"\" width=\"724\" height=\"1024\" srcset=\"https:\/\/agora.xtec.cat\/ceip-estel-stguim\/wp-content\/uploads\/usu237\/2019\/05\/CARTELL-CASAL-ARREL-724x1024.jpg 724w, https:\/\/agora.xtec.cat\/ceip-estel-stguim\/wp-content\/uploads\/usu237\/2019\/05\/CARTELL-CASAL-ARREL-212x300.jpg 212w, https:\/\/agora.xtec.cat\/ceip-estel-stguim\/wp-content\/uploads\/usu237\/2019\/05\/CARTELL-CASAL-ARREL-768x1086.jpg 768w, https:\/\/agora.xtec.cat\/ceip-estel-stguim\/wp-content\/uploads\/usu237\/2019\/05\/CARTELL-CASAL-ARREL.jpg 1588w\" sizes=\"auto, (max-width: 724px) 100vw, 724px\" \/><\/a> <a href=\"https:\/\/agora.xtec.cat\/ceip-estel-stguim\/wp-content\/uploads\/usu237\/2019\/05\/CURSETS-DE-NATACI\u00d3-SEGARRA.png\"><img loading=\"lazy\" decoding=\"async\" class=\"alignnone size-large wp-image-4571\" src=\"https:\/\/agora.xtec.cat\/ceip-estel-stguim\/wp-content\/uploads\/usu237\/2019\/05\/CURSETS-DE-NATACI\u00d3-SEGARRA-724x1024.png\" alt=\"\" width=\"724\" height=\"1024\" srcset=\"https:\/\/agora.xtec.cat\/ceip-estel-stguim\/wp-content\/uploads\/usu237\/2019\/05\/CURSETS-DE-NATACI\u00d3-SEGARRA-724x1024.png 724w, https:\/\/agora.xtec.cat\/ceip-estel-stguim\/wp-content\/uploads\/usu237\/2019\/05\/CURSETS-DE-NATACI\u00d3-SEGARRA-212x300.png 212w, https:\/\/agora.xtec.cat\/ceip-estel-stguim\/wp-content\/uploads\/usu237\/2019\/05\/CURSETS-DE-NATACI\u00d3-SEGARRA-768x1086.png 768w, https:\/\/agora.xtec.cat\/ceip-estel-stguim\/wp-content\/uploads\/usu237\/2019\/05\/CURSETS-DE-NATACI\u00d3-SEGARRA.png 1587w\" sizes=\"auto, (max-width: 724px) 100vw, 724px\" \/><\/a> <a href=\"https:\/\/agora.xtec.cat\/ceip-estel-stguim\/wp-content\/uploads\/usu237\/2019\/05\/CIATE.jpg\"><img loading=\"lazy\" decoding=\"async\" class=\"alignnone size-large wp-image-4572\" src=\"https:\/\/agora.xtec.cat\/ceip-estel-stguim\/wp-content\/uploads\/usu237\/2019\/05\/CIATE-724x1024.jpg\" alt=\"\" width=\"724\" height=\"1024\" srcset=\"https:\/\/agora.xtec.cat\/ceip-estel-stguim\/wp-content\/uploads\/usu237\/2019\/05\/CIATE-724x1024.jpg 724w, https:\/\/agora.xtec.cat\/ceip-estel-stguim\/wp-content\/uploads\/usu237\/2019\/05\/CIATE-212x300.jpg 212w, https:\/\/agora.xtec.cat\/ceip-estel-stguim\/wp-content\/uploads\/usu237\/2019\/05\/CIATE-768x1086.jpg 768w, https:\/\/agora.xtec.cat\/ceip-estel-stguim\/wp-content\/uploads\/usu237\/2019\/05\/CIATE.jpg 1588w\" sizes=\"auto, (max-width: 724px) 100vw, 724px\" \/><\/a> <a href=\"https:\/\/agora.xtec.cat\/ceip-estel-stguim\/wp-content\/uploads\/usu237\/2019\/05\/PRESENTACI\u00d3-CENTRE-DINTERES-CASALS-DESTIU-2019.pdf\">PRESENTACI\u00d3 CENTRE D&#8217;INTERES CASALS D&#8217;ESTIU 2019<\/a><\/p>\n","protected":false},"excerpt":{"rendered":"<p>Com ja sabeu el Consell Esportiu de la Segarra com a entitat sense \u00e0nim de lucre i de servei p\u00fablic [&hellip;]<\/p>\n","protected":false},"author":1,"featured_media":4574,"comment_status":"open","ping_status":"closed","sticky":false,"template":"","format":"standard","meta":{"_bbp_topic_count":0,"_bbp_reply_count":0,"_bbp_total_topic_count":0,"_bbp_total_reply_count":0,"_bbp_voice_count":0,"_bbp_anonymous_reply_count":0,"_bbp_topic_count_hidden":0,"_bbp_reply_count_hidden":0,"_bbp_forum_subforum_count":0,"site-sidebar-layout":"default","site-content-layout":"","ast-site-content-layout":"","site-content-style":"default","site-sidebar-style":"default","ast-global-header-display":"","ast-banner-title-visibility":"","ast-main-header-display":"","ast-hfb-above-header-display":"","ast-hfb-below-header-display":"","ast-hfb-mobile-header-display":"","site-post-title":"","ast-breadcrumbs-content":"","ast-featured-img":"","footer-sml-layout":"","theme-transparent-header-meta":"","adv-header-id-meta":"","stick-header-meta":"","header-above-stick-meta":"","header-main-stick-meta":"","header-below-stick-meta":"","astra-migrate-meta-layouts":"default","ast-page-background-enabled":"default","ast-page-background-meta":{"desktop":{"background-color":"var(--ast-global-color-4)","background-image":"","background-repeat":"repeat","background-position":"center center","background-size":"auto","background-attachment":"scroll","background-type":"","background-media":"","overlay-type":"","overlay-color":"","overlay-opacity":"","overlay-gradient":""},"tablet":{"background-color":"","background-image":"","background-repeat":"repeat","background-position":"center center","background-size":"auto","background-attachment":"scroll","background-type":"","background-media":"","overlay-type":"","overlay-color":"","overlay-opacity":"","overlay-gradient":""},"mobile":{"background-color":"","background-image":"","background-repeat":"repeat","background-position":"center center","background-size":"auto","background-attachment":"scroll","background-type":"","background-media":"","overlay-type":"","overlay-color":"","overlay-opacity":"","overlay-gradient":""}},"ast-content-background-meta":{"desktop":{"background-color":"var(--ast-global-color-5)","background-image":"","background-repeat":"repeat","background-position":"center center","background-size":"auto","background-attachment":"scroll","background-type":"","background-media":"","overlay-type":"","overlay-color":"","overlay-opacity":"","overlay-gradient":""},"tablet":{"background-color":"var(--ast-global-color-5)","background-image":"","background-repeat":"repeat","background-position":"center center","background-size":"auto","background-attachment":"scroll","background-type":"","background-media":"","overlay-type":"","overlay-color":"","overlay-opacity":"","overlay-gradient":""},"mobile":{"background-color":"var(--ast-global-color-5)","background-image":"","background-repeat":"repeat","background-position":"center center","background-size":"auto","background-attachment":"scroll","background-type":"","background-media":"","overlay-type":"","overlay-color":"","overlay-opacity":"","overlay-gradient":""}},"footnotes":""},"categories":[10,11,12,13,14,15,92,35,34,36,3,8,9,4],"tags":[],"class_list":["post-4566","post","type-post","status-publish","format-standard","has-post-thumbnail","hentry","category-1r","category-2n","category-3r","category-4t","category-5e","category-6e","category-articles-dinteres","category-cicle-superior","category-cicle-mitja","category-cice-inicial","category-i3","category-i4","category-i5","category-portada"],"post_mailing_queue_ids":[],"_links":{"self":[{"href":"https:\/\/agora.xtec.cat\/ceip-estel-stguim\/wp-json\/wp\/v2\/posts\/4566","targetHints":{"allow":["GET"]}}],"collection":[{"href":"https:\/\/agora.xtec.cat\/ceip-estel-stguim\/wp-json\/wp\/v2\/posts"}],"about":[{"href":"https:\/\/agora.xtec.cat\/ceip-estel-stguim\/wp-json\/wp\/v2\/types\/post"}],"author":[{"embeddable":true,"href":"https:\/\/agora.xtec.cat\/ceip-estel-stguim\/wp-json\/wp\/v2\/users\/1"}],"replies":[{"embeddable":true,"href":"https:\/\/agora.xtec.cat\/ceip-estel-stguim\/wp-json\/wp\/v2\/comments?post=4566"}],"version-history":[{"count":1,"href":"https:\/\/agora.xtec.cat\/ceip-estel-stguim\/wp-json\/wp\/v2\/posts\/4566\/revisions"}],"predecessor-version":[{"id":4575,"href":"https:\/\/agora.xtec.cat\/ceip-estel-stguim\/wp-json\/wp\/v2\/posts\/4566\/revisions\/4575"}],"wp:featuredmedia":[{"embeddable":true,"href":"https:\/\/agora.xtec.cat\/ceip-estel-stguim\/wp-json\/wp\/v2\/media\/4574"}],"wp:attachment":[{"href":"https:\/\/agora.xtec.cat\/ceip-estel-stguim\/wp-json\/wp\/v2\/media?parent=4566"}],"wp:term":[{"taxonomy":"category","embeddable":true,"href":"https:\/\/agora.xtec.cat\/ceip-estel-stguim\/wp-json\/wp\/v2\/categories?post=4566"},{"taxonomy":"post_tag","embeddable":true,"href":"https:\/\/agora.xtec.cat\/ceip-estel-stguim\/wp-json\/wp\/v2\/tags?post=4566"}],"curies":[{"name":"wp","href":"https:\/\/api.w.org\/{rel}","templated":true}]}}