{"id":4530,"date":"2019-05-16T13:43:14","date_gmt":"2019-05-16T11:43:14","guid":{"rendered":"http:\/\/agora.xtec.cat\/ceip-estel-stguim\/?p=4530"},"modified":"2019-05-16T13:43:14","modified_gmt":"2019-05-16T11:43:14","slug":"cantata-el-gegant-egoista","status":"publish","type":"post","link":"https:\/\/agora.xtec.cat\/ceip-estel-stguim\/portada\/cantata-el-gegant-egoista\/","title":{"rendered":"CANTATA &#8220;EL GEGANT EGOISTA&#8221;"},"content":{"rendered":"<p align=\"justify\">Aquest trimestre hem estat assajant de valent amb la Marta, la nostra mestra de m\u00fasica, la cantata &#8220;El gegant egoista&#8221;. A part d&#8217;aprendre i cantar molt b\u00e9 les can\u00e7ons de la cantata, hem experimentat qu\u00e8 \u00e9s i qu\u00e8 se sent quan formes part d&#8217;una coral: emissi\u00f3 de la veu, vocalitzaci\u00f3, relaxaci\u00f3, control de la respiraci\u00f3, intensitat,&#8230; Ha estat un treball molt complert, culminat amb el concert que vam oferir el passat divendres deu de maig conjuntament amb els nens i nenes de quart de les escoles de Cervera al Paranimf de la Universitat. Vam tenir la sort de ser dirigits per la N\u00faria Mas i acompanyats al piano pel Jordi Castell\u00e0 i al cel\u00b7lo per l&#8217;Estefania Balcells, professors del Conservatori de Cervera. Ens va agradar molt el narrador Xavier Hidalgo, que feia molt b\u00e9 el paper del gegant. Tota una experi\u00e8ncia per repetir!<\/p>\n<p align=\"justify\">Feu clic a la foto per veure m\u00e9s.<\/p>\n<p align=\"justify\"><a href=\"https:\/\/photos.app.goo.gl\/qszwfADiC1HWAiut7\"><img loading=\"lazy\" decoding=\"async\" class=\"alignnone size-full wp-image-4531\" src=\"https:\/\/agora.xtec.cat\/ceip-estel-stguim\/wp-content\/uploads\/usu237\/2019\/05\/gegant-10.jpeg\" alt=\"\" width=\"800\" height=\"539\" srcset=\"https:\/\/agora.xtec.cat\/ceip-estel-stguim\/wp-content\/uploads\/usu237\/2019\/05\/gegant-10.jpeg 800w, https:\/\/agora.xtec.cat\/ceip-estel-stguim\/wp-content\/uploads\/usu237\/2019\/05\/gegant-10-300x202.jpeg 300w, https:\/\/agora.xtec.cat\/ceip-estel-stguim\/wp-content\/uploads\/usu237\/2019\/05\/gegant-10-768x517.jpeg 768w\" sizes=\"auto, (max-width: 800px) 100vw, 800px\" \/><\/a><\/p>\n","protected":false},"excerpt":{"rendered":"<p>Aquest trimestre hem estat assajant de valent amb la Marta, la nostra mestra de m\u00fasica, la cantata &#8220;El gegant egoista&#8221;. [&hellip;]<\/p>\n","protected":false},"author":1,"featured_media":4531,"comment_status":"open","ping_status":"closed","sticky":false,"template":"","format":"standard","meta":{"_bbp_topic_count":0,"_bbp_reply_count":0,"_bbp_total_topic_count":0,"_bbp_total_reply_count":0,"_bbp_voice_count":0,"_bbp_anonymous_reply_count":0,"_bbp_topic_count_hidden":0,"_bbp_reply_count_hidden":0,"_bbp_forum_subforum_count":0,"site-sidebar-layout":"default","site-content-layout":"","ast-site-content-layout":"","site-content-style":"default","site-sidebar-style":"default","ast-global-header-display":"","ast-banner-title-visibility":"","ast-main-header-display":"","ast-hfb-above-header-display":"","ast-hfb-below-header-display":"","ast-hfb-mobile-header-display":"","site-post-title":"","ast-breadcrumbs-content":"","ast-featured-img":"","footer-sml-layout":"","theme-transparent-header-meta":"","adv-header-id-meta":"","stick-header-meta":"","header-above-stick-meta":"","header-main-stick-meta":"","header-below-stick-meta":"","astra-migrate-meta-layouts":"default","ast-page-background-enabled":"default","ast-page-background-meta":{"desktop":{"background-color":"var(--ast-global-color-4)","background-image":"","background-repeat":"repeat","background-position":"center center","background-size":"auto","background-attachment":"scroll","background-type":"","background-media":"","overlay-type":"","overlay-color":"","overlay-opacity":"","overlay-gradient":""},"tablet":{"background-color":"","background-image":"","background-repeat":"repeat","background-position":"center center","background-size":"auto","background-attachment":"scroll","background-type":"","background-media":"","overlay-type":"","overlay-color":"","overlay-opacity":"","overlay-gradient":""},"mobile":{"background-color":"","background-image":"","background-repeat":"repeat","background-position":"center center","background-size":"auto","background-attachment":"scroll","background-type":"","background-media":"","overlay-type":"","overlay-color":"","overlay-opacity":"","overlay-gradient":""}},"ast-content-background-meta":{"desktop":{"background-color":"var(--ast-global-color-5)","background-image":"","background-repeat":"repeat","background-position":"center center","background-size":"auto","background-attachment":"scroll","background-type":"","background-media":"","overlay-type":"","overlay-color":"","overlay-opacity":"","overlay-gradient":""},"tablet":{"background-color":"var(--ast-global-color-5)","background-image":"","background-repeat":"repeat","background-position":"center center","background-size":"auto","background-attachment":"scroll","background-type":"","background-media":"","overlay-type":"","overlay-color":"","overlay-opacity":"","overlay-gradient":""},"mobile":{"background-color":"var(--ast-global-color-5)","background-image":"","background-repeat":"repeat","background-position":"center center","background-size":"auto","background-attachment":"scroll","background-type":"","background-media":"","overlay-type":"","overlay-color":"","overlay-opacity":"","overlay-gradient":""}},"footnotes":""},"categories":[12,13,34,4],"tags":[],"class_list":["post-4530","post","type-post","status-publish","format-standard","has-post-thumbnail","hentry","category-3r","category-4t","category-cicle-mitja","category-portada"],"post_mailing_queue_ids":[],"_links":{"self":[{"href":"https:\/\/agora.xtec.cat\/ceip-estel-stguim\/wp-json\/wp\/v2\/posts\/4530","targetHints":{"allow":["GET"]}}],"collection":[{"href":"https:\/\/agora.xtec.cat\/ceip-estel-stguim\/wp-json\/wp\/v2\/posts"}],"about":[{"href":"https:\/\/agora.xtec.cat\/ceip-estel-stguim\/wp-json\/wp\/v2\/types\/post"}],"author":[{"embeddable":true,"href":"https:\/\/agora.xtec.cat\/ceip-estel-stguim\/wp-json\/wp\/v2\/users\/1"}],"replies":[{"embeddable":true,"href":"https:\/\/agora.xtec.cat\/ceip-estel-stguim\/wp-json\/wp\/v2\/comments?post=4530"}],"version-history":[{"count":1,"href":"https:\/\/agora.xtec.cat\/ceip-estel-stguim\/wp-json\/wp\/v2\/posts\/4530\/revisions"}],"predecessor-version":[{"id":4532,"href":"https:\/\/agora.xtec.cat\/ceip-estel-stguim\/wp-json\/wp\/v2\/posts\/4530\/revisions\/4532"}],"wp:featuredmedia":[{"embeddable":true,"href":"https:\/\/agora.xtec.cat\/ceip-estel-stguim\/wp-json\/wp\/v2\/media\/4531"}],"wp:attachment":[{"href":"https:\/\/agora.xtec.cat\/ceip-estel-stguim\/wp-json\/wp\/v2\/media?parent=4530"}],"wp:term":[{"taxonomy":"category","embeddable":true,"href":"https:\/\/agora.xtec.cat\/ceip-estel-stguim\/wp-json\/wp\/v2\/categories?post=4530"},{"taxonomy":"post_tag","embeddable":true,"href":"https:\/\/agora.xtec.cat\/ceip-estel-stguim\/wp-json\/wp\/v2\/tags?post=4530"}],"curies":[{"name":"wp","href":"https:\/\/api.w.org\/{rel}","templated":true}]}}