{"id":450,"date":"2016-02-26T13:55:41","date_gmt":"2016-02-26T12:55:41","guid":{"rendered":"http:\/\/agora.xtec.cat\/ceip-estel-stguim\/?p=450"},"modified":"2016-03-17T12:22:12","modified_gmt":"2016-03-17T11:22:12","slug":"llibres-del-mes-de-febrer","status":"publish","type":"post","link":"https:\/\/agora.xtec.cat\/ceip-estel-stguim\/biblioteca\/llibres-del-mes-de-febrer\/","title":{"rendered":"Llibres del mes de febrer"},"content":{"rendered":"<h2 class=\"western\"><span style=\"font-size: xx-large;\"> Les b\u00e8sties de la vall del clot <a href=\"http:\/\/agora.xtec.cat\/ceip-estel-stguim\/wp-content\/uploads\/usu237\/2016\/02\/00106539224540___P1_600x6001.jpg\"><img loading=\"lazy\" decoding=\"async\" class=\" size-full wp-image-453 alignright\" src=\"http:\/\/agora.xtec.cat\/ceip-estel-stguim\/wp-content\/uploads\/usu237\/2016\/02\/00106539224540___P1_600x6001.jpg\" alt=\"00106539224540___P1_600x600\" width=\"94\" height=\"150\" \/><\/a><\/span><\/h2>\n<p class=\"western\"><span style=\"font-family: Arial,sans-serif;\"><span style=\"font-size: medium;\">Autor: <\/span><\/span><span style=\"color: #0c8fce;\"><u><a href=\"https:\/\/www.elcorteingles.es\/bio\/andrew-matthews\/\"><span style=\"font-family: Arial,sans-serif;\"><span style=\"font-size: medium;\">Andrew Matthews<\/span><\/span><\/a><\/u><\/span><\/p>\n<p class=\"western\"><span style=\"font-family: Arial,sans-serif;\"><span style=\"font-size: medium;\">Il\u00b7lustrador: <\/span><\/span><span style=\"color: #ff0000;\"><span style=\"font-family: Arial,sans-serif;\"><span style=\"font-size: medium;\">Mabel Pi\u00e9rola<\/span><\/span><\/span><\/p>\n<p class=\"western\"><span style=\"font-family: Arial,sans-serif;\"><span style=\"font-size: large;\">Quan tota la gent de la Vall del Clot se&#8217;n va pequ\u00e8 est\u00e0 farta de no rebre mai visites, els animals s&#8217;instal-len a les cases buides del poble i comencen a comportar-se com si fossin persones. Relat d\u2019humor.<\/span><\/span><\/p>\n<h1 class=\"western\">TAPA&#8217;T ELS PEUS<\/h1>\n<h2 class=\"western\"><span style=\"font-size: xx-large;\"><a href=\"http:\/\/agora.xtec.cat\/ceip-estel-stguim\/wp-content\/uploads\/usu237\/2016\/02\/9788466100854.jpg\"><img loading=\"lazy\" decoding=\"async\" class=\" size-full wp-image-452 alignright\" src=\"http:\/\/agora.xtec.cat\/ceip-estel-stguim\/wp-content\/uploads\/usu237\/2016\/02\/9788466100854.jpg\" alt=\"9788466100854\" width=\"143\" height=\"227\" \/><\/a><\/span><\/h2>\n<p class=\"western\">AUTOR: <span style=\"color: #0c8fce;\"><u><a href=\"http:\/\/www.llibrerialagralla.cat\/product\/179138\/tapat-els-peus-vaixell-de-vapor-blau-95\/by\/gorriz-josep\">GORRIZ, JOSEP<\/a><\/u><\/span> <span style=\"color: #0c8fce;\"><u><a href=\"http:\/\/www.llibrerialagralla.cat\/brand\/88\/cruilla\">CRUILLA<\/a><\/u><\/span><\/p>\n<h2 class=\"western\"><\/h2>\n<p class=\"western\">IL.LUSTRADOR: <span style=\"color: #ff0000;\">PICANYOL<\/span><\/p>\n<h2 class=\"western\"><\/h2>\n<h2 class=\"western\"><\/h2>\n<p class=\"western\"><span style=\"font-family: Arial,sans-serif;\"><span style=\"font-size: large;\">\u00a0Despr\u00e9s de veure una pel\u00b7l\u00edcula de por, en Cesc se&#8217;n va a dormir; per\u00f2 es\u00a0 regira al llit i es destapa. En Peui ho aprofita per estirar-lo pels peus. I comen\u00e7a l&#8217;aventura: amb la Nat\u00e0lia i en Perot, en Cesc haur\u00e0 d&#8217;alliberar la princesa J\u00falia, i no ser\u00e0 gens f\u00e0cil. Hist\u00f2ria fant\u00e0stica.<\/span><\/span><\/p>\n","protected":false},"excerpt":{"rendered":"<p>Les b\u00e8sties de la vall del clot Autor: Andrew Matthews Il\u00b7lustrador: Mabel Pi\u00e9rola Quan tota la gent de la Vall [&hellip;]<\/p>\n","protected":false},"author":1,"featured_media":453,"comment_status":"open","ping_status":"open","sticky":false,"template":"","format":"standard","meta":{"_bbp_topic_count":0,"_bbp_reply_count":0,"_bbp_total_topic_count":0,"_bbp_total_reply_count":0,"_bbp_voice_count":0,"_bbp_anonymous_reply_count":0,"_bbp_topic_count_hidden":0,"_bbp_reply_count_hidden":0,"_bbp_forum_subforum_count":0,"site-sidebar-layout":"default","site-content-layout":"","ast-site-content-layout":"","site-content-style":"default","site-sidebar-style":"default","ast-global-header-display":"","ast-banner-title-visibility":"","ast-main-header-display":"","ast-hfb-above-header-display":"","ast-hfb-below-header-display":"","ast-hfb-mobile-header-display":"","site-post-title":"","ast-breadcrumbs-content":"","ast-featured-img":"","footer-sml-layout":"","theme-transparent-header-meta":"","adv-header-id-meta":"","stick-header-meta":"","header-above-stick-meta":"","header-main-stick-meta":"","header-below-stick-meta":"","astra-migrate-meta-layouts":"default","ast-page-background-enabled":"default","ast-page-background-meta":{"desktop":{"background-color":"var(--ast-global-color-4)","background-image":"","background-repeat":"repeat","background-position":"center center","background-size":"auto","background-attachment":"scroll","background-type":"","background-media":"","overlay-type":"","overlay-color":"","overlay-opacity":"","overlay-gradient":""},"tablet":{"background-color":"","background-image":"","background-repeat":"repeat","background-position":"center center","background-size":"auto","background-attachment":"scroll","background-type":"","background-media":"","overlay-type":"","overlay-color":"","overlay-opacity":"","overlay-gradient":""},"mobile":{"background-color":"","background-image":"","background-repeat":"repeat","background-position":"center center","background-size":"auto","background-attachment":"scroll","background-type":"","background-media":"","overlay-type":"","overlay-color":"","overlay-opacity":"","overlay-gradient":""}},"ast-content-background-meta":{"desktop":{"background-color":"var(--ast-global-color-5)","background-image":"","background-repeat":"repeat","background-position":"center center","background-size":"auto","background-attachment":"scroll","background-type":"","background-media":"","overlay-type":"","overlay-color":"","overlay-opacity":"","overlay-gradient":""},"tablet":{"background-color":"var(--ast-global-color-5)","background-image":"","background-repeat":"repeat","background-position":"center center","background-size":"auto","background-attachment":"scroll","background-type":"","background-media":"","overlay-type":"","overlay-color":"","overlay-opacity":"","overlay-gradient":""},"mobile":{"background-color":"var(--ast-global-color-5)","background-image":"","background-repeat":"repeat","background-position":"center center","background-size":"auto","background-attachment":"scroll","background-type":"","background-media":"","overlay-type":"","overlay-color":"","overlay-opacity":"","overlay-gradient":""}},"footnotes":""},"categories":[41],"tags":[],"class_list":["post-450","post","type-post","status-publish","format-standard","has-post-thumbnail","hentry","category-biblioteca"],"post_mailing_queue_ids":[],"_links":{"self":[{"href":"https:\/\/agora.xtec.cat\/ceip-estel-stguim\/wp-json\/wp\/v2\/posts\/450","targetHints":{"allow":["GET"]}}],"collection":[{"href":"https:\/\/agora.xtec.cat\/ceip-estel-stguim\/wp-json\/wp\/v2\/posts"}],"about":[{"href":"https:\/\/agora.xtec.cat\/ceip-estel-stguim\/wp-json\/wp\/v2\/types\/post"}],"author":[{"embeddable":true,"href":"https:\/\/agora.xtec.cat\/ceip-estel-stguim\/wp-json\/wp\/v2\/users\/1"}],"replies":[{"embeddable":true,"href":"https:\/\/agora.xtec.cat\/ceip-estel-stguim\/wp-json\/wp\/v2\/comments?post=450"}],"version-history":[{"count":2,"href":"https:\/\/agora.xtec.cat\/ceip-estel-stguim\/wp-json\/wp\/v2\/posts\/450\/revisions"}],"predecessor-version":[{"id":455,"href":"https:\/\/agora.xtec.cat\/ceip-estel-stguim\/wp-json\/wp\/v2\/posts\/450\/revisions\/455"}],"wp:featuredmedia":[{"embeddable":true,"href":"https:\/\/agora.xtec.cat\/ceip-estel-stguim\/wp-json\/wp\/v2\/media\/453"}],"wp:attachment":[{"href":"https:\/\/agora.xtec.cat\/ceip-estel-stguim\/wp-json\/wp\/v2\/media?parent=450"}],"wp:term":[{"taxonomy":"category","embeddable":true,"href":"https:\/\/agora.xtec.cat\/ceip-estel-stguim\/wp-json\/wp\/v2\/categories?post=450"},{"taxonomy":"post_tag","embeddable":true,"href":"https:\/\/agora.xtec.cat\/ceip-estel-stguim\/wp-json\/wp\/v2\/tags?post=450"}],"curies":[{"name":"wp","href":"https:\/\/api.w.org\/{rel}","templated":true}]}}