{"id":4070,"date":"2019-01-31T13:48:49","date_gmt":"2019-01-31T12:48:49","guid":{"rendered":"http:\/\/agora.xtec.cat\/ceip-estel-stguim\/?p=4070"},"modified":"2022-01-11T14:59:26","modified_gmt":"2022-01-11T13:59:26","slug":"gimcana-de-gep","status":"publish","type":"post","link":"https:\/\/agora.xtec.cat\/ceip-estel-stguim\/portada\/gimcana-de-gep\/","title":{"rendered":"Gimcana de GEP"},"content":{"rendered":"<p lang=\"zxx\" align=\"left\"><span style=\"color: #000000;\"><span style=\"font-family: Arial, sans-serif;\"><span style=\"font-size: x-large;\">El passat divendres 25 de gener l&#8217;escola L&#8217;estel, va celebrar un <i>&#8220;English Morning&#8221;<\/i>, \u00e9s a dir, un mat\u00ed d&#8217;activitats en llengua anglesa.<\/span><\/span><\/span><\/p>\n<p lang=\"zxx\" align=\"left\"><span style=\"color: #000000;\"><span style=\"font-family: Arial, sans-serif;\"><span style=\"font-size: x-large;\">En aquesta ocasi\u00f3 totes les activitats van girar entorn a l&#8217;artista estadounidenc Andy Warhol. L&#8217;estil d&#8217;aquest pintor \u00e9s l&#8217; anomenat Pop Art el qual, consisteix en utilitzar colors vius en contrast amb fons de colors foscos (negres, grisos&#8230;)<\/span><\/span><\/span><\/p>\n<p lang=\"zxx\" align=\"left\"><span style=\"color: #000000;\"><span style=\"font-family: Arial, sans-serif;\"><span style=\"font-size: x-large;\">A primera hora ens vam reunir tots al menjador de l&#8217;escola per visualitzar un power point que ens va introduir en el m\u00f3n del Pop Art i de l&#8217;Andy Warhol.<\/span><\/span><\/span><\/p>\n<p lang=\"zxx\" align=\"left\"><span style=\"color: #000000;\"><span style=\"font-family: Arial, sans-serif;\"><span style=\"font-size: x-large;\">Seguidament els alumnes i les alumnes es van distribuir en tallers. <\/span><\/span><\/span><\/p>\n<p lang=\"zxx\" align=\"left\"><span style=\"color: #000000;\"><span style=\"font-family: Arial, sans-serif;\"><span style=\"font-size: x-large;\">Concretament en aquests tres:<\/span><\/span><\/span><\/p>\n<p lang=\"zxx\" align=\"left\"><span style=\"color: #000000;\"><span style=\"font-family: Arial, sans-serif;\"><span style=\"font-size: x-large;\"><b>1.- Taller de les flors.<\/b><\/span><\/span><\/span><\/p>\n<p lang=\"zxx\" align=\"left\"><span style=\"color: #000000;\"><span style=\"font-family: Arial, sans-serif;\"><span style=\"font-size: x-large;\">Sobre una cartolina negra es van dibuixar flors grans i vistoses imitant l&#8217;estil Warhol.<\/span><\/span><\/span><\/p>\n<p lang=\"zxx\" align=\"left\"><span style=\"color: #000000;\"><span style=\"font-family: Arial, sans-serif;\"><span style=\"font-size: x-large;\"><b>2.- Taller de les llaunes.<\/b><\/span><\/span><\/span><\/p>\n<p lang=\"zxx\" align=\"left\"><span style=\"color: #000000;\"><span style=\"font-family: Arial, sans-serif;\"><span style=\"font-size: x-large;\">Sobre una cartolina blanca dividida en quatre parts iguals, s&#8217;hi van dibuixar quatre llaunes id\u00e8ntiques i les van haver de decorar de manera diferent.<\/span><\/span><\/span><\/p>\n<p lang=\"zxx\" align=\"left\"><span style=\"color: #000000;\"><span style=\"font-family: Arial, sans-serif;\"><span style=\"font-size: x-large;\"><b>3.- Taller de les cares.<\/b><\/span><\/span><\/span><\/p>\n<p lang=\"zxx\" align=\"left\"><span style=\"color: #000000;\"><span style=\"font-family: Arial, sans-serif;\"><span style=\"font-size: x-large;\">A partir d&#8217;una foto en blanc i negre de l&#8217;alumne, calia pintar les diferents parts de la cara amb els colors caracter\u00edstics del Pop Art.<\/span><\/span><\/span><\/p>\n<p lang=\"zxx\" align=\"left\"><span style=\"color: #000000;\"><span style=\"font-family: Arial, sans-serif;\"><span style=\"font-size: x-large;\">Els alumnes de prim\u00e0ria es van agrupar i repartir en dos grups per cada cicle.<\/span><\/span><\/span><\/p>\n<p lang=\"zxx\" align=\"left\"><span style=\"color: #000000;\"><span style=\"font-family: Arial, sans-serif;\"><span style=\"font-size: x-large;\">Durant aquest mat\u00ed, tot treballant en angl\u00e8s, van poder con\u00e8ixer i reproduir algunes de les seves obres.<\/span><\/span><\/span><\/p>\n<p lang=\"zxx\" align=\"left\"><span style=\"color: #000000;\"><span style=\"font-family: Arial, sans-serif;\"><span style=\"font-size: x-large;\">Si cliqueu aquest enlla\u00e7, podreu veure algunes de les imatges d&#8217;aquesta jornada.<\/span><\/span><\/span><\/p>\n<p lang=\"zxx\" align=\"left\"><span style=\"color: #000000;\"><span style=\"font-family: Arial, sans-serif;\"><span style=\"font-size: x-large;\"><span style=\"color: #ff3333;\">Last Friday, January 25<\/span><span style=\"color: #ff3333;\">th<\/span><span style=\"color: #ff3333;\">, the school L&#8217;estel held an &#8220;English Morning&#8221;, that is, a morning of activities in the English language.<br \/>\nOn this occasion, all the activities revolved around the American artist Andy Warhol. The style of this painter is called Pop Art, which consists in using <\/span><span style=\"color: #ff3333;\">bright<\/span><span style=\"color: #ff3333;\"> colors in contrast to backgrounds of dark colors (black, gray &#8230;)<\/span><\/span><\/span><\/span><\/p>\n<p>In the first hour we all gathered in the dining room of the school to see a power point that introduced us to the world of Pop Art and Andy Warhol.<br \/>\n<span style=\"color: #ff3333;\">Next, the students were distributed in workshops.<br \/>\nSpecifically in these three <\/span><span style=\"color: #ff3333;\">ones<\/span><span style=\"color: #ff3333;\">:<br \/>\n<\/span><span style=\"color: #ff3333;\"><b>1.- Workshop of flowers.<\/b><\/span><span style=\"color: #ff3333;\"><br \/>\nOn a black card, big and colorful flowers were drawn imitating the Warhol style.<br \/>\n<\/span><span style=\"color: #ff3333;\"><b>2.- Workshop of cans.<\/b><\/span><span style=\"color: #ff3333;\"><br \/>\nOn a white card divided into four equal parts, four identical cans were drawn and they had to be decorated differently.<br \/>\n<\/span><span style=\"color: #ff3333;\"><b>3.- Workshop of faces.<\/b><\/span><span style=\"color: #ff3333;\"><br \/>\nFrom a black and white photo of the student, it was necessary to paint the different parts of the face with the characteristic colors of Pop Art.<br \/>\nPrimary students were grouped and divided into two groups for each cycle.<\/span><\/p>\n<p>During this morning, while working in English, they could <span style=\"color: #ff3333;\">know<\/span><span style=\"color: #ff3333;\"> and reproduce some of <\/span><span style=\"color: #ff3333;\">Warhol&#8217;s<\/span><span style=\"color: #ff3333;\"> works.<\/span><\/p>\n<p lang=\"zxx\" align=\"left\"><span style=\"color: #000000;\"><span style=\"font-family: Arial, sans-serif;\"><span style=\"font-size: x-large;\"><span style=\"color: #ff3333;\"><br \/>\nIf you click on this link, you will see some of the images of th<\/span><span style=\"color: #ff3333;\">at<\/span><span style=\"color: #ff3333;\"> day.<\/span><\/span><\/span><\/span><\/p>\n<p><a href=\"https:\/\/photos.app.goo.gl\/ZHoiPwGE3PPUy7Cu9\"><img loading=\"lazy\" decoding=\"async\" class=\"alignnone size-full wp-image-4071\" src=\"https:\/\/agora.xtec.cat\/ceip-estel-stguim\/wp-content\/uploads\/usu237\/2019\/01\/IMG_0104.jpg\" alt=\"\" width=\"800\" height=\"600\" srcset=\"https:\/\/agora.xtec.cat\/ceip-estel-stguim\/wp-content\/uploads\/usu237\/2019\/01\/IMG_0104.jpg 800w, https:\/\/agora.xtec.cat\/ceip-estel-stguim\/wp-content\/uploads\/usu237\/2019\/01\/IMG_0104-300x225.jpg 300w, https:\/\/agora.xtec.cat\/ceip-estel-stguim\/wp-content\/uploads\/usu237\/2019\/01\/IMG_0104-768x576.jpg 768w, https:\/\/agora.xtec.cat\/ceip-estel-stguim\/wp-content\/uploads\/usu237\/2019\/01\/IMG_0104-200x150.jpg 200w\" sizes=\"auto, (max-width: 800px) 100vw, 800px\" \/><\/a><\/p>\n","protected":false},"excerpt":{"rendered":"<p>El passat divendres 25 de gener l&#8217;escola L&#8217;estel, va celebrar un &#8220;English Morning&#8221;, \u00e9s a dir, un mat\u00ed d&#8217;activitats en [&hellip;]<\/p>\n","protected":false},"author":1,"featured_media":4071,"comment_status":"open","ping_status":"closed","sticky":false,"template":"","format":"standard","meta":{"_bbp_topic_count":0,"_bbp_reply_count":0,"_bbp_total_topic_count":0,"_bbp_total_reply_count":0,"_bbp_voice_count":0,"_bbp_anonymous_reply_count":0,"_bbp_topic_count_hidden":0,"_bbp_reply_count_hidden":0,"_bbp_forum_subforum_count":0,"site-sidebar-layout":"default","site-content-layout":"","ast-site-content-layout":"","site-content-style":"default","site-sidebar-style":"default","ast-global-header-display":"","ast-banner-title-visibility":"","ast-main-header-display":"","ast-hfb-above-header-display":"","ast-hfb-below-header-display":"","ast-hfb-mobile-header-display":"","site-post-title":"","ast-breadcrumbs-content":"","ast-featured-img":"","footer-sml-layout":"","theme-transparent-header-meta":"","adv-header-id-meta":"","stick-header-meta":"","header-above-stick-meta":"","header-main-stick-meta":"","header-below-stick-meta":"","astra-migrate-meta-layouts":"default","ast-page-background-enabled":"default","ast-page-background-meta":{"desktop":{"background-color":"var(--ast-global-color-4)","background-image":"","background-repeat":"repeat","background-position":"center center","background-size":"auto","background-attachment":"scroll","background-type":"","background-media":"","overlay-type":"","overlay-color":"","overlay-opacity":"","overlay-gradient":""},"tablet":{"background-color":"","background-image":"","background-repeat":"repeat","background-position":"center center","background-size":"auto","background-attachment":"scroll","background-type":"","background-media":"","overlay-type":"","overlay-color":"","overlay-opacity":"","overlay-gradient":""},"mobile":{"background-color":"","background-image":"","background-repeat":"repeat","background-position":"center center","background-size":"auto","background-attachment":"scroll","background-type":"","background-media":"","overlay-type":"","overlay-color":"","overlay-opacity":"","overlay-gradient":""}},"ast-content-background-meta":{"desktop":{"background-color":"var(--ast-global-color-5)","background-image":"","background-repeat":"repeat","background-position":"center center","background-size":"auto","background-attachment":"scroll","background-type":"","background-media":"","overlay-type":"","overlay-color":"","overlay-opacity":"","overlay-gradient":""},"tablet":{"background-color":"var(--ast-global-color-5)","background-image":"","background-repeat":"repeat","background-position":"center center","background-size":"auto","background-attachment":"scroll","background-type":"","background-media":"","overlay-type":"","overlay-color":"","overlay-opacity":"","overlay-gradient":""},"mobile":{"background-color":"var(--ast-global-color-5)","background-image":"","background-repeat":"repeat","background-position":"center center","background-size":"auto","background-attachment":"scroll","background-type":"","background-media":"","overlay-type":"","overlay-color":"","overlay-opacity":"","overlay-gradient":""}},"footnotes":""},"categories":[10,11,12,13,14,15,35,34,36,128,37,4],"tags":[],"class_list":["post-4070","post","type-post","status-publish","format-standard","has-post-thumbnail","hentry","category-1r","category-2n","category-3r","category-4t","category-5e","category-6e","category-cicle-superior","category-cicle-mitja","category-cice-inicial","category-english","category-gep","category-portada"],"post_mailing_queue_ids":[],"_links":{"self":[{"href":"https:\/\/agora.xtec.cat\/ceip-estel-stguim\/wp-json\/wp\/v2\/posts\/4070","targetHints":{"allow":["GET"]}}],"collection":[{"href":"https:\/\/agora.xtec.cat\/ceip-estel-stguim\/wp-json\/wp\/v2\/posts"}],"about":[{"href":"https:\/\/agora.xtec.cat\/ceip-estel-stguim\/wp-json\/wp\/v2\/types\/post"}],"author":[{"embeddable":true,"href":"https:\/\/agora.xtec.cat\/ceip-estel-stguim\/wp-json\/wp\/v2\/users\/1"}],"replies":[{"embeddable":true,"href":"https:\/\/agora.xtec.cat\/ceip-estel-stguim\/wp-json\/wp\/v2\/comments?post=4070"}],"version-history":[{"count":3,"href":"https:\/\/agora.xtec.cat\/ceip-estel-stguim\/wp-json\/wp\/v2\/posts\/4070\/revisions"}],"predecessor-version":[{"id":7390,"href":"https:\/\/agora.xtec.cat\/ceip-estel-stguim\/wp-json\/wp\/v2\/posts\/4070\/revisions\/7390"}],"wp:featuredmedia":[{"embeddable":true,"href":"https:\/\/agora.xtec.cat\/ceip-estel-stguim\/wp-json\/wp\/v2\/media\/4071"}],"wp:attachment":[{"href":"https:\/\/agora.xtec.cat\/ceip-estel-stguim\/wp-json\/wp\/v2\/media?parent=4070"}],"wp:term":[{"taxonomy":"category","embeddable":true,"href":"https:\/\/agora.xtec.cat\/ceip-estel-stguim\/wp-json\/wp\/v2\/categories?post=4070"},{"taxonomy":"post_tag","embeddable":true,"href":"https:\/\/agora.xtec.cat\/ceip-estel-stguim\/wp-json\/wp\/v2\/tags?post=4070"}],"curies":[{"name":"wp","href":"https:\/\/api.w.org\/{rel}","templated":true}]}}