{"id":3885,"date":"2018-11-15T16:36:29","date_gmt":"2018-11-15T15:36:29","guid":{"rendered":"http:\/\/agora.xtec.cat\/ceip-estel-stguim\/?p=3885"},"modified":"2018-11-15T16:36:39","modified_gmt":"2018-11-15T15:36:39","slug":"formacio-jornada-sensibilitzacio-fundacio-johan-cruyff","status":"publish","type":"post","link":"https:\/\/agora.xtec.cat\/ceip-estel-stguim\/general\/formacio-jornada-sensibilitzacio-fundacio-johan-cruyff\/","title":{"rendered":"Jornada sensibilitzaci\u00f3 Fundaci\u00f3 Johan Cruyff"},"content":{"rendered":"<p align=\"justify\"><span style=\"color: #000000;\"><span style=\"font-size: large;\">El dia 30 d\u2019octubre de 2018, els alumnes de 5\u00e8 i 6\u00e8 vam rebre la visita de l\u2019Ester Eroles de la Fundaci\u00f3 Johan Cruyff. Despr\u00e9s d&#8217;una petita part te\u00f2rica, ens va prepara<a href=\"https:\/\/www.cruyff-foundation.org\/es\/\"><img loading=\"lazy\" decoding=\"async\" class=\"wp-image-3888 alignleft\" src=\"https:\/\/agora.xtec.cat\/ceip-estel-stguim\/wp-content\/uploads\/usu237\/2018\/11\/\u00edndex.jpeg\" alt=\"\" width=\"152\" height=\"152\" srcset=\"https:\/\/agora.xtec.cat\/ceip-estel-stguim\/wp-content\/uploads\/usu237\/2018\/11\/\u00edndex.jpeg 225w, https:\/\/agora.xtec.cat\/ceip-estel-stguim\/wp-content\/uploads\/usu237\/2018\/11\/\u00edndex-150x150.jpeg 150w\" sizes=\"auto, (max-width: 152px) 100vw, 152px\" \/><\/a>r uns esports per persones amb discapacitats. El primer era el goalball, que es juga 3 contra 3, i que consisteix en qu\u00e8 est\u00e0s amb els ulls tancat, has de tirar una pilota que porta uns cascabells a dins i el porter ha de guiar-se per l\u2019o\u00efda. En segon lloc el voleibol. Per\u00f2 aquest esport no \u00e9s igual que el normal perqu\u00e8 en lloc d\u2019estar dret est\u00e0s amb el cul a terra per simular la situaci\u00f3 d&#8217;un discapacitat. En tercer lloc, el basketball, que tampoc era igual que el normal perqu\u00e8 era especial per els qui tenen discapacitats f\u00edsiques. Jug\u00e0vem a b\u00e0squet 3&#215;3 amb cadires de rodes, tots menys una persona de cada equip que estava dreta. L\u2019\u00faltima activitat era adaptada pels que tenen s\u00edndrome de down o discapacitats intel\u00b7lectuals, i que consistia en una carrera d\u2019obstacles en qu\u00e8 les normes eren amb diferents idiomes.<\/span><\/span><\/p>\n<p align=\"justify\"><a href=\"https:\/\/photos.app.goo.gl\/XdXPoJKtfB4aNqGc8\"><img loading=\"lazy\" decoding=\"async\" class=\"aligncenter wp-image-3887\" src=\"https:\/\/agora.xtec.cat\/ceip-estel-stguim\/wp-content\/uploads\/usu237\/2018\/11\/reduida-1024x768.jpg\" alt=\"\" width=\"300\" height=\"225\" srcset=\"https:\/\/agora.xtec.cat\/ceip-estel-stguim\/wp-content\/uploads\/usu237\/2018\/11\/reduida-1024x768.jpg 1024w, https:\/\/agora.xtec.cat\/ceip-estel-stguim\/wp-content\/uploads\/usu237\/2018\/11\/reduida-300x225.jpg 300w, https:\/\/agora.xtec.cat\/ceip-estel-stguim\/wp-content\/uploads\/usu237\/2018\/11\/reduida-768x576.jpg 768w, https:\/\/agora.xtec.cat\/ceip-estel-stguim\/wp-content\/uploads\/usu237\/2018\/11\/reduida-200x150.jpg 200w, https:\/\/agora.xtec.cat\/ceip-estel-stguim\/wp-content\/uploads\/usu237\/2018\/11\/reduida.jpg 1248w\" sizes=\"auto, (max-width: 300px) 100vw, 300px\" \/><\/a><\/p>\n","protected":false},"excerpt":{"rendered":"<p>El dia 30 d\u2019octubre de 2018, els alumnes de 5\u00e8 i 6\u00e8 vam rebre la visita de l\u2019Ester Eroles de [&hellip;]<\/p>\n","protected":false},"author":1,"featured_media":3887,"comment_status":"open","ping_status":"closed","sticky":false,"template":"","format":"standard","meta":{"_bbp_topic_count":0,"_bbp_reply_count":0,"_bbp_total_topic_count":0,"_bbp_total_reply_count":0,"_bbp_voice_count":0,"_bbp_anonymous_reply_count":0,"_bbp_topic_count_hidden":0,"_bbp_reply_count_hidden":0,"_bbp_forum_subforum_count":0,"site-sidebar-layout":"default","site-content-layout":"","ast-site-content-layout":"","site-content-style":"default","site-sidebar-style":"default","ast-global-header-display":"","ast-banner-title-visibility":"","ast-main-header-display":"","ast-hfb-above-header-display":"","ast-hfb-below-header-display":"","ast-hfb-mobile-header-display":"","site-post-title":"","ast-breadcrumbs-content":"","ast-featured-img":"","footer-sml-layout":"","theme-transparent-header-meta":"","adv-header-id-meta":"","stick-header-meta":"","header-above-stick-meta":"","header-main-stick-meta":"","header-below-stick-meta":"","astra-migrate-meta-layouts":"default","ast-page-background-enabled":"default","ast-page-background-meta":{"desktop":{"background-color":"var(--ast-global-color-4)","background-image":"","background-repeat":"repeat","background-position":"center center","background-size":"auto","background-attachment":"scroll","background-type":"","background-media":"","overlay-type":"","overlay-color":"","overlay-opacity":"","overlay-gradient":""},"tablet":{"background-color":"","background-image":"","background-repeat":"repeat","background-position":"center center","background-size":"auto","background-attachment":"scroll","background-type":"","background-media":"","overlay-type":"","overlay-color":"","overlay-opacity":"","overlay-gradient":""},"mobile":{"background-color":"","background-image":"","background-repeat":"repeat","background-position":"center center","background-size":"auto","background-attachment":"scroll","background-type":"","background-media":"","overlay-type":"","overlay-color":"","overlay-opacity":"","overlay-gradient":""}},"ast-content-background-meta":{"desktop":{"background-color":"var(--ast-global-color-5)","background-image":"","background-repeat":"repeat","background-position":"center center","background-size":"auto","background-attachment":"scroll","background-type":"","background-media":"","overlay-type":"","overlay-color":"","overlay-opacity":"","overlay-gradient":""},"tablet":{"background-color":"var(--ast-global-color-5)","background-image":"","background-repeat":"repeat","background-position":"center center","background-size":"auto","background-attachment":"scroll","background-type":"","background-media":"","overlay-type":"","overlay-color":"","overlay-opacity":"","overlay-gradient":""},"mobile":{"background-color":"var(--ast-global-color-5)","background-image":"","background-repeat":"repeat","background-position":"center center","background-size":"auto","background-attachment":"scroll","background-type":"","background-media":"","overlay-type":"","overlay-color":"","overlay-opacity":"","overlay-gradient":""}},"footnotes":""},"categories":[14,15,35,38,1,4],"tags":[],"class_list":["post-3885","post","type-post","status-publish","format-standard","has-post-thumbnail","hentry","category-5e","category-6e","category-cicle-superior","category-pcee","category-general","category-portada"],"post_mailing_queue_ids":[],"_links":{"self":[{"href":"https:\/\/agora.xtec.cat\/ceip-estel-stguim\/wp-json\/wp\/v2\/posts\/3885","targetHints":{"allow":["GET"]}}],"collection":[{"href":"https:\/\/agora.xtec.cat\/ceip-estel-stguim\/wp-json\/wp\/v2\/posts"}],"about":[{"href":"https:\/\/agora.xtec.cat\/ceip-estel-stguim\/wp-json\/wp\/v2\/types\/post"}],"author":[{"embeddable":true,"href":"https:\/\/agora.xtec.cat\/ceip-estel-stguim\/wp-json\/wp\/v2\/users\/1"}],"replies":[{"embeddable":true,"href":"https:\/\/agora.xtec.cat\/ceip-estel-stguim\/wp-json\/wp\/v2\/comments?post=3885"}],"version-history":[{"count":3,"href":"https:\/\/agora.xtec.cat\/ceip-estel-stguim\/wp-json\/wp\/v2\/posts\/3885\/revisions"}],"predecessor-version":[{"id":3890,"href":"https:\/\/agora.xtec.cat\/ceip-estel-stguim\/wp-json\/wp\/v2\/posts\/3885\/revisions\/3890"}],"wp:featuredmedia":[{"embeddable":true,"href":"https:\/\/agora.xtec.cat\/ceip-estel-stguim\/wp-json\/wp\/v2\/media\/3887"}],"wp:attachment":[{"href":"https:\/\/agora.xtec.cat\/ceip-estel-stguim\/wp-json\/wp\/v2\/media?parent=3885"}],"wp:term":[{"taxonomy":"category","embeddable":true,"href":"https:\/\/agora.xtec.cat\/ceip-estel-stguim\/wp-json\/wp\/v2\/categories?post=3885"},{"taxonomy":"post_tag","embeddable":true,"href":"https:\/\/agora.xtec.cat\/ceip-estel-stguim\/wp-json\/wp\/v2\/tags?post=3885"}],"curies":[{"name":"wp","href":"https:\/\/api.w.org\/{rel}","templated":true}]}}