{"id":3797,"date":"2018-10-10T13:41:16","date_gmt":"2018-10-10T11:41:16","guid":{"rendered":"http:\/\/agora.xtec.cat\/ceip-estel-stguim\/?p=3797"},"modified":"2018-10-10T13:41:16","modified_gmt":"2018-10-10T11:41:16","slug":"sant-sadurni-danoia","status":"publish","type":"post","link":"https:\/\/agora.xtec.cat\/ceip-estel-stguim\/portada\/sant-sadurni-danoia\/","title":{"rendered":"SANT SADURN\u00cd D&#8217;ANOIA"},"content":{"rendered":"<p>&nbsp;<\/p>\n<p>Quantes coses v\u00e0rem aprendre els de cicle inicial a la sortida a Sant Sadurn\u00ed d\u2019Anoia!<\/p>\n<p>Sab\u00edeu que el cacau per fer la xocolata no es conrea al nostre pa\u00eds i ha de portar-se en vaixell d\u2019\u00c0frica o d\u2019Am\u00e8rica?<\/p>\n<p>I que els llevats es mengen el sucre del most i el converteixen en vi al cap de 20 o 22 dies?<\/p>\n<p>Tot aix\u00f2 i molt m\u00e9s ho vam veure de molt a prop. Pot ser no ho recordarem tot per\u00f2 sempre recordarem com ens vam emocionar al descobrir-ho i la il\u00b7lusi\u00f3 que hi posaven les que ens ho van explicar.<\/p>\n<p>&#8230;. i per sort gaireb\u00e9 no ens va ploure!<\/p>\n<p>Cliqueu a la imatge per veure la resta de fotos:<\/p>\n<p><a href=\"https:\/\/photos.app.goo.gl\/kfvmbNZhakeziHY46\"><img loading=\"lazy\" decoding=\"async\" class=\"aligncenter wp-image-3798 size-medium\" src=\"https:\/\/agora.xtec.cat\/ceip-estel-stguim\/wp-content\/uploads\/usu237\/2018\/10\/IMG_1605-300x225.jpg\" alt=\"\" width=\"300\" height=\"225\" srcset=\"https:\/\/agora.xtec.cat\/ceip-estel-stguim\/wp-content\/uploads\/usu237\/2018\/10\/IMG_1605-300x225.jpg 300w, https:\/\/agora.xtec.cat\/ceip-estel-stguim\/wp-content\/uploads\/usu237\/2018\/10\/IMG_1605-768x576.jpg 768w, https:\/\/agora.xtec.cat\/ceip-estel-stguim\/wp-content\/uploads\/usu237\/2018\/10\/IMG_1605-200x150.jpg 200w, https:\/\/agora.xtec.cat\/ceip-estel-stguim\/wp-content\/uploads\/usu237\/2018\/10\/IMG_1605.jpg 800w\" sizes=\"auto, (max-width: 300px) 100vw, 300px\" \/><\/a><\/p>\n<p>&nbsp;<\/p>\n","protected":false},"excerpt":{"rendered":"<p>&nbsp; Quantes coses v\u00e0rem aprendre els de cicle inicial a la sortida a Sant Sadurn\u00ed d\u2019Anoia! Sab\u00edeu que el cacau [&hellip;]<\/p>\n","protected":false},"author":16,"featured_media":3798,"comment_status":"open","ping_status":"closed","sticky":false,"template":"","format":"standard","meta":{"_bbp_topic_count":0,"_bbp_reply_count":0,"_bbp_total_topic_count":0,"_bbp_total_reply_count":0,"_bbp_voice_count":0,"_bbp_anonymous_reply_count":0,"_bbp_topic_count_hidden":0,"_bbp_reply_count_hidden":0,"_bbp_forum_subforum_count":0,"site-sidebar-layout":"default","site-content-layout":"","ast-site-content-layout":"","site-content-style":"default","site-sidebar-style":"default","ast-global-header-display":"","ast-banner-title-visibility":"","ast-main-header-display":"","ast-hfb-above-header-display":"","ast-hfb-below-header-display":"","ast-hfb-mobile-header-display":"","site-post-title":"","ast-breadcrumbs-content":"","ast-featured-img":"","footer-sml-layout":"","theme-transparent-header-meta":"","adv-header-id-meta":"","stick-header-meta":"","header-above-stick-meta":"","header-main-stick-meta":"","header-below-stick-meta":"","astra-migrate-meta-layouts":"default","ast-page-background-enabled":"default","ast-page-background-meta":{"desktop":{"background-color":"var(--ast-global-color-4)","background-image":"","background-repeat":"repeat","background-position":"center center","background-size":"auto","background-attachment":"scroll","background-type":"","background-media":"","overlay-type":"","overlay-color":"","overlay-opacity":"","overlay-gradient":""},"tablet":{"background-color":"","background-image":"","background-repeat":"repeat","background-position":"center center","background-size":"auto","background-attachment":"scroll","background-type":"","background-media":"","overlay-type":"","overlay-color":"","overlay-opacity":"","overlay-gradient":""},"mobile":{"background-color":"","background-image":"","background-repeat":"repeat","background-position":"center center","background-size":"auto","background-attachment":"scroll","background-type":"","background-media":"","overlay-type":"","overlay-color":"","overlay-opacity":"","overlay-gradient":""}},"ast-content-background-meta":{"desktop":{"background-color":"var(--ast-global-color-5)","background-image":"","background-repeat":"repeat","background-position":"center center","background-size":"auto","background-attachment":"scroll","background-type":"","background-media":"","overlay-type":"","overlay-color":"","overlay-opacity":"","overlay-gradient":""},"tablet":{"background-color":"var(--ast-global-color-5)","background-image":"","background-repeat":"repeat","background-position":"center center","background-size":"auto","background-attachment":"scroll","background-type":"","background-media":"","overlay-type":"","overlay-color":"","overlay-opacity":"","overlay-gradient":""},"mobile":{"background-color":"var(--ast-global-color-5)","background-image":"","background-repeat":"repeat","background-position":"center center","background-size":"auto","background-attachment":"scroll","background-type":"","background-media":"","overlay-type":"","overlay-color":"","overlay-opacity":"","overlay-gradient":""}},"footnotes":""},"categories":[10,11,36,4],"tags":[],"class_list":["post-3797","post","type-post","status-publish","format-standard","has-post-thumbnail","hentry","category-1r","category-2n","category-cice-inicial","category-portada"],"post_mailing_queue_ids":[],"_links":{"self":[{"href":"https:\/\/agora.xtec.cat\/ceip-estel-stguim\/wp-json\/wp\/v2\/posts\/3797","targetHints":{"allow":["GET"]}}],"collection":[{"href":"https:\/\/agora.xtec.cat\/ceip-estel-stguim\/wp-json\/wp\/v2\/posts"}],"about":[{"href":"https:\/\/agora.xtec.cat\/ceip-estel-stguim\/wp-json\/wp\/v2\/types\/post"}],"author":[{"embeddable":true,"href":"https:\/\/agora.xtec.cat\/ceip-estel-stguim\/wp-json\/wp\/v2\/users\/16"}],"replies":[{"embeddable":true,"href":"https:\/\/agora.xtec.cat\/ceip-estel-stguim\/wp-json\/wp\/v2\/comments?post=3797"}],"version-history":[{"count":1,"href":"https:\/\/agora.xtec.cat\/ceip-estel-stguim\/wp-json\/wp\/v2\/posts\/3797\/revisions"}],"predecessor-version":[{"id":3799,"href":"https:\/\/agora.xtec.cat\/ceip-estel-stguim\/wp-json\/wp\/v2\/posts\/3797\/revisions\/3799"}],"wp:featuredmedia":[{"embeddable":true,"href":"https:\/\/agora.xtec.cat\/ceip-estel-stguim\/wp-json\/wp\/v2\/media\/3798"}],"wp:attachment":[{"href":"https:\/\/agora.xtec.cat\/ceip-estel-stguim\/wp-json\/wp\/v2\/media?parent=3797"}],"wp:term":[{"taxonomy":"category","embeddable":true,"href":"https:\/\/agora.xtec.cat\/ceip-estel-stguim\/wp-json\/wp\/v2\/categories?post=3797"},{"taxonomy":"post_tag","embeddable":true,"href":"https:\/\/agora.xtec.cat\/ceip-estel-stguim\/wp-json\/wp\/v2\/tags?post=3797"}],"curies":[{"name":"wp","href":"https:\/\/api.w.org\/{rel}","templated":true}]}}