{"id":3553,"date":"2018-05-14T13:57:32","date_gmt":"2018-05-14T11:57:32","guid":{"rendered":"http:\/\/agora.xtec.cat\/ceip-estel-stguim\/?p=3553"},"modified":"2018-05-24T10:22:42","modified_gmt":"2018-05-24T08:22:42","slug":"sortida-cosmocaixa-taller-llum-i-color","status":"publish","type":"post","link":"https:\/\/agora.xtec.cat\/ceip-estel-stguim\/portada\/sortida-cosmocaixa-taller-llum-i-color\/","title":{"rendered":"Sortida Cosmocaixa: Taller, llum i color"},"content":{"rendered":"<p class=\"western\" lang=\"ca-ES\"><span lang=\"es-ES\">El dia 4 de maig els alumnes de Cicle Superior vam anar al Cosmocaixa per tal de fer un taller de llum i color. Tamb\u00e9 vam aprofitar per fer una visita al museu.<\/span><\/p>\n<p class=\"western\" lang=\"ca-ES\"><span lang=\"es-ES\">En el taller vam treballar conceptes com la propagaci\u00f3 de la llum, la refracci\u00f3, la reflexi\u00f3, la descomposici\u00f3 de la llum blanca en colors etc\u2026 Tot es va fer de manera experimental i els alumnes van poder entendre conceptes que d\u2019un altra manera s\u00f3n dif\u00edcils de comprendre. Els hi va agradar molt!<\/span><\/p>\n<figure id=\"attachment_3564\" aria-describedby=\"caption-attachment-3564\" style=\"width: 600px\" class=\"wp-caption aligncenter\"><a href=\"http:\/\/agora.xtec.cat\/ceip-estel-stguim\/wp-content\/uploads\/usu237\/2018\/05\/IMG_20180504_120936.jpg\"><img loading=\"lazy\" decoding=\"async\" class=\"size-full wp-image-3564\" src=\"http:\/\/agora.xtec.cat\/ceip-estel-stguim\/wp-content\/uploads\/usu237\/2018\/05\/IMG_20180504_120936.jpg\" alt=\"\" width=\"600\" height=\"800\" srcset=\"https:\/\/agora.xtec.cat\/ceip-estel-stguim\/wp-content\/uploads\/usu237\/2018\/05\/IMG_20180504_120936.jpg 600w, https:\/\/agora.xtec.cat\/ceip-estel-stguim\/wp-content\/uploads\/usu237\/2018\/05\/IMG_20180504_120936-225x300.jpg 225w\" sizes=\"auto, (max-width: 600px) 100vw, 600px\" \/><\/a><figcaption id=\"caption-attachment-3564\" class=\"wp-caption-text\">\u00bb<\/figcaption><\/figure>\n<figure id=\"attachment_3563\" aria-describedby=\"caption-attachment-3563\" style=\"width: 600px\" class=\"wp-caption aligncenter\"><a href=\"http:\/\/agora.xtec.cat\/ceip-estel-stguim\/wp-content\/uploads\/usu237\/2018\/05\/IMG_20180504_120933.jpg\"><img loading=\"lazy\" decoding=\"async\" class=\"size-full wp-image-3563\" src=\"http:\/\/agora.xtec.cat\/ceip-estel-stguim\/wp-content\/uploads\/usu237\/2018\/05\/IMG_20180504_120933.jpg\" alt=\"\" width=\"600\" height=\"800\" srcset=\"https:\/\/agora.xtec.cat\/ceip-estel-stguim\/wp-content\/uploads\/usu237\/2018\/05\/IMG_20180504_120933.jpg 600w, https:\/\/agora.xtec.cat\/ceip-estel-stguim\/wp-content\/uploads\/usu237\/2018\/05\/IMG_20180504_120933-225x300.jpg 225w\" sizes=\"auto, (max-width: 600px) 100vw, 600px\" \/><\/a><figcaption id=\"caption-attachment-3563\" class=\"wp-caption-text\">_<\/figcaption><\/figure>\n<p class=\"western\" lang=\"ca-ES\"><a href=\"http:\/\/agora.xtec.cat\/ceip-estel-stguim\/wp-content\/uploads\/usu237\/2018\/05\/IMG_20180504_120919-1.jpg\"><img loading=\"lazy\" decoding=\"async\" class=\"aligncenter size-full wp-image-3562\" src=\"http:\/\/agora.xtec.cat\/ceip-estel-stguim\/wp-content\/uploads\/usu237\/2018\/05\/IMG_20180504_120919-1.jpg\" alt=\"\" width=\"600\" height=\"800\" srcset=\"https:\/\/agora.xtec.cat\/ceip-estel-stguim\/wp-content\/uploads\/usu237\/2018\/05\/IMG_20180504_120919-1.jpg 600w, https:\/\/agora.xtec.cat\/ceip-estel-stguim\/wp-content\/uploads\/usu237\/2018\/05\/IMG_20180504_120919-1-225x300.jpg 225w\" sizes=\"auto, (max-width: 600px) 100vw, 600px\" \/><\/a><\/p>\n<figure id=\"attachment_3561\" aria-describedby=\"caption-attachment-3561\" style=\"width: 600px\" class=\"wp-caption aligncenter\"><a href=\"http:\/\/agora.xtec.cat\/ceip-estel-stguim\/wp-content\/uploads\/usu237\/2018\/05\/IMG_20180504_120830-1.jpg\"><img loading=\"lazy\" decoding=\"async\" class=\"size-full wp-image-3561\" src=\"http:\/\/agora.xtec.cat\/ceip-estel-stguim\/wp-content\/uploads\/usu237\/2018\/05\/IMG_20180504_120830-1.jpg\" alt=\"\" width=\"600\" height=\"800\" srcset=\"https:\/\/agora.xtec.cat\/ceip-estel-stguim\/wp-content\/uploads\/usu237\/2018\/05\/IMG_20180504_120830-1.jpg 600w, https:\/\/agora.xtec.cat\/ceip-estel-stguim\/wp-content\/uploads\/usu237\/2018\/05\/IMG_20180504_120830-1-225x300.jpg 225w\" sizes=\"auto, (max-width: 600px) 100vw, 600px\" \/><\/a><figcaption id=\"caption-attachment-3561\" class=\"wp-caption-text\">I<\/figcaption><\/figure>\n<figure id=\"attachment_3560\" aria-describedby=\"caption-attachment-3560\" style=\"width: 600px\" class=\"wp-caption aligncenter\"><a href=\"http:\/\/agora.xtec.cat\/ceip-estel-stguim\/wp-content\/uploads\/usu237\/2018\/05\/IMG_20180504_120822-1.jpg\"><img loading=\"lazy\" decoding=\"async\" class=\"size-full wp-image-3560\" src=\"http:\/\/agora.xtec.cat\/ceip-estel-stguim\/wp-content\/uploads\/usu237\/2018\/05\/IMG_20180504_120822-1.jpg\" alt=\"\" width=\"600\" height=\"800\" srcset=\"https:\/\/agora.xtec.cat\/ceip-estel-stguim\/wp-content\/uploads\/usu237\/2018\/05\/IMG_20180504_120822-1.jpg 600w, https:\/\/agora.xtec.cat\/ceip-estel-stguim\/wp-content\/uploads\/usu237\/2018\/05\/IMG_20180504_120822-1-225x300.jpg 225w\" sizes=\"auto, (max-width: 600px) 100vw, 600px\" \/><\/a><figcaption id=\"caption-attachment-3560\" class=\"wp-caption-text\">\u0081<\/figcaption><\/figure>\n<p><a href=\"http:\/\/agora.xtec.cat\/ceip-estel-stguim\/wp-content\/uploads\/usu237\/2018\/05\/IMG_20180504_110421.jpg\"><img loading=\"lazy\" decoding=\"async\" class=\"size-full wp-image-3559\" src=\"http:\/\/agora.xtec.cat\/ceip-estel-stguim\/wp-content\/uploads\/usu237\/2018\/05\/IMG_20180504_110421.jpg\" alt=\"\" width=\"800\" height=\"600\" srcset=\"https:\/\/agora.xtec.cat\/ceip-estel-stguim\/wp-content\/uploads\/usu237\/2018\/05\/IMG_20180504_110421.jpg 800w, https:\/\/agora.xtec.cat\/ceip-estel-stguim\/wp-content\/uploads\/usu237\/2018\/05\/IMG_20180504_110421-300x225.jpg 300w, https:\/\/agora.xtec.cat\/ceip-estel-stguim\/wp-content\/uploads\/usu237\/2018\/05\/IMG_20180504_110421-768x576.jpg 768w, https:\/\/agora.xtec.cat\/ceip-estel-stguim\/wp-content\/uploads\/usu237\/2018\/05\/IMG_20180504_110421-200x150.jpg 200w\" sizes=\"auto, (max-width: 800px) 100vw, 800px\" \/><\/a><\/p>\n<p><a href=\"http:\/\/agora.xtec.cat\/ceip-estel-stguim\/wp-content\/uploads\/usu237\/2018\/05\/PHOTO-2018-05-14-13-36-48.jpg\"><img loading=\"lazy\" decoding=\"async\" class=\"aligncenter size-large wp-image-3599\" src=\"http:\/\/agora.xtec.cat\/ceip-estel-stguim\/wp-content\/uploads\/usu237\/2018\/05\/PHOTO-2018-05-14-13-36-48-1024x614.jpg\" alt=\"\" width=\"1024\" height=\"614\" srcset=\"https:\/\/agora.xtec.cat\/ceip-estel-stguim\/wp-content\/uploads\/usu237\/2018\/05\/PHOTO-2018-05-14-13-36-48-1024x614.jpg 1024w, https:\/\/agora.xtec.cat\/ceip-estel-stguim\/wp-content\/uploads\/usu237\/2018\/05\/PHOTO-2018-05-14-13-36-48-300x180.jpg 300w, https:\/\/agora.xtec.cat\/ceip-estel-stguim\/wp-content\/uploads\/usu237\/2018\/05\/PHOTO-2018-05-14-13-36-48-768x461.jpg 768w, https:\/\/agora.xtec.cat\/ceip-estel-stguim\/wp-content\/uploads\/usu237\/2018\/05\/PHOTO-2018-05-14-13-36-48.jpg 1600w\" sizes=\"auto, (max-width: 1024px) 100vw, 1024px\" \/><\/a> <a href=\"http:\/\/agora.xtec.cat\/ceip-estel-stguim\/wp-content\/uploads\/usu237\/2018\/05\/PHOTO-2018-05-14-13-37-32.jpg\"><img loading=\"lazy\" decoding=\"async\" class=\"aligncenter size-large wp-image-3600\" src=\"http:\/\/agora.xtec.cat\/ceip-estel-stguim\/wp-content\/uploads\/usu237\/2018\/05\/PHOTO-2018-05-14-13-37-32-1024x614.jpg\" alt=\"\" width=\"1024\" height=\"614\" srcset=\"https:\/\/agora.xtec.cat\/ceip-estel-stguim\/wp-content\/uploads\/usu237\/2018\/05\/PHOTO-2018-05-14-13-37-32-1024x614.jpg 1024w, https:\/\/agora.xtec.cat\/ceip-estel-stguim\/wp-content\/uploads\/usu237\/2018\/05\/PHOTO-2018-05-14-13-37-32-300x180.jpg 300w, https:\/\/agora.xtec.cat\/ceip-estel-stguim\/wp-content\/uploads\/usu237\/2018\/05\/PHOTO-2018-05-14-13-37-32-768x461.jpg 768w, https:\/\/agora.xtec.cat\/ceip-estel-stguim\/wp-content\/uploads\/usu237\/2018\/05\/PHOTO-2018-05-14-13-37-32.jpg 1280w\" sizes=\"auto, (max-width: 1024px) 100vw, 1024px\" \/><\/a> <a href=\"http:\/\/agora.xtec.cat\/ceip-estel-stguim\/wp-content\/uploads\/usu237\/2018\/05\/PHOTO-2018-05-14-13-37-32_1.jpg\"><img loading=\"lazy\" decoding=\"async\" class=\"aligncenter size-large wp-image-3601\" src=\"http:\/\/agora.xtec.cat\/ceip-estel-stguim\/wp-content\/uploads\/usu237\/2018\/05\/PHOTO-2018-05-14-13-37-32_1-1024x614.jpg\" alt=\"\" width=\"1024\" height=\"614\" srcset=\"https:\/\/agora.xtec.cat\/ceip-estel-stguim\/wp-content\/uploads\/usu237\/2018\/05\/PHOTO-2018-05-14-13-37-32_1-1024x614.jpg 1024w, https:\/\/agora.xtec.cat\/ceip-estel-stguim\/wp-content\/uploads\/usu237\/2018\/05\/PHOTO-2018-05-14-13-37-32_1-300x180.jpg 300w, https:\/\/agora.xtec.cat\/ceip-estel-stguim\/wp-content\/uploads\/usu237\/2018\/05\/PHOTO-2018-05-14-13-37-32_1-768x461.jpg 768w, https:\/\/agora.xtec.cat\/ceip-estel-stguim\/wp-content\/uploads\/usu237\/2018\/05\/PHOTO-2018-05-14-13-37-32_1.jpg 1600w\" sizes=\"auto, (max-width: 1024px) 100vw, 1024px\" \/><\/a> <a href=\"http:\/\/agora.xtec.cat\/ceip-estel-stguim\/wp-content\/uploads\/usu237\/2018\/05\/PHOTO-2018-05-14-13-37-33.jpg\"><img loading=\"lazy\" decoding=\"async\" class=\"aligncenter size-large wp-image-3602\" src=\"http:\/\/agora.xtec.cat\/ceip-estel-stguim\/wp-content\/uploads\/usu237\/2018\/05\/PHOTO-2018-05-14-13-37-33-1024x614.jpg\" alt=\"\" width=\"1024\" height=\"614\" srcset=\"https:\/\/agora.xtec.cat\/ceip-estel-stguim\/wp-content\/uploads\/usu237\/2018\/05\/PHOTO-2018-05-14-13-37-33-1024x614.jpg 1024w, https:\/\/agora.xtec.cat\/ceip-estel-stguim\/wp-content\/uploads\/usu237\/2018\/05\/PHOTO-2018-05-14-13-37-33-300x180.jpg 300w, https:\/\/agora.xtec.cat\/ceip-estel-stguim\/wp-content\/uploads\/usu237\/2018\/05\/PHOTO-2018-05-14-13-37-33-768x461.jpg 768w, https:\/\/agora.xtec.cat\/ceip-estel-stguim\/wp-content\/uploads\/usu237\/2018\/05\/PHOTO-2018-05-14-13-37-33.jpg 1600w\" sizes=\"auto, (max-width: 1024px) 100vw, 1024px\" \/><\/a><\/p>\n","protected":false},"excerpt":{"rendered":"<p>El dia 4 de maig els alumnes de Cicle Superior vam anar al Cosmocaixa per tal de fer un taller [&hellip;]<\/p>\n","protected":false},"author":1,"featured_media":3559,"comment_status":"open","ping_status":"closed","sticky":false,"template":"","format":"standard","meta":{"_bbp_topic_count":0,"_bbp_reply_count":0,"_bbp_total_topic_count":0,"_bbp_total_reply_count":0,"_bbp_voice_count":0,"_bbp_anonymous_reply_count":0,"_bbp_topic_count_hidden":0,"_bbp_reply_count_hidden":0,"_bbp_forum_subforum_count":0,"site-sidebar-layout":"default","site-content-layout":"","ast-site-content-layout":"","site-content-style":"default","site-sidebar-style":"default","ast-global-header-display":"","ast-banner-title-visibility":"","ast-main-header-display":"","ast-hfb-above-header-display":"","ast-hfb-below-header-display":"","ast-hfb-mobile-header-display":"","site-post-title":"","ast-breadcrumbs-content":"","ast-featured-img":"","footer-sml-layout":"","theme-transparent-header-meta":"","adv-header-id-meta":"","stick-header-meta":"","header-above-stick-meta":"","header-main-stick-meta":"","header-below-stick-meta":"","astra-migrate-meta-layouts":"default","ast-page-background-enabled":"default","ast-page-background-meta":{"desktop":{"background-color":"var(--ast-global-color-4)","background-image":"","background-repeat":"repeat","background-position":"center center","background-size":"auto","background-attachment":"scroll","background-type":"","background-media":"","overlay-type":"","overlay-color":"","overlay-opacity":"","overlay-gradient":""},"tablet":{"background-color":"","background-image":"","background-repeat":"repeat","background-position":"center center","background-size":"auto","background-attachment":"scroll","background-type":"","background-media":"","overlay-type":"","overlay-color":"","overlay-opacity":"","overlay-gradient":""},"mobile":{"background-color":"","background-image":"","background-repeat":"repeat","background-position":"center center","background-size":"auto","background-attachment":"scroll","background-type":"","background-media":"","overlay-type":"","overlay-color":"","overlay-opacity":"","overlay-gradient":""}},"ast-content-background-meta":{"desktop":{"background-color":"var(--ast-global-color-5)","background-image":"","background-repeat":"repeat","background-position":"center center","background-size":"auto","background-attachment":"scroll","background-type":"","background-media":"","overlay-type":"","overlay-color":"","overlay-opacity":"","overlay-gradient":""},"tablet":{"background-color":"var(--ast-global-color-5)","background-image":"","background-repeat":"repeat","background-position":"center center","background-size":"auto","background-attachment":"scroll","background-type":"","background-media":"","overlay-type":"","overlay-color":"","overlay-opacity":"","overlay-gradient":""},"mobile":{"background-color":"var(--ast-global-color-5)","background-image":"","background-repeat":"repeat","background-position":"center center","background-size":"auto","background-attachment":"scroll","background-type":"","background-media":"","overlay-type":"","overlay-color":"","overlay-opacity":"","overlay-gradient":""}},"footnotes":""},"categories":[14,15,35,4],"tags":[],"class_list":["post-3553","post","type-post","status-publish","format-standard","has-post-thumbnail","hentry","category-5e","category-6e","category-cicle-superior","category-portada"],"post_mailing_queue_ids":[],"_links":{"self":[{"href":"https:\/\/agora.xtec.cat\/ceip-estel-stguim\/wp-json\/wp\/v2\/posts\/3553","targetHints":{"allow":["GET"]}}],"collection":[{"href":"https:\/\/agora.xtec.cat\/ceip-estel-stguim\/wp-json\/wp\/v2\/posts"}],"about":[{"href":"https:\/\/agora.xtec.cat\/ceip-estel-stguim\/wp-json\/wp\/v2\/types\/post"}],"author":[{"embeddable":true,"href":"https:\/\/agora.xtec.cat\/ceip-estel-stguim\/wp-json\/wp\/v2\/users\/1"}],"replies":[{"embeddable":true,"href":"https:\/\/agora.xtec.cat\/ceip-estel-stguim\/wp-json\/wp\/v2\/comments?post=3553"}],"version-history":[{"count":2,"href":"https:\/\/agora.xtec.cat\/ceip-estel-stguim\/wp-json\/wp\/v2\/posts\/3553\/revisions"}],"predecessor-version":[{"id":3603,"href":"https:\/\/agora.xtec.cat\/ceip-estel-stguim\/wp-json\/wp\/v2\/posts\/3553\/revisions\/3603"}],"wp:featuredmedia":[{"embeddable":true,"href":"https:\/\/agora.xtec.cat\/ceip-estel-stguim\/wp-json\/wp\/v2\/media\/3559"}],"wp:attachment":[{"href":"https:\/\/agora.xtec.cat\/ceip-estel-stguim\/wp-json\/wp\/v2\/media?parent=3553"}],"wp:term":[{"taxonomy":"category","embeddable":true,"href":"https:\/\/agora.xtec.cat\/ceip-estel-stguim\/wp-json\/wp\/v2\/categories?post=3553"},{"taxonomy":"post_tag","embeddable":true,"href":"https:\/\/agora.xtec.cat\/ceip-estel-stguim\/wp-json\/wp\/v2\/tags?post=3553"}],"curies":[{"name":"wp","href":"https:\/\/api.w.org\/{rel}","templated":true}]}}