{"id":3530,"date":"2018-05-02T10:49:11","date_gmt":"2018-05-02T08:49:11","guid":{"rendered":"http:\/\/agora.xtec.cat\/ceip-estel-stguim\/?p=3530"},"modified":"2018-05-02T10:53:46","modified_gmt":"2018-05-02T08:53:46","slug":"family-padel","status":"publish","type":"post","link":"https:\/\/agora.xtec.cat\/ceip-estel-stguim\/portada\/family-padel\/","title":{"rendered":"FAMILY &#038; PADEL"},"content":{"rendered":"<p>Benvolguts\/es,<\/p>\n<p>Us passem la informaci\u00f3 referent a la trobada comarcal de p\u00e0del i fam\u00edlia. Una trobada NO COMPETITIVA per tal que els m\u00e9s petits puguin gaudir d\u2019aquest esport conjuntament amb els adults.<\/p>\n<p>Les parelles han d\u2019estar formades per UN ADULT+UN INFANT. En la inscripci\u00f3 s\u2019ha de detallar l\u2019edat del menor, ja que es dividir\u00e0 per categories segons edat del menor. La inscripci\u00f3 s\u2019haur\u00e0 d\u2019efectuar a <a href=\"mailto:padelsantguim@gmail.com\">padelsantguim@gmail.com<\/a> . L\u2019abonament ser\u00e0 el mateix diumenge a les 10h.<\/p>\n<p>&nbsp;<\/p>\n<p>INSCRIPCI\u00d3 6\u20ac PER PARELLA<\/p>\n<p>PARTITS PER TEMPS<\/p>\n<p>ESMORZAR INCL\u00d2S EN LA INSCRIPCI\u00d3<\/p>\n<p>REGALS PELS INSCRITS I SORTEJOS DE MATERIAL<\/p>\n<p>SOCIS 50% DESCOMPTE<\/p>\n<p>I MOLTES SORPRESES!<\/p>\n<p><strong><em>*Les parelles \u00a0inscrites rebran mes informaci\u00f3 envers els horaris el divendres dia 4.<\/em><\/strong><\/p>\n<p><a href=\"http:\/\/agora.xtec.cat\/ceip-estel-stguim\/wp-content\/uploads\/usu237\/2018\/05\/Imatge-family-padel.jpg\"><img loading=\"lazy\" decoding=\"async\" class=\"aligncenter wp-image-3531\" src=\"http:\/\/agora.xtec.cat\/ceip-estel-stguim\/wp-content\/uploads\/usu237\/2018\/05\/Imatge-family-padel-733x1024.jpg\" alt=\"\" width=\"413\" height=\"577\" srcset=\"https:\/\/agora.xtec.cat\/ceip-estel-stguim\/wp-content\/uploads\/usu237\/2018\/05\/Imatge-family-padel-733x1024.jpg 733w, https:\/\/agora.xtec.cat\/ceip-estel-stguim\/wp-content\/uploads\/usu237\/2018\/05\/Imatge-family-padel-215x300.jpg 215w, https:\/\/agora.xtec.cat\/ceip-estel-stguim\/wp-content\/uploads\/usu237\/2018\/05\/Imatge-family-padel.jpg 750w\" sizes=\"auto, (max-width: 413px) 100vw, 413px\" \/><\/a><\/p>\n<p>Equip T\u00e8cnic del Consell Esportiu de la Segarra<\/p>\n","protected":false},"excerpt":{"rendered":"<p>Benvolguts\/es, Us passem la informaci\u00f3 referent a la trobada comarcal de p\u00e0del i fam\u00edlia. Una trobada NO COMPETITIVA per tal [&hellip;]<\/p>\n","protected":false},"author":1,"featured_media":3531,"comment_status":"open","ping_status":"closed","sticky":false,"template":"","format":"standard","meta":{"_bbp_topic_count":0,"_bbp_reply_count":0,"_bbp_total_topic_count":0,"_bbp_total_reply_count":0,"_bbp_voice_count":0,"_bbp_anonymous_reply_count":0,"_bbp_topic_count_hidden":0,"_bbp_reply_count_hidden":0,"_bbp_forum_subforum_count":0,"site-sidebar-layout":"default","site-content-layout":"","ast-site-content-layout":"","site-content-style":"default","site-sidebar-style":"default","ast-global-header-display":"","ast-banner-title-visibility":"","ast-main-header-display":"","ast-hfb-above-header-display":"","ast-hfb-below-header-display":"","ast-hfb-mobile-header-display":"","site-post-title":"","ast-breadcrumbs-content":"","ast-featured-img":"","footer-sml-layout":"","theme-transparent-header-meta":"","adv-header-id-meta":"","stick-header-meta":"","header-above-stick-meta":"","header-main-stick-meta":"","header-below-stick-meta":"","astra-migrate-meta-layouts":"default","ast-page-background-enabled":"default","ast-page-background-meta":{"desktop":{"background-color":"var(--ast-global-color-4)","background-image":"","background-repeat":"repeat","background-position":"center center","background-size":"auto","background-attachment":"scroll","background-type":"","background-media":"","overlay-type":"","overlay-color":"","overlay-opacity":"","overlay-gradient":""},"tablet":{"background-color":"","background-image":"","background-repeat":"repeat","background-position":"center center","background-size":"auto","background-attachment":"scroll","background-type":"","background-media":"","overlay-type":"","overlay-color":"","overlay-opacity":"","overlay-gradient":""},"mobile":{"background-color":"","background-image":"","background-repeat":"repeat","background-position":"center center","background-size":"auto","background-attachment":"scroll","background-type":"","background-media":"","overlay-type":"","overlay-color":"","overlay-opacity":"","overlay-gradient":""}},"ast-content-background-meta":{"desktop":{"background-color":"var(--ast-global-color-5)","background-image":"","background-repeat":"repeat","background-position":"center center","background-size":"auto","background-attachment":"scroll","background-type":"","background-media":"","overlay-type":"","overlay-color":"","overlay-opacity":"","overlay-gradient":""},"tablet":{"background-color":"var(--ast-global-color-5)","background-image":"","background-repeat":"repeat","background-position":"center center","background-size":"auto","background-attachment":"scroll","background-type":"","background-media":"","overlay-type":"","overlay-color":"","overlay-opacity":"","overlay-gradient":""},"mobile":{"background-color":"var(--ast-global-color-5)","background-image":"","background-repeat":"repeat","background-position":"center center","background-size":"auto","background-attachment":"scroll","background-type":"","background-media":"","overlay-type":"","overlay-color":"","overlay-opacity":"","overlay-gradient":""}},"footnotes":""},"categories":[38,4],"tags":[],"class_list":["post-3530","post","type-post","status-publish","format-standard","has-post-thumbnail","hentry","category-pcee","category-portada"],"post_mailing_queue_ids":[],"_links":{"self":[{"href":"https:\/\/agora.xtec.cat\/ceip-estel-stguim\/wp-json\/wp\/v2\/posts\/3530","targetHints":{"allow":["GET"]}}],"collection":[{"href":"https:\/\/agora.xtec.cat\/ceip-estel-stguim\/wp-json\/wp\/v2\/posts"}],"about":[{"href":"https:\/\/agora.xtec.cat\/ceip-estel-stguim\/wp-json\/wp\/v2\/types\/post"}],"author":[{"embeddable":true,"href":"https:\/\/agora.xtec.cat\/ceip-estel-stguim\/wp-json\/wp\/v2\/users\/1"}],"replies":[{"embeddable":true,"href":"https:\/\/agora.xtec.cat\/ceip-estel-stguim\/wp-json\/wp\/v2\/comments?post=3530"}],"version-history":[{"count":2,"href":"https:\/\/agora.xtec.cat\/ceip-estel-stguim\/wp-json\/wp\/v2\/posts\/3530\/revisions"}],"predecessor-version":[{"id":3533,"href":"https:\/\/agora.xtec.cat\/ceip-estel-stguim\/wp-json\/wp\/v2\/posts\/3530\/revisions\/3533"}],"wp:featuredmedia":[{"embeddable":true,"href":"https:\/\/agora.xtec.cat\/ceip-estel-stguim\/wp-json\/wp\/v2\/media\/3531"}],"wp:attachment":[{"href":"https:\/\/agora.xtec.cat\/ceip-estel-stguim\/wp-json\/wp\/v2\/media?parent=3530"}],"wp:term":[{"taxonomy":"category","embeddable":true,"href":"https:\/\/agora.xtec.cat\/ceip-estel-stguim\/wp-json\/wp\/v2\/categories?post=3530"},{"taxonomy":"post_tag","embeddable":true,"href":"https:\/\/agora.xtec.cat\/ceip-estel-stguim\/wp-json\/wp\/v2\/tags?post=3530"}],"curies":[{"name":"wp","href":"https:\/\/api.w.org\/{rel}","templated":true}]}}