{"id":3518,"date":"2018-05-01T17:47:02","date_gmt":"2018-05-01T15:47:02","guid":{"rendered":"http:\/\/agora.xtec.cat\/ceip-estel-stguim\/?p=3518"},"modified":"2018-05-28T19:05:42","modified_gmt":"2018-05-28T17:05:42","slug":"taller-de-robotica","status":"publish","type":"post","link":"https:\/\/agora.xtec.cat\/ceip-estel-stguim\/portada\/taller-de-robotica\/","title":{"rendered":"Taller de rob\u00f2tica"},"content":{"rendered":"<div><sup><strong><a href=\"http:\/\/agora.xtec.cat\/ceip-estel-stguim\/wp-content\/uploads\/usu237\/2018\/05\/df011c68099d3f52ca20c33a0837918d.jpg\"><img loading=\"lazy\" decoding=\"async\" class=\"wp-image-3519 alignleft\" src=\"http:\/\/agora.xtec.cat\/ceip-estel-stguim\/wp-content\/uploads\/usu237\/2018\/05\/df011c68099d3f52ca20c33a0837918d.jpg\" alt=\"\" width=\"341\" height=\"294\" srcset=\"https:\/\/agora.xtec.cat\/ceip-estel-stguim\/wp-content\/uploads\/usu237\/2018\/05\/df011c68099d3f52ca20c33a0837918d.jpg 570w, https:\/\/agora.xtec.cat\/ceip-estel-stguim\/wp-content\/uploads\/usu237\/2018\/05\/df011c68099d3f52ca20c33a0837918d-300x258.jpg 300w\" sizes=\"auto, (max-width: 341px) 100vw, 341px\" \/><\/a>El passat\u00a019 de maig \u00a0al mat\u00ed l&#8217;AMPA va organitzar una jornada de rob\u00f2tica en fam\u00edlia.<\/strong><\/sup><\/div>\n<div><sup>\u00a0<\/sup><\/div>\n<div><sup>L&#8217;activitat anava\u00a0dirigida als alumnes de 1r a 6\u00e8 i es van realitzar 2 grups, el primer d&#8217;alumnes fins a 3r i el segon de 4rt a 6\u00e8.<\/sup><\/div>\n<div><sup>\u00a0<\/sup><\/div>\n<div><sup>En aquesta sessi\u00f3 vam entendre\u00a0qu\u00e8 \u00e9s un robot i com es programa perqu\u00e8 faci les accions que volem, i reaccioni o s&#8217;adapti al que passa al seu voltant. Vam construir\u00a0robots i els vam programar amb un llenguatge senzill i intu\u00eftiu.\u00a0El grup de grans va anar m\u00e9s enfocat a la programaci\u00f3 d&#8217;un robot<\/sup><\/div>\n<div><sup>\u00a0<\/sup><a href=\"http:\/\/agora.xtec.cat\/ceip-estel-stguim\/wp-content\/uploads\/usu237\/2018\/05\/WhatsApp-Image-2018-05-24-at-09.59.10.jpeg\"><img loading=\"lazy\" decoding=\"async\" class=\"alignnone size-large wp-image-3622\" src=\"http:\/\/agora.xtec.cat\/ceip-estel-stguim\/wp-content\/uploads\/usu237\/2018\/05\/WhatsApp-Image-2018-05-24-at-09.59.10-1024x765.jpeg\" alt=\"\" width=\"1024\" height=\"765\" srcset=\"https:\/\/agora.xtec.cat\/ceip-estel-stguim\/wp-content\/uploads\/usu237\/2018\/05\/WhatsApp-Image-2018-05-24-at-09.59.10-1024x765.jpeg 1024w, https:\/\/agora.xtec.cat\/ceip-estel-stguim\/wp-content\/uploads\/usu237\/2018\/05\/WhatsApp-Image-2018-05-24-at-09.59.10-300x224.jpeg 300w, https:\/\/agora.xtec.cat\/ceip-estel-stguim\/wp-content\/uploads\/usu237\/2018\/05\/WhatsApp-Image-2018-05-24-at-09.59.10-768x574.jpeg 768w, https:\/\/agora.xtec.cat\/ceip-estel-stguim\/wp-content\/uploads\/usu237\/2018\/05\/WhatsApp-Image-2018-05-24-at-09.59.10-200x150.jpeg 200w, https:\/\/agora.xtec.cat\/ceip-estel-stguim\/wp-content\/uploads\/usu237\/2018\/05\/WhatsApp-Image-2018-05-24-at-09.59.10.jpeg 1600w\" sizes=\"auto, (max-width: 1024px) 100vw, 1024px\" \/><\/a> <a href=\"http:\/\/agora.xtec.cat\/ceip-estel-stguim\/wp-content\/uploads\/usu237\/2018\/05\/WhatsApp-Image-2018-05-24-at-09.59.09.jpeg\"><img loading=\"lazy\" decoding=\"async\" class=\"alignnone size-large wp-image-3621\" src=\"http:\/\/agora.xtec.cat\/ceip-estel-stguim\/wp-content\/uploads\/usu237\/2018\/05\/WhatsApp-Image-2018-05-24-at-09.59.09-1024x765.jpeg\" alt=\"\" width=\"1024\" height=\"765\" srcset=\"https:\/\/agora.xtec.cat\/ceip-estel-stguim\/wp-content\/uploads\/usu237\/2018\/05\/WhatsApp-Image-2018-05-24-at-09.59.09-1024x765.jpeg 1024w, https:\/\/agora.xtec.cat\/ceip-estel-stguim\/wp-content\/uploads\/usu237\/2018\/05\/WhatsApp-Image-2018-05-24-at-09.59.09-300x224.jpeg 300w, https:\/\/agora.xtec.cat\/ceip-estel-stguim\/wp-content\/uploads\/usu237\/2018\/05\/WhatsApp-Image-2018-05-24-at-09.59.09-768x574.jpeg 768w, https:\/\/agora.xtec.cat\/ceip-estel-stguim\/wp-content\/uploads\/usu237\/2018\/05\/WhatsApp-Image-2018-05-24-at-09.59.09-200x150.jpeg 200w, https:\/\/agora.xtec.cat\/ceip-estel-stguim\/wp-content\/uploads\/usu237\/2018\/05\/WhatsApp-Image-2018-05-24-at-09.59.09.jpeg 1600w\" sizes=\"auto, (max-width: 1024px) 100vw, 1024px\" \/><\/a> <a href=\"http:\/\/agora.xtec.cat\/ceip-estel-stguim\/wp-content\/uploads\/usu237\/2018\/05\/WhatsApp-Image-2018-05-24-at-09.59.09-3.jpeg\"><img loading=\"lazy\" decoding=\"async\" class=\"alignnone size-large wp-image-3620\" src=\"http:\/\/agora.xtec.cat\/ceip-estel-stguim\/wp-content\/uploads\/usu237\/2018\/05\/WhatsApp-Image-2018-05-24-at-09.59.09-3-1024x765.jpeg\" alt=\"\" width=\"1024\" height=\"765\" srcset=\"https:\/\/agora.xtec.cat\/ceip-estel-stguim\/wp-content\/uploads\/usu237\/2018\/05\/WhatsApp-Image-2018-05-24-at-09.59.09-3-1024x765.jpeg 1024w, https:\/\/agora.xtec.cat\/ceip-estel-stguim\/wp-content\/uploads\/usu237\/2018\/05\/WhatsApp-Image-2018-05-24-at-09.59.09-3-300x224.jpeg 300w, https:\/\/agora.xtec.cat\/ceip-estel-stguim\/wp-content\/uploads\/usu237\/2018\/05\/WhatsApp-Image-2018-05-24-at-09.59.09-3-768x574.jpeg 768w, https:\/\/agora.xtec.cat\/ceip-estel-stguim\/wp-content\/uploads\/usu237\/2018\/05\/WhatsApp-Image-2018-05-24-at-09.59.09-3-200x150.jpeg 200w, https:\/\/agora.xtec.cat\/ceip-estel-stguim\/wp-content\/uploads\/usu237\/2018\/05\/WhatsApp-Image-2018-05-24-at-09.59.09-3.jpeg 1600w\" sizes=\"auto, (max-width: 1024px) 100vw, 1024px\" \/><\/a> <a href=\"http:\/\/agora.xtec.cat\/ceip-estel-stguim\/wp-content\/uploads\/usu237\/2018\/05\/WhatsApp-Image-2018-05-24-at-09.59.09-2.jpeg\"><img loading=\"lazy\" decoding=\"async\" class=\"alignnone size-large wp-image-3619\" src=\"http:\/\/agora.xtec.cat\/ceip-estel-stguim\/wp-content\/uploads\/usu237\/2018\/05\/WhatsApp-Image-2018-05-24-at-09.59.09-2-765x1024.jpeg\" alt=\"\" width=\"765\" height=\"1024\" srcset=\"https:\/\/agora.xtec.cat\/ceip-estel-stguim\/wp-content\/uploads\/usu237\/2018\/05\/WhatsApp-Image-2018-05-24-at-09.59.09-2-765x1024.jpeg 765w, https:\/\/agora.xtec.cat\/ceip-estel-stguim\/wp-content\/uploads\/usu237\/2018\/05\/WhatsApp-Image-2018-05-24-at-09.59.09-2-224x300.jpeg 224w, https:\/\/agora.xtec.cat\/ceip-estel-stguim\/wp-content\/uploads\/usu237\/2018\/05\/WhatsApp-Image-2018-05-24-at-09.59.09-2-768x1027.jpeg 768w, https:\/\/agora.xtec.cat\/ceip-estel-stguim\/wp-content\/uploads\/usu237\/2018\/05\/WhatsApp-Image-2018-05-24-at-09.59.09-2.jpeg 1196w\" sizes=\"auto, (max-width: 765px) 100vw, 765px\" \/><\/a> <a href=\"http:\/\/agora.xtec.cat\/ceip-estel-stguim\/wp-content\/uploads\/usu237\/2018\/05\/WhatsApp-Image-2018-05-24-at-09.59.09-1.jpeg\"><img loading=\"lazy\" decoding=\"async\" class=\"alignnone size-large wp-image-3618\" src=\"http:\/\/agora.xtec.cat\/ceip-estel-stguim\/wp-content\/uploads\/usu237\/2018\/05\/WhatsApp-Image-2018-05-24-at-09.59.09-1-765x1024.jpeg\" alt=\"\" width=\"765\" height=\"1024\" srcset=\"https:\/\/agora.xtec.cat\/ceip-estel-stguim\/wp-content\/uploads\/usu237\/2018\/05\/WhatsApp-Image-2018-05-24-at-09.59.09-1-765x1024.jpeg 765w, https:\/\/agora.xtec.cat\/ceip-estel-stguim\/wp-content\/uploads\/usu237\/2018\/05\/WhatsApp-Image-2018-05-24-at-09.59.09-1-224x300.jpeg 224w, https:\/\/agora.xtec.cat\/ceip-estel-stguim\/wp-content\/uploads\/usu237\/2018\/05\/WhatsApp-Image-2018-05-24-at-09.59.09-1-768x1027.jpeg 768w, https:\/\/agora.xtec.cat\/ceip-estel-stguim\/wp-content\/uploads\/usu237\/2018\/05\/WhatsApp-Image-2018-05-24-at-09.59.09-1.jpeg 1196w\" sizes=\"auto, (max-width: 765px) 100vw, 765px\" \/><\/a><\/div>\n","protected":false},"excerpt":{"rendered":"<p>El passat\u00a019 de maig \u00a0al mat\u00ed l&#8217;AMPA va organitzar una jornada de rob\u00f2tica en fam\u00edlia. \u00a0 L&#8217;activitat anava\u00a0dirigida als alumnes [&hellip;]<\/p>\n","protected":false},"author":20,"featured_media":3519,"comment_status":"open","ping_status":"closed","sticky":false,"template":"","format":"standard","meta":{"_bbp_topic_count":0,"_bbp_reply_count":0,"_bbp_total_topic_count":0,"_bbp_total_reply_count":0,"_bbp_voice_count":0,"_bbp_anonymous_reply_count":0,"_bbp_topic_count_hidden":0,"_bbp_reply_count_hidden":0,"_bbp_forum_subforum_count":0,"site-sidebar-layout":"default","site-content-layout":"","ast-site-content-layout":"","site-content-style":"default","site-sidebar-style":"default","ast-global-header-display":"","ast-banner-title-visibility":"","ast-main-header-display":"","ast-hfb-above-header-display":"","ast-hfb-below-header-display":"","ast-hfb-mobile-header-display":"","site-post-title":"","ast-breadcrumbs-content":"","ast-featured-img":"","footer-sml-layout":"","theme-transparent-header-meta":"","adv-header-id-meta":"","stick-header-meta":"","header-above-stick-meta":"","header-main-stick-meta":"","header-below-stick-meta":"","astra-migrate-meta-layouts":"default","ast-page-background-enabled":"default","ast-page-background-meta":{"desktop":{"background-color":"var(--ast-global-color-4)","background-image":"","background-repeat":"repeat","background-position":"center center","background-size":"auto","background-attachment":"scroll","background-type":"","background-media":"","overlay-type":"","overlay-color":"","overlay-opacity":"","overlay-gradient":""},"tablet":{"background-color":"","background-image":"","background-repeat":"repeat","background-position":"center center","background-size":"auto","background-attachment":"scroll","background-type":"","background-media":"","overlay-type":"","overlay-color":"","overlay-opacity":"","overlay-gradient":""},"mobile":{"background-color":"","background-image":"","background-repeat":"repeat","background-position":"center center","background-size":"auto","background-attachment":"scroll","background-type":"","background-media":"","overlay-type":"","overlay-color":"","overlay-opacity":"","overlay-gradient":""}},"ast-content-background-meta":{"desktop":{"background-color":"var(--ast-global-color-5)","background-image":"","background-repeat":"repeat","background-position":"center center","background-size":"auto","background-attachment":"scroll","background-type":"","background-media":"","overlay-type":"","overlay-color":"","overlay-opacity":"","overlay-gradient":""},"tablet":{"background-color":"var(--ast-global-color-5)","background-image":"","background-repeat":"repeat","background-position":"center center","background-size":"auto","background-attachment":"scroll","background-type":"","background-media":"","overlay-type":"","overlay-color":"","overlay-opacity":"","overlay-gradient":""},"mobile":{"background-color":"var(--ast-global-color-5)","background-image":"","background-repeat":"repeat","background-position":"center center","background-size":"auto","background-attachment":"scroll","background-type":"","background-media":"","overlay-type":"","overlay-color":"","overlay-opacity":"","overlay-gradient":""}},"footnotes":""},"categories":[7,4],"tags":[],"class_list":["post-3518","post","type-post","status-publish","format-standard","has-post-thumbnail","hentry","category-ampa","category-portada"],"post_mailing_queue_ids":[],"_links":{"self":[{"href":"https:\/\/agora.xtec.cat\/ceip-estel-stguim\/wp-json\/wp\/v2\/posts\/3518","targetHints":{"allow":["GET"]}}],"collection":[{"href":"https:\/\/agora.xtec.cat\/ceip-estel-stguim\/wp-json\/wp\/v2\/posts"}],"about":[{"href":"https:\/\/agora.xtec.cat\/ceip-estel-stguim\/wp-json\/wp\/v2\/types\/post"}],"author":[{"embeddable":true,"href":"https:\/\/agora.xtec.cat\/ceip-estel-stguim\/wp-json\/wp\/v2\/users\/20"}],"replies":[{"embeddable":true,"href":"https:\/\/agora.xtec.cat\/ceip-estel-stguim\/wp-json\/wp\/v2\/comments?post=3518"}],"version-history":[{"count":3,"href":"https:\/\/agora.xtec.cat\/ceip-estel-stguim\/wp-json\/wp\/v2\/posts\/3518\/revisions"}],"predecessor-version":[{"id":3525,"href":"https:\/\/agora.xtec.cat\/ceip-estel-stguim\/wp-json\/wp\/v2\/posts\/3518\/revisions\/3525"}],"wp:featuredmedia":[{"embeddable":true,"href":"https:\/\/agora.xtec.cat\/ceip-estel-stguim\/wp-json\/wp\/v2\/media\/3519"}],"wp:attachment":[{"href":"https:\/\/agora.xtec.cat\/ceip-estel-stguim\/wp-json\/wp\/v2\/media?parent=3518"}],"wp:term":[{"taxonomy":"category","embeddable":true,"href":"https:\/\/agora.xtec.cat\/ceip-estel-stguim\/wp-json\/wp\/v2\/categories?post=3518"},{"taxonomy":"post_tag","embeddable":true,"href":"https:\/\/agora.xtec.cat\/ceip-estel-stguim\/wp-json\/wp\/v2\/tags?post=3518"}],"curies":[{"name":"wp","href":"https:\/\/api.w.org\/{rel}","templated":true}]}}