{"id":3371,"date":"2018-02-09T13:00:22","date_gmt":"2018-02-09T12:00:22","guid":{"rendered":"http:\/\/agora.xtec.cat\/ceip-estel-stguim\/?p=3371"},"modified":"2018-03-01T13:01:54","modified_gmt":"2018-03-01T12:01:54","slug":"carnaval-2018","status":"publish","type":"post","link":"https:\/\/agora.xtec.cat\/ceip-estel-stguim\/5e\/carnaval-2018\/","title":{"rendered":"CARNAVAL 2018"},"content":{"rendered":"<p align=\"justify\">CLARA, 9 DE FEBRER DE 2018, SANT GUIM DE FREIXENET<\/p>\n<p align=\"justify\"><span style=\"font-size: 300%\">CARNAVAL A L\u2019ESTEL<\/span><\/p>\n<p align=\"justify\"><span style=\"font-size: large\">El divendres 9 de febrer l\u2019escola l\u2019Estel de Sant Guim de Freixenet va celebrar la festa del Carnestoltes. Aquest any el tema de carnaval era \u00abla Sostenibilitat\u00bb. Uns alumnes anaven disfressats de sol i els acompanyaven les plaques solars, uns altres anaven de vent i els acompanyaven el molin e\u00f2lics , els altres anaven de pluja i planeta Terra. Per \u00faltim els m\u00e9s grans anaven de tren de la sostenibilitat. A les 15.00 hores vam comen\u00e7ar la rua pels carres del poble fins arribar a l\u2019Ajuntament on vam llegir el testament del Rei Carnestoltes. Quan vam acabar la rua ,vam tornar al col\u00b7legi , per acabar cremant el carnestoltes al pati.<\/span><\/p>\n<p align=\"justify\"><span style=\"font-size: large\"><span style=\"font-size: 300%\">VISCA EL CARNESTOLTES!!<\/span> <\/span><\/p>\n<p align=\"justify\"><a href=\"http:\/\/agora.xtec.cat\/ceip-estel-stguim\/wp-content\/uploads\/usu237\/2018\/03\/BALCO-IMG_2202.jpg\"><img loading=\"lazy\" decoding=\"async\" class=\"wp-image-3375 aligncenter\" src=\"http:\/\/agora.xtec.cat\/ceip-estel-stguim\/wp-content\/uploads\/usu237\/2018\/03\/BALCO-IMG_2202-1024x768.jpg\" alt=\"\" width=\"438\" height=\"328\" srcset=\"https:\/\/agora.xtec.cat\/ceip-estel-stguim\/wp-content\/uploads\/usu237\/2018\/03\/BALCO-IMG_2202-1024x768.jpg 1024w, https:\/\/agora.xtec.cat\/ceip-estel-stguim\/wp-content\/uploads\/usu237\/2018\/03\/BALCO-IMG_2202-300x225.jpg 300w, https:\/\/agora.xtec.cat\/ceip-estel-stguim\/wp-content\/uploads\/usu237\/2018\/03\/BALCO-IMG_2202-768x576.jpg 768w, https:\/\/agora.xtec.cat\/ceip-estel-stguim\/wp-content\/uploads\/usu237\/2018\/03\/BALCO-IMG_2202-200x150.jpg 200w, https:\/\/agora.xtec.cat\/ceip-estel-stguim\/wp-content\/uploads\/usu237\/2018\/03\/BALCO-IMG_2202.jpg 1824w\" sizes=\"auto, (max-width: 438px) 100vw, 438px\" \/><\/a><\/p>\n","protected":false},"excerpt":{"rendered":"<p>CLARA, 9 DE FEBRER DE 2018, SANT GUIM DE FREIXENET CARNAVAL A L\u2019ESTEL El divendres 9 de febrer l\u2019escola l\u2019Estel [&hellip;]<\/p>\n","protected":false},"author":22,"featured_media":3375,"comment_status":"open","ping_status":"closed","sticky":false,"template":"","format":"standard","meta":{"_bbp_topic_count":0,"_bbp_reply_count":0,"_bbp_total_topic_count":0,"_bbp_total_reply_count":0,"_bbp_voice_count":0,"_bbp_anonymous_reply_count":0,"_bbp_topic_count_hidden":0,"_bbp_reply_count_hidden":0,"_bbp_forum_subforum_count":0,"site-sidebar-layout":"default","site-content-layout":"","ast-site-content-layout":"","site-content-style":"default","site-sidebar-style":"default","ast-global-header-display":"","ast-banner-title-visibility":"","ast-main-header-display":"","ast-hfb-above-header-display":"","ast-hfb-below-header-display":"","ast-hfb-mobile-header-display":"","site-post-title":"","ast-breadcrumbs-content":"","ast-featured-img":"","footer-sml-layout":"","theme-transparent-header-meta":"","adv-header-id-meta":"","stick-header-meta":"","header-above-stick-meta":"","header-main-stick-meta":"","header-below-stick-meta":"","astra-migrate-meta-layouts":"default","ast-page-background-enabled":"default","ast-page-background-meta":{"desktop":{"background-color":"var(--ast-global-color-4)","background-image":"","background-repeat":"repeat","background-position":"center center","background-size":"auto","background-attachment":"scroll","background-type":"","background-media":"","overlay-type":"","overlay-color":"","overlay-opacity":"","overlay-gradient":""},"tablet":{"background-color":"","background-image":"","background-repeat":"repeat","background-position":"center center","background-size":"auto","background-attachment":"scroll","background-type":"","background-media":"","overlay-type":"","overlay-color":"","overlay-opacity":"","overlay-gradient":""},"mobile":{"background-color":"","background-image":"","background-repeat":"repeat","background-position":"center center","background-size":"auto","background-attachment":"scroll","background-type":"","background-media":"","overlay-type":"","overlay-color":"","overlay-opacity":"","overlay-gradient":""}},"ast-content-background-meta":{"desktop":{"background-color":"var(--ast-global-color-5)","background-image":"","background-repeat":"repeat","background-position":"center center","background-size":"auto","background-attachment":"scroll","background-type":"","background-media":"","overlay-type":"","overlay-color":"","overlay-opacity":"","overlay-gradient":""},"tablet":{"background-color":"var(--ast-global-color-5)","background-image":"","background-repeat":"repeat","background-position":"center center","background-size":"auto","background-attachment":"scroll","background-type":"","background-media":"","overlay-type":"","overlay-color":"","overlay-opacity":"","overlay-gradient":""},"mobile":{"background-color":"var(--ast-global-color-5)","background-image":"","background-repeat":"repeat","background-position":"center center","background-size":"auto","background-attachment":"scroll","background-type":"","background-media":"","overlay-type":"","overlay-color":"","overlay-opacity":"","overlay-gradient":""}},"footnotes":""},"categories":[14,15,29,35,24],"tags":[],"class_list":["post-3371","post","type-post","status-publish","format-standard","has-post-thumbnail","hentry","category-5e","category-6e","category-carnestoltes","category-cicle-superior","category-festes"],"post_mailing_queue_ids":[],"_links":{"self":[{"href":"https:\/\/agora.xtec.cat\/ceip-estel-stguim\/wp-json\/wp\/v2\/posts\/3371","targetHints":{"allow":["GET"]}}],"collection":[{"href":"https:\/\/agora.xtec.cat\/ceip-estel-stguim\/wp-json\/wp\/v2\/posts"}],"about":[{"href":"https:\/\/agora.xtec.cat\/ceip-estel-stguim\/wp-json\/wp\/v2\/types\/post"}],"author":[{"embeddable":true,"href":"https:\/\/agora.xtec.cat\/ceip-estel-stguim\/wp-json\/wp\/v2\/users\/22"}],"replies":[{"embeddable":true,"href":"https:\/\/agora.xtec.cat\/ceip-estel-stguim\/wp-json\/wp\/v2\/comments?post=3371"}],"version-history":[{"count":1,"href":"https:\/\/agora.xtec.cat\/ceip-estel-stguim\/wp-json\/wp\/v2\/posts\/3371\/revisions"}],"predecessor-version":[{"id":3377,"href":"https:\/\/agora.xtec.cat\/ceip-estel-stguim\/wp-json\/wp\/v2\/posts\/3371\/revisions\/3377"}],"wp:featuredmedia":[{"embeddable":true,"href":"https:\/\/agora.xtec.cat\/ceip-estel-stguim\/wp-json\/wp\/v2\/media\/3375"}],"wp:attachment":[{"href":"https:\/\/agora.xtec.cat\/ceip-estel-stguim\/wp-json\/wp\/v2\/media?parent=3371"}],"wp:term":[{"taxonomy":"category","embeddable":true,"href":"https:\/\/agora.xtec.cat\/ceip-estel-stguim\/wp-json\/wp\/v2\/categories?post=3371"},{"taxonomy":"post_tag","embeddable":true,"href":"https:\/\/agora.xtec.cat\/ceip-estel-stguim\/wp-json\/wp\/v2\/tags?post=3371"}],"curies":[{"name":"wp","href":"https:\/\/api.w.org\/{rel}","templated":true}]}}