{"id":3233,"date":"2018-02-02T09:46:15","date_gmt":"2018-02-02T08:46:15","guid":{"rendered":"http:\/\/agora.xtec.cat\/ceip-estel-stguim\/?p=3233"},"modified":"2018-02-02T09:46:46","modified_gmt":"2018-02-02T08:46:46","slug":"taller-habits-saludables","status":"publish","type":"post","link":"https:\/\/agora.xtec.cat\/ceip-estel-stguim\/portada\/taller-habits-saludables\/","title":{"rendered":"Taller h\u00e0bits saludables"},"content":{"rendered":"<p><a href=\"http:\/\/agora.xtec.cat\/ceip-estel-stguim\/wp-content\/uploads\/usu237\/2018\/02\/pcee.jpg\"><img loading=\"lazy\" decoding=\"async\" class=\"wp-image-3235 alignleft\" src=\"http:\/\/agora.xtec.cat\/ceip-estel-stguim\/wp-content\/uploads\/usu237\/2018\/02\/pcee.jpg\" alt=\"\" width=\"82\" height=\"56\" srcset=\"https:\/\/agora.xtec.cat\/ceip-estel-stguim\/wp-content\/uploads\/usu237\/2018\/02\/pcee.jpg 354w, https:\/\/agora.xtec.cat\/ceip-estel-stguim\/wp-content\/uploads\/usu237\/2018\/02\/pcee-300x205.jpg 300w\" sizes=\"auto, (max-width: 82px) 100vw, 82px\" \/><\/a>El passat dilluns 29 de gener l&#8217;alumnat de cicle mitj\u00e0 vam rebre un taller d&#8217;h\u00e0bits saludables a l&#8217;escola, organitzat a trav\u00e9s del Pla Catal\u00e0 d&#8217;Esport a l&#8217;Escola. El taller girava al voltant de cinc blocs fent un paral\u00b7lelisme amb les olimp\u00edades i va ser molt din\u00e0mic i divertit. Tenir una bona alimentaci\u00f3, ser una persona activa, descansar b\u00e9&#8230; s\u00f3n h\u00e0bits molt importants.<\/p>\n<p><em>Cliqueu la imatge per veure la resta de fotos:<\/em><\/p>\n<p><a href=\"http:\/\/agora.xtec.cat\/ceip-estel-stguim\/wp-content\/uploads\/usu237\/2018\/02\/02.jpg\"><img loading=\"lazy\" decoding=\"async\" class=\"wp-image-3234 aligncenter\" src=\"http:\/\/agora.xtec.cat\/ceip-estel-stguim\/wp-content\/uploads\/usu237\/2018\/02\/02.jpg\" alt=\"\" width=\"167\" height=\"125\" srcset=\"https:\/\/agora.xtec.cat\/ceip-estel-stguim\/wp-content\/uploads\/usu237\/2018\/02\/02.jpg 640w, https:\/\/agora.xtec.cat\/ceip-estel-stguim\/wp-content\/uploads\/usu237\/2018\/02\/02-300x225.jpg 300w, https:\/\/agora.xtec.cat\/ceip-estel-stguim\/wp-content\/uploads\/usu237\/2018\/02\/02-200x150.jpg 200w\" sizes=\"auto, (max-width: 167px) 100vw, 167px\" \/><\/a><\/p>\n","protected":false},"excerpt":{"rendered":"<p>El passat dilluns 29 de gener l&#8217;alumnat de cicle mitj\u00e0 vam rebre un taller d&#8217;h\u00e0bits saludables a l&#8217;escola, organitzat a [&hellip;]<\/p>\n","protected":false},"author":4,"featured_media":3234,"comment_status":"open","ping_status":"closed","sticky":false,"template":"","format":"standard","meta":{"_bbp_topic_count":0,"_bbp_reply_count":0,"_bbp_total_topic_count":0,"_bbp_total_reply_count":0,"_bbp_voice_count":0,"_bbp_anonymous_reply_count":0,"_bbp_topic_count_hidden":0,"_bbp_reply_count_hidden":0,"_bbp_forum_subforum_count":0,"site-sidebar-layout":"default","site-content-layout":"","ast-site-content-layout":"","site-content-style":"default","site-sidebar-style":"default","ast-global-header-display":"","ast-banner-title-visibility":"","ast-main-header-display":"","ast-hfb-above-header-display":"","ast-hfb-below-header-display":"","ast-hfb-mobile-header-display":"","site-post-title":"","ast-breadcrumbs-content":"","ast-featured-img":"","footer-sml-layout":"","theme-transparent-header-meta":"","adv-header-id-meta":"","stick-header-meta":"","header-above-stick-meta":"","header-main-stick-meta":"","header-below-stick-meta":"","astra-migrate-meta-layouts":"default","ast-page-background-enabled":"default","ast-page-background-meta":{"desktop":{"background-color":"var(--ast-global-color-4)","background-image":"","background-repeat":"repeat","background-position":"center center","background-size":"auto","background-attachment":"scroll","background-type":"","background-media":"","overlay-type":"","overlay-color":"","overlay-opacity":"","overlay-gradient":""},"tablet":{"background-color":"","background-image":"","background-repeat":"repeat","background-position":"center center","background-size":"auto","background-attachment":"scroll","background-type":"","background-media":"","overlay-type":"","overlay-color":"","overlay-opacity":"","overlay-gradient":""},"mobile":{"background-color":"","background-image":"","background-repeat":"repeat","background-position":"center center","background-size":"auto","background-attachment":"scroll","background-type":"","background-media":"","overlay-type":"","overlay-color":"","overlay-opacity":"","overlay-gradient":""}},"ast-content-background-meta":{"desktop":{"background-color":"var(--ast-global-color-5)","background-image":"","background-repeat":"repeat","background-position":"center center","background-size":"auto","background-attachment":"scroll","background-type":"","background-media":"","overlay-type":"","overlay-color":"","overlay-opacity":"","overlay-gradient":""},"tablet":{"background-color":"var(--ast-global-color-5)","background-image":"","background-repeat":"repeat","background-position":"center center","background-size":"auto","background-attachment":"scroll","background-type":"","background-media":"","overlay-type":"","overlay-color":"","overlay-opacity":"","overlay-gradient":""},"mobile":{"background-color":"var(--ast-global-color-5)","background-image":"","background-repeat":"repeat","background-position":"center center","background-size":"auto","background-attachment":"scroll","background-type":"","background-media":"","overlay-type":"","overlay-color":"","overlay-opacity":"","overlay-gradient":""}},"footnotes":""},"categories":[12,13,34,38,4],"tags":[],"class_list":["post-3233","post","type-post","status-publish","format-standard","has-post-thumbnail","hentry","category-3r","category-4t","category-cicle-mitja","category-pcee","category-portada"],"post_mailing_queue_ids":[],"_links":{"self":[{"href":"https:\/\/agora.xtec.cat\/ceip-estel-stguim\/wp-json\/wp\/v2\/posts\/3233","targetHints":{"allow":["GET"]}}],"collection":[{"href":"https:\/\/agora.xtec.cat\/ceip-estel-stguim\/wp-json\/wp\/v2\/posts"}],"about":[{"href":"https:\/\/agora.xtec.cat\/ceip-estel-stguim\/wp-json\/wp\/v2\/types\/post"}],"author":[{"embeddable":true,"href":"https:\/\/agora.xtec.cat\/ceip-estel-stguim\/wp-json\/wp\/v2\/users\/4"}],"replies":[{"embeddable":true,"href":"https:\/\/agora.xtec.cat\/ceip-estel-stguim\/wp-json\/wp\/v2\/comments?post=3233"}],"version-history":[{"count":1,"href":"https:\/\/agora.xtec.cat\/ceip-estel-stguim\/wp-json\/wp\/v2\/posts\/3233\/revisions"}],"predecessor-version":[{"id":3236,"href":"https:\/\/agora.xtec.cat\/ceip-estel-stguim\/wp-json\/wp\/v2\/posts\/3233\/revisions\/3236"}],"wp:featuredmedia":[{"embeddable":true,"href":"https:\/\/agora.xtec.cat\/ceip-estel-stguim\/wp-json\/wp\/v2\/media\/3234"}],"wp:attachment":[{"href":"https:\/\/agora.xtec.cat\/ceip-estel-stguim\/wp-json\/wp\/v2\/media?parent=3233"}],"wp:term":[{"taxonomy":"category","embeddable":true,"href":"https:\/\/agora.xtec.cat\/ceip-estel-stguim\/wp-json\/wp\/v2\/categories?post=3233"},{"taxonomy":"post_tag","embeddable":true,"href":"https:\/\/agora.xtec.cat\/ceip-estel-stguim\/wp-json\/wp\/v2\/tags?post=3233"}],"curies":[{"name":"wp","href":"https:\/\/api.w.org\/{rel}","templated":true}]}}